{"id":219899,"date":"2023-08-28T10:15:49","date_gmt":"2023-08-28T08:15:49","guid":{"rendered":"https:\/\/www.iphone-ticker.de\/?p=219899"},"modified":"2023-08-28T10:15:49","modified_gmt":"2023-08-28T08:15:49","slug":"neu-in-ios-17-hintergrundbilder-mit-weichen-uebergaengen","status":"publish","type":"post","link":"https:\/\/www.iphone-ticker.de\/neu-in-ios-17-hintergrundbilder-mit-weichen-uebergaengen-219899\/","title":{"rendered":"Neu in iOS 17: Hintergrundbilder mit weichen \u00dcberg\u00e4ngen"},"content":{"rendered":"<p>Unter iOS 17 wird Apple die Nutzung von Hintergrundbildern erm\u00f6glichen, die aufgrund ihres Formates bislang nur stark vergr\u00f6\u00dfert eingesetzt werden konnten.<\/p>\n<p><a href=\"https:\/\/images.iphone-ticker.de\/wp-content\/uploads\/2023\/08\/wallpaper-festlegen.jpg\"><img loading=\"lazy\" decoding=\"async\" class=\"aligncenter size-medium wp-image-219901\" src=\"https:\/\/images.iphone-ticker.de\/wp-content\/uploads\/2023\/08\/wallpaper-festlegen-500x500.jpg\" alt=\"Wallpaper Festlegen\" width=\"500\" height=\"500\" srcset=\"https:\/\/images.iphone-ticker.de\/wp-content\/uploads\/2023\/08\/wallpaper-festlegen-500x500.jpg 500w, https:\/\/images.iphone-ticker.de\/wp-content\/uploads\/2023\/08\/wallpaper-festlegen-700x700.jpg 700w, https:\/\/images.iphone-ticker.de\/wp-content\/uploads\/2023\/08\/wallpaper-festlegen-150x150.jpg 150w, https:\/\/images.iphone-ticker.de\/wp-content\/uploads\/2023\/08\/wallpaper-festlegen.jpg 1400w\" sizes=\"auto, (max-width: 500px) 100vw, 500px\" \/><\/a><\/p>\n<p>Die kleine aber begr\u00fc\u00dfenswerte \u00c4nderung in den Systemeinstellungen von iOS 17 sorgt daf\u00fcr, dass sich zuk\u00fcnftig auch Grafiken und Fotos, die nur im Querformat vorliegen, als Wallpaper auf Homescreen und Sperrbildschirm einsetzen lassen.<\/p>\n<p>Werden eben solche Motive ausgew\u00e4hlt, dann &#8222;zwingt&#8220; das iPhone-Betriebssystem seine Anwender nicht mehr dazu, diese so weit zu vergr\u00f6\u00dfern, bis der gesamte Bildschirm ausgef\u00fcllt ist, sondern bietet je nach Motiv, eine automatische Alternative an.<\/p>\n<p>So setzt iOS 17 Farbverl\u00e4ufe nun mit nahtlosen \u00dcberg\u00e4ngen fort und l\u00e4sst zudem einen dezenten Weichzeichner zum Einsatz kommen, der eine kleinere Anzeige des Hauptmotivs zul\u00e4sst, ohne Anwendern schwarze Balken ober- und unterhalb des gew\u00e4hlten Bilds zu pr\u00e4sentieren. Stattdessen werden die im Motiv erkannten Farben fortgef\u00fchrt und erm\u00f6glichen so auch die zentrierte Vollbildansicht eigentlich unpassender Bildformate.<\/p>\n<p><a href=\"https:\/\/images.iphone-ticker.de\/wp-content\/uploads\/2023\/08\/farbverlauf-fotos-scaled.jpg\"><img loading=\"lazy\" decoding=\"async\" class=\"aligncenter size-large wp-image-219900\" src=\"https:\/\/images.iphone-ticker.de\/wp-content\/uploads\/2023\/08\/farbverlauf-fotos-700x700.jpg\" alt=\"Farbverlauf Fotos\" width=\"700\" height=\"700\" srcset=\"https:\/\/images.iphone-ticker.de\/wp-content\/uploads\/2023\/08\/farbverlauf-fotos-700x700.jpg 700w, https:\/\/images.iphone-ticker.de\/wp-content\/uploads\/2023\/08\/farbverlauf-fotos-500x500.jpg 500w, https:\/\/images.iphone-ticker.de\/wp-content\/uploads\/2023\/08\/farbverlauf-fotos-150x150.jpg 150w, https:\/\/images.iphone-ticker.de\/wp-content\/uploads\/2023\/08\/farbverlauf-fotos-1536x1536.jpg 1536w, https:\/\/images.iphone-ticker.de\/wp-content\/uploads\/2023\/08\/farbverlauf-fotos-2048x2048.jpg 2048w\" sizes=\"auto, (max-width: 700px) 100vw, 700px\" \/><\/a><\/p>\n<h6>Links: iOS 16 | Rechts: iOS 17<\/h6>\n<p>Die Ergebnisse h\u00e4ngen dabei allerdings stark von den ausgew\u00e4hlten Bildmotiven, der Skalierung und der Positionierung auf dem Display ab.<\/p>\n<p>Zudem scheint iOS 17 derzeit noch Probleme mit exakt auf den Touchscreen zugeschnittenen Grafiken zu haben und setzt in den aktuellen Vorabversionen von iOS 17 <a href=\"https:\/\/imgur.com\/1JpO9S5\">auch hier den Weichzeichner an<\/a>. Keine Probleme haben Anwender deren Hintergrundbilder etwas gr\u00f6\u00dfer ausfallen als der zur Verf\u00fcgung stehende Platz. Hier werden die Grafiken ohne \u00dcberg\u00e4nge, Weichzeichnungen und fortgesetzte Farbverl\u00e4ufe angezeigt.<\/p>\n<p>Noch ist die neue Wallpaper-Funktion etwas ruckelig, entsprechend ist davon auszugehen, dass Apple hier noch mal Hand anlegen wird.<\/p>\n<p><img loading=\"lazy\" decoding=\"async\" src=\"https:\/\/vg06.met.vgwort.de\/na\/60f6f1260abd450aa153981324455b91\" width=\"1\" height=\"1\" no-lazy class=\"tracking\"><\/p>\n","protected":false},"excerpt":{"rendered":"<a href=\"https:\/\/www.iphone-ticker.de\/neu-in-ios-17-hintergrundbilder-mit-weichen-uebergaengen-219899\/\"><img width=\"150\" height=\"150\" src=\"https:\/\/images.iphone-ticker.de\/wp-content\/uploads\/2023\/08\/wallpaper-ios-17-150x150.jpg\" class=\"alignright tfe wp-post-image\" alt=\"Wallpaper Ios 17\" decoding=\"async\" loading=\"lazy\" \/><\/a><p>Unter iOS 17 wird Apple die Nutzung von Hintergrundbildern erm\u00f6glichen, die aufgrund ihres Formates bislang nur stark vergr\u00f6\u00dfert eingesetzt werden konnten. Die kleine aber begr\u00fc\u00dfenswerte \u00c4nderung in den Systemeinstellungen von iOS 17 sorgt daf\u00fcr, dass sich zuk\u00fcnftig auch Grafiken und Fotos, die nur im Querformat vorliegen, als Wallpaper auf Homescreen und Sperrbildschirm einsetzen lassen. Werden [&hellip;]<\/p>\n","protected":false},"author":1,"featured_media":219902,"comment_status":"open","ping_status":"closed","sticky":false,"template":"","format":"standard","meta":{"footnotes":""},"categories":[1],"tags":[1447,6086,6450,69],"class_list":["post-219899","post","type-post","status-publish","format-standard","has-post-thumbnail","hentry","category-news","tag-hintergrundbild","tag-ios-17","tag-neu-in-ios-17","tag-wallpaper"],"aioseo_notices":[],"featured_image":["https:\/\/images.iphone-ticker.de\/wp-content\/uploads\/2023\/08\/wallpaper-ios-17.jpg"],"subheadline":["Optimal f\u00fcr Querformat-Fotos"],"rest_api_enabler":{"featured_image":"https:\/\/images.iphone-ticker.de\/wp-content\/uploads\/2023\/08\/wallpaper-ios-17.jpg","subheadline":"Optimal f\u00fcr Querformat-Fotos"},"_links":{"self":[{"href":"https:\/\/www.iphone-ticker.de\/apiv2\/wp\/v2\/posts\/219899","targetHints":{"allow":["GET"]}}],"collection":[{"href":"https:\/\/www.iphone-ticker.de\/apiv2\/wp\/v2\/posts"}],"about":[{"href":"https:\/\/www.iphone-ticker.de\/apiv2\/wp\/v2\/types\/post"}],"author":[{"embeddable":true,"href":"https:\/\/www.iphone-ticker.de\/apiv2\/wp\/v2\/users\/1"}],"replies":[{"embeddable":true,"href":"https:\/\/www.iphone-ticker.de\/apiv2\/wp\/v2\/comments?post=219899"}],"version-history":[{"count":1,"href":"https:\/\/www.iphone-ticker.de\/apiv2\/wp\/v2\/posts\/219899\/revisions"}],"predecessor-version":[{"id":219903,"href":"https:\/\/www.iphone-ticker.de\/apiv2\/wp\/v2\/posts\/219899\/revisions\/219903"}],"wp:featuredmedia":[{"embeddable":true,"href":"https:\/\/www.iphone-ticker.de\/apiv2\/wp\/v2\/media\/219902"}],"wp:attachment":[{"href":"https:\/\/www.iphone-ticker.de\/apiv2\/wp\/v2\/media?parent=219899"}],"wp:term":[{"taxonomy":"category","embeddable":true,"href":"https:\/\/www.iphone-ticker.de\/apiv2\/wp\/v2\/categories?post=219899"},{"taxonomy":"post_tag","embeddable":true,"href":"https:\/\/www.iphone-ticker.de\/apiv2\/wp\/v2\/tags?post=219899"}],"curies":[{"name":"wp","href":"https:\/\/api.w.org\/{rel}","templated":true}]}}