{"id":219691,"date":"2023-08-24T15:30:48","date_gmt":"2023-08-24T13:30:48","guid":{"rendered":"https:\/\/www.iphone-ticker.de\/?p=219691"},"modified":"2023-08-30T21:19:14","modified_gmt":"2023-08-30T19:19:14","slug":"usb-c-am-iphone-nur-die-pro-modelle-mit-maximaler-geschwindigkeit","status":"publish","type":"post","link":"https:\/\/www.iphone-ticker.de\/usb-c-am-iphone-nur-die-pro-modelle-mit-maximaler-geschwindigkeit-219691\/","title":{"rendered":"USB-C am iPhone: Nur die Pro-Modelle mit maximaler Geschwindigkeit?"},"content":{"rendered":"<p>Das mit den neuen iPhone-Modellen ausgelieferte Ladekabel ist in diesem Jahr definitiv ein Thema. Es steht au\u00dfer Frage, dass sich Apple von Lightning verabschiedet und das iPhone erstmals mit einem USB-C-Anschluss ausstattet. Den hierf\u00fcr n\u00f6tigen Anschub d\u00fcrfte nicht zuletzt die <a href=\"https:\/\/www.iphone-ticker.de\/europa-hat-entschieden-usb-c-wird-ab-herbst-2024-ladestandard-192318\/\" title=\"EU-Richtlinie f\u00fcr einheitliche Ladeger\u00e4te\">EU-Richtlinie f\u00fcr einheitliche Ladeger\u00e4te<\/a> gegeben haben.<\/p>\n<blockquote class=\"twitter-tweet\">\n<p lang=\"en\" dir=\"ltr\">USB C CABLE ASMR &#x1f92d; <a href=\"https:\/\/t.co\/Hh6RfWRpk6\">pic.twitter.com\/Hh6RfWRpk6<\/a><\/p>\n<p>&mdash; Majin Bu (@MajinBuOfficial) <a href=\"https:\/\/twitter.com\/MajinBuOfficial\/status\/1694021855424786436?ref_src=twsrc%5Etfw\">August 22, 2023<\/a><\/p><\/blockquote>\n<p> <script async src=\"https:\/\/platform.twitter.com\/widgets.js\" charset=\"utf-8\"><\/script><\/p>\n<p>W\u00e4hrend wir im Laufe der Woche bereits <a href=\"https:\/\/www.iphone-ticker.de\/iphone-15-farblich-passende-textilkabel-und-lange-lieferzeiten-219442\/\">erste Bilder<\/a> jener Kabel gesehen haben, die den neuen Ger\u00e4ten voraussichtlich beiliegen, finden sich <a href=\"https:\/\/twitter.com\/MajinBuOfficial\/status\/1694463233183101216\">auf der Kurznachrichtenplattform X<\/a> inzwischen weitere interessante Details. So sollen die neuen Kabel nun deutlich l\u00e4nger sein als dies bislang der Fall war, jedoch nur USB 2.0 unterst\u00fctzen.<\/p>\n<h2>Kabel l\u00e4nger aber nur USB 2.0<\/h2>\n<p>Das neue Endma\u00df von 160 Zentimetern d\u00fcrfte der gr\u00f6\u00dfte Teil der iPhone-Besitzer mit Begeisterung auf nehmen. Auf diese Weise l\u00e4sst sich das mit einem Ladeanschluss verbundene Telefon deutlich flexibler und auch sicherer verwenden, als dies bisher der Fall war. Zudem soll der geflochtene Nylonmantel die Kabel gegen\u00fcber ihrem Vorg\u00e4nger auch um einiges robuster machen.<\/p>\n<p>Zu denken gibt allerdings die Tatsache, dass die vorab kursierenden Kabel lediglich den Standard USB 2.0 und damit wie Apples Lightning-Standard lediglich \u00dcbertragungsraten von maximal 480 MBit\/s unterst\u00fctzen.<\/p>\n<blockquote class=\"twitter-tweet\">\n<p lang=\"en\" dir=\"ltr\">New iPhone 15 USB C Cable Info Confirmed <br \/>1.6M long<br \/>16Pins <br \/>Thicker and more resistant<br \/>USB 2.0 20V3A <br \/>No MFI <a href=\"https:\/\/t.co\/WV4unodWPg\">pic.twitter.com\/WV4unodWPg<\/a><\/p>\n<p>&mdash; Majin Bu (@MajinBuOfficial) <a href=\"https:\/\/twitter.com\/MajinBuOfficial\/status\/1694463233183101216?ref_src=twsrc%5Etfw\">August 23, 2023<\/a><\/p><\/blockquote>\n<p> <script async src=\"https:\/\/platform.twitter.com\/widgets.js\" charset=\"utf-8\"><\/script><\/p>\n<p>Dieser Umstand l\u00e4dt nat\u00fcrlich zu allerlei Spekulationen ein. Allem voran macht dabei die These die Runde, dass Apple bei den Anschl\u00fcssen und Kabeln f\u00fcr die Standardmodelle iPhone 15 und iPhone 15 Plus auf USB 2.0 setzt, w\u00e4hrend die Modelle iPhone 15 Pro und iPhone 15 Pro Max die M\u00f6glichkeit zum Datentransfer \u00fcber USB 3.0 oder h\u00f6her bieten. Hier w\u00e4ren dann in der Theorie Geschwindigkeiten von bis zu 5 GBit\/s &#8211; also mehr als das Zehnfache von USB 2.0 m\u00f6glich.<\/p>\n<p>Die ersten Tests mit den neuen Kabeln best\u00e4tigen auch, dass Apple mit Lightning auch seine bisherige Schnittstellenpolitik \u00fcber Bord werfen muss. Die Kabel verzichten auf die bei Lightning von Apple zwingend vorausgesetzte \u201eMade for iPhone\u201c-Zertifizierung.<img loading=\"lazy\" decoding=\"async\" src=\"https:\/\/vg07.met.vgwort.de\/na\/6c2a75d13c5044728ed63f6705a83e46\" width=\"1\" height=\"1\" no-lazy class=\"tracking\"><\/p>\n","protected":false},"excerpt":{"rendered":"<a href=\"https:\/\/www.iphone-ticker.de\/usb-c-am-iphone-nur-die-pro-modelle-mit-maximaler-geschwindigkeit-219691\/\"><img width=\"150\" height=\"150\" src=\"https:\/\/images.iphone-ticker.de\/wp-content\/uploads\/2023\/08\/iphone-15-kabel-feature-150x150.jpg\" class=\"alignright tfe wp-post-image\" alt=\"Iphone 15 Kabel Feature\" decoding=\"async\" loading=\"lazy\" \/><\/a><p>Das mit den neuen iPhone-Modellen ausgelieferte Ladekabel ist in diesem Jahr definitiv ein Thema. Es steht au\u00dfer Frage, dass sich Apple von Lightning verabschiedet und das iPhone erstmals mit einem USB-C-Anschluss ausstattet. Den hierf\u00fcr n\u00f6tigen Anschub d\u00fcrfte nicht zuletzt die EU-Richtlinie f\u00fcr einheitliche Ladeger\u00e4te gegeben haben. USB C CABLE ASMR &#x1f92d; pic.twitter.com\/Hh6RfWRpk6 &mdash; Majin Bu [&hellip;]<\/p>\n","protected":false},"author":2,"featured_media":219695,"comment_status":"open","ping_status":"closed","sticky":false,"template":"","format":"standard","meta":{"footnotes":""},"categories":[749,1975],"tags":[6237,258,3140],"class_list":["post-219691","post","type-post","status-publish","format-standard","has-post-thumbnail","hentry","category-iphone-2","category-feature","tag-iphone-15","tag-kabel","tag-usb-c"],"aioseo_notices":[],"subheadline":["Kabel unterst\u00fctzen nur USB 2.0","Kabel unterst\u00fctzen nur USB 2.0","Kabel unterst\u00fctzen nur USB 2.0"],"featured_image":["https:\/\/images.iphone-ticker.de\/wp-content\/uploads\/2023\/08\/iphone-15-kabel-feature-1.jpg"],"rest_api_enabler":{"subheadline":["Kabel unterst\u00fctzen nur USB 2.0","Kabel unterst\u00fctzen nur USB 2.0","Kabel unterst\u00fctzen nur USB 2.0"],"featured_image":"https:\/\/images.iphone-ticker.de\/wp-content\/uploads\/2023\/08\/iphone-15-kabel-feature-1.jpg"},"_links":{"self":[{"href":"https:\/\/www.iphone-ticker.de\/apiv2\/wp\/v2\/posts\/219691","targetHints":{"allow":["GET"]}}],"collection":[{"href":"https:\/\/www.iphone-ticker.de\/apiv2\/wp\/v2\/posts"}],"about":[{"href":"https:\/\/www.iphone-ticker.de\/apiv2\/wp\/v2\/types\/post"}],"author":[{"embeddable":true,"href":"https:\/\/www.iphone-ticker.de\/apiv2\/wp\/v2\/users\/2"}],"replies":[{"embeddable":true,"href":"https:\/\/www.iphone-ticker.de\/apiv2\/wp\/v2\/comments?post=219691"}],"version-history":[{"count":6,"href":"https:\/\/www.iphone-ticker.de\/apiv2\/wp\/v2\/posts\/219691\/revisions"}],"predecessor-version":[{"id":219715,"href":"https:\/\/www.iphone-ticker.de\/apiv2\/wp\/v2\/posts\/219691\/revisions\/219715"}],"wp:featuredmedia":[{"embeddable":true,"href":"https:\/\/www.iphone-ticker.de\/apiv2\/wp\/v2\/media\/219695"}],"wp:attachment":[{"href":"https:\/\/www.iphone-ticker.de\/apiv2\/wp\/v2\/media?parent=219691"}],"wp:term":[{"taxonomy":"category","embeddable":true,"href":"https:\/\/www.iphone-ticker.de\/apiv2\/wp\/v2\/categories?post=219691"},{"taxonomy":"post_tag","embeddable":true,"href":"https:\/\/www.iphone-ticker.de\/apiv2\/wp\/v2\/tags?post=219691"}],"curies":[{"name":"wp","href":"https:\/\/api.w.org\/{rel}","templated":true}]}}