{"id":219674,"date":"2023-08-24T12:38:21","date_gmt":"2023-08-24T10:38:21","guid":{"rendered":"https:\/\/www.iphone-ticker.de\/?p=219674"},"modified":"2023-08-24T12:42:05","modified_gmt":"2023-08-24T10:42:05","slug":"airbell-airtag-fahrradklingel-jetzt-ab-14-euro-erhaeltlich","status":"publish","type":"post","link":"https:\/\/www.iphone-ticker.de\/airbell-airtag-fahrradklingel-jetzt-ab-14-euro-erhaeltlich-219674\/","title":{"rendered":"AirBell: AirTag-Fahrradklingel jetzt ab 14 Euro erh\u00e4ltlich"},"content":{"rendered":"<p>Gestern haben wir ja die neuen <a href=\"https:\/\/www.ifun.de\/neue-kickscooter-von-ninebot-kommen-mit-wo-ist-unterstuetzung-216767\/\" title=\"Neue KickScooter von Ninebot kommen mit \u201eWo ist?\u201c-Unterst\u00fctzung\">KickScooter von Ninebot<\/a> mit \u201eWo ist?\u201c-Integration erw\u00e4hnt. Wenn ihr einen Roller oder ein Fahrrad ohne diesen Luxus besitzt, dies aber dennoch gerne auch \u00fcber die \u201eWo ist?\u201c-App orten wollt, stellt die <a rel=\"noindex, nofollow\" href=\"http:\/\/www.ifun.de\/amzn\/B09MFPPYC6\">AirBell<\/a> eine gute Alternative dar.<\/p>\n<p>Aktuell ist das \u201eAirTag-Versteck\u201c mit nennenswertem Preisnachlass zu haben. F\u00fcr die mit den meisten Fahrr\u00e4dern kompatible <a rel=\"noindex, nofollow\" href=\"http:\/\/www.ifun.de\/amzn\/B09MFPPYC6\">Standardversion<\/a> bezahlt ihr 14,35 Euro, die Variante <a rel=\"noindex, nofollow\" href=\"http:\/\/www.ifun.de\/amzn\/B0B6WDY6FS\">mit etwas gr\u00f6\u00dferem Durchmesser<\/a> ist f\u00fcr 15,99 Euro erh\u00e4ltlich. Regul\u00e4r sind beide Modelle mit 19,99 Euro bepreist.<\/p>\n<p><a href=\"https:\/\/images.iphone-ticker.de\/wp-content\/uploads\/2022\/06\/airbell-airtag.jpg\"><img loading=\"lazy\" decoding=\"async\" src=\"https:\/\/images.iphone-ticker.de\/wp-content\/uploads\/2022\/06\/airbell-airtag-700x518.jpg\" alt=\"Airbell Airtag\" width=\"700\" height=\"518\" class=\"alignnone size-large wp-image-192125\" srcset=\"https:\/\/images.iphone-ticker.de\/wp-content\/uploads\/2022\/06\/airbell-airtag-700x518.jpg 700w, https:\/\/images.iphone-ticker.de\/wp-content\/uploads\/2022\/06\/airbell-airtag-500x370.jpg 500w, https:\/\/images.iphone-ticker.de\/wp-content\/uploads\/2022\/06\/airbell-airtag.jpg 1400w\" sizes=\"auto, (max-width: 700px) 100vw, 700px\" \/><\/a><\/p>\n<p>Optisch und funktionell unterscheidet sich die AirBell eigentlich nicht von einer gew\u00f6hnlichen Fahrradklingel. Allerdings kann man die Glocke mit dem beiliegenden Werkzeug \u00f6ffnen und einen AirTag darin verstecken. Die Tatsache, dass der Sockel der AirBell aus Kunststoff gefertigt reicht aus, dass sich der AirTag mit in der N\u00e4he befindlichen Apple-Ger\u00e4ten verbinden und auf diese Weise seinen Standort an Apples \u201eWo ist?\u201c-Netzwerk \u00fcbertragen kann. Wir haben die AirBell selbst im Einsatz und die Standort\u00fcbermittlung funktioniert bislang absolut zuverl\u00e4ssig.<\/p>\n<h2>Die richtige Gr\u00f6\u00dfe w\u00e4hlen<\/h2>\n<p>Falls ihr euch zum Kauf der AirBell entschlie\u00dft, beachtet wie eingangs erw\u00e4hnt, dass es zwei verschiedene Versionen der Klingel f\u00fcr unterschiedliche Durchmesser der Lenkstange gibt. Der aktuelle Preis ist auf jeden Fall in Ordnung. Anfangs wurde die AirBell noch f\u00fcr 24,99 Euro verkauft, zwischenzeitlich haben die Anbieter den offiziellen Verkaufspreis dann auf 19,99 Euro gesenkt.<\/p>\n<p><a href=\"https:\/\/images.iphone-ticker.de\/wp-content\/uploads\/2023\/08\/airbell-varianten.jpg\"><img loading=\"lazy\" decoding=\"async\" src=\"https:\/\/images.iphone-ticker.de\/wp-content\/uploads\/2023\/08\/airbell-varianten-700x571.jpg\" alt=\"Airbell Varianten\" width=\"700\" height=\"571\" class=\"alignnone size-large wp-image-219677\" srcset=\"https:\/\/images.iphone-ticker.de\/wp-content\/uploads\/2023\/08\/airbell-varianten-700x571.jpg 700w, https:\/\/images.iphone-ticker.de\/wp-content\/uploads\/2023\/08\/airbell-varianten-500x408.jpg 500w, https:\/\/images.iphone-ticker.de\/wp-content\/uploads\/2023\/08\/airbell-varianten.jpg 1200w\" sizes=\"auto, (max-width: 700px) 100vw, 700px\" \/><\/a><\/p>\n<p>Nat\u00fcrlich wird in Verbindung mit der AirBell auch ein AirTag ben\u00f6tigt. Offiziell will Apple hier ja 39 Euro haben. <a rel=\"noindex, nofollow\" href=\"http:\/\/www.ifun.de\/amzn\/B0935DN1BN\">Bei Amazon<\/a> bekommt man den AirTag einzeln derzeit schon f\u00fcr 32,33 Euro, der Preis f\u00fcr das 4er-Pack liegt hier aktuell bei 105,70 Euro.<\/p>\n<p>Als konkreten Diebstahlschutz darf man einen AirTag &#8211; egal wo platziert &#8211; nicht bewerten. Allerdings kommt es trotz der von Apple integrierten Anti-Tracking-Vorkehrungen immer wieder zu Meldungen \u00fcber Diebst\u00e4hle, die dank eines versteckten AirTags aufgekl\u00e4rt wurden.<img loading=\"lazy\" decoding=\"async\" src=\"https:\/\/vg07.met.vgwort.de\/na\/144e720e508d4aeda0f63cb6ecfb3c86\" width=\"1\" height=\"1\" no-lazy class=\"tracking\"><\/p>\n<script>\r\n  function open_amazon(link) {\r\n    if (navigator.userAgent.indexOf(\"Firefox\") != -1) {\r\n      window.open(link, '_blank');\r\n    } else {\r\n      var tag = document.createElement('a');\r\n      tag.setAttribute('href', link);\r\n      tag.innerHTML = \"amzn\";\r\n      tag.click();\r\n    }\r\n  }\r\n<\/script>\r\n    <div id=\"article-single-amazon-preview\" onclick=\"return open_amazon('https:\/\/www.amazon.de\/dp\/B09MFPPYC6?tag=musicweb02&linkCode=ogi&th=1&psc=1');\">\n  <div id=\"article-single-amazon-preview-header\">\n    <span class=\"title\">Produkthinweis<\/span>\n      <\/div>\n  <div id=\"article-single-amazon-preview-content\">\n    <div id=\"article-single-amazon-preview-img\" style=\"background: url('https:\/\/m.media-amazon.com\/images\/I\/41frr6dTpTL.jpg') center center no-repeat; background-size: cover;\"><\/div>\n    <div id=\"article-single-amazon-preview-desc\">\n      <span class=\"bezeichnung\"><a href=\"https:\/\/www.amazon.de\/dp\/B09MFPPYC6?tag=musicweb02&linkCode=ogi&th=1&psc=1\" style=\"text-decoration: none; border-bottom: 0px; box-shadow: none;\">AIRBELL Fahrradklingel f\u00fcr Apple AirTag und AirTag 2-22,2mm Durchmesser - Halterung in Klingel Versteckt - Fahrrad...<\/a><\/span>\n      <span class=\"preis--aktuell\">16,99 EUR<\/span>\n      <span class=\"preis--alt\">19,99 EUR<\/span>\n    <\/div>\n  <\/div>\n<\/div>\n","protected":false},"excerpt":{"rendered":"<a href=\"https:\/\/www.iphone-ticker.de\/airbell-airtag-fahrradklingel-jetzt-ab-14-euro-erhaeltlich-219674\/\"><img width=\"150\" height=\"150\" src=\"https:\/\/images.iphone-ticker.de\/wp-content\/uploads\/2023\/08\/airbell-varianten-150x150.jpg\" class=\"alignright tfe wp-post-image\" alt=\"Airbell Varianten\" decoding=\"async\" loading=\"lazy\" \/><\/a><p>Gestern haben wir ja die neuen KickScooter von Ninebot mit \u201eWo ist?\u201c-Integration erw\u00e4hnt. Wenn ihr einen Roller oder ein Fahrrad ohne diesen Luxus besitzt, dies aber dennoch gerne auch \u00fcber die \u201eWo ist?\u201c-App orten wollt, stellt die AirBell eine gute Alternative dar. Aktuell ist das \u201eAirTag-Versteck\u201c mit nennenswertem Preisnachlass zu haben. F\u00fcr die mit den [&hellip;]<\/p>\n","protected":false},"author":2,"featured_media":219677,"comment_status":"open","ping_status":"closed","sticky":false,"template":"","format":"standard","meta":{"footnotes":""},"categories":[1],"tags":[],"class_list":["post-219674","post","type-post","status-publish","format-standard","has-post-thumbnail","hentry","category-news"],"aioseo_notices":[],"subheadline":["Tracker-Versteck mit Zusatzfunktion"],"featured_image":["https:\/\/images.iphone-ticker.de\/wp-content\/uploads\/2022\/06\/airbell-feature.jpg"],"rest_api_enabler":{"subheadline":"Tracker-Versteck mit Zusatzfunktion","featured_image":"https:\/\/images.iphone-ticker.de\/wp-content\/uploads\/2022\/06\/airbell-feature.jpg"},"_links":{"self":[{"href":"https:\/\/www.iphone-ticker.de\/apiv2\/wp\/v2\/posts\/219674","targetHints":{"allow":["GET"]}}],"collection":[{"href":"https:\/\/www.iphone-ticker.de\/apiv2\/wp\/v2\/posts"}],"about":[{"href":"https:\/\/www.iphone-ticker.de\/apiv2\/wp\/v2\/types\/post"}],"author":[{"embeddable":true,"href":"https:\/\/www.iphone-ticker.de\/apiv2\/wp\/v2\/users\/2"}],"replies":[{"embeddable":true,"href":"https:\/\/www.iphone-ticker.de\/apiv2\/wp\/v2\/comments?post=219674"}],"version-history":[{"count":9,"href":"https:\/\/www.iphone-ticker.de\/apiv2\/wp\/v2\/posts\/219674\/revisions"}],"predecessor-version":[{"id":219689,"href":"https:\/\/www.iphone-ticker.de\/apiv2\/wp\/v2\/posts\/219674\/revisions\/219689"}],"wp:featuredmedia":[{"embeddable":true,"href":"https:\/\/www.iphone-ticker.de\/apiv2\/wp\/v2\/media\/219677"}],"wp:attachment":[{"href":"https:\/\/www.iphone-ticker.de\/apiv2\/wp\/v2\/media?parent=219674"}],"wp:term":[{"taxonomy":"category","embeddable":true,"href":"https:\/\/www.iphone-ticker.de\/apiv2\/wp\/v2\/categories?post=219674"},{"taxonomy":"post_tag","embeddable":true,"href":"https:\/\/www.iphone-ticker.de\/apiv2\/wp\/v2\/tags?post=219674"}],"curies":[{"name":"wp","href":"https:\/\/api.w.org\/{rel}","templated":true}]}}