{"id":218530,"date":"2023-08-08T06:53:44","date_gmt":"2023-08-08T04:53:44","guid":{"rendered":"https:\/\/www.iphone-ticker.de\/?p=218530"},"modified":"2023-08-14T08:32:14","modified_gmt":"2023-08-14T06:32:14","slug":"iphone-15-pro-erst-bilder-bestaetigen-action-taste","status":"publish","type":"post","link":"https:\/\/www.iphone-ticker.de\/iphone-15-pro-erst-bilder-bestaetigen-action-taste-218530\/","title":{"rendered":"iPhone 15 Pro: Erste Schutzh\u00fcllen best\u00e4tigen Action-Taste"},"content":{"rendered":"<p>Gute sechs Wochen vor dem erwarteten Marktstart des iPhone 15 Pro kursieren inzwischen Fotos erster MagSafe-Schutzh\u00fcllen, die offenbar f\u00fcr die n\u00e4chste iPhone-Generation gedacht sind.<a href=\"https:\/\/images.iphone-ticker.de\/wp-content\/uploads\/2023\/08\/schutzhuellen-iphone-15.jpg\"><img loading=\"lazy\" decoding=\"async\" class=\"aligncenter size-medium wp-image-218532\" src=\"https:\/\/images.iphone-ticker.de\/wp-content\/uploads\/2023\/08\/schutzhuellen-iphone-15-500x472.jpg\" alt=\"Schutzhuellen Iphone 15\" width=\"500\" height=\"472\" srcset=\"https:\/\/images.iphone-ticker.de\/wp-content\/uploads\/2023\/08\/schutzhuellen-iphone-15-500x472.jpg 500w, https:\/\/images.iphone-ticker.de\/wp-content\/uploads\/2023\/08\/schutzhuellen-iphone-15-700x661.jpg 700w, https:\/\/images.iphone-ticker.de\/wp-content\/uploads\/2023\/08\/schutzhuellen-iphone-15.jpg 863w\" sizes=\"auto, (max-width: 500px) 100vw, 500px\" \/><\/a><\/p>\n<p>Ver\u00f6ffentlicht auf dem Kurznachrichten-Portal Twitter, zeigen die auf dem einschl\u00e4gigen Profil <a href=\"https:\/\/twitter.com\/MajinBuOfficial\/status\/1688123941485723648\">@MajinBuOfficial<\/a> pr\u00e4sentierten Bilder insgesamt drei H\u00fcllen in Gr\u00fcn, Schwarz und einem dunklen Blau, die vor allem durch eine anderen Anordnung der seitlichen Tastenabdeckungen auffallen.<\/p>\n<p>Wie erwartet fehlen den Schutzh\u00fcllen die Aussparungen oberhalb der Lautst\u00e4rketasten zum Zugriff auf den Stummschalter. Stattdessen ist hier nun eine dritte Taste eingelassen, was die seit einigen Wochen hartn\u00e4ckig verbreiteten Ger\u00fcchte um die Integration einer neuen Action-Taste zu best\u00e4tigen scheint.<\/p>\n<p><a href=\"https:\/\/images.iphone-ticker.de\/wp-content\/uploads\/2023\/08\/iphone-15-pro-cases.jpg\"><img loading=\"lazy\" decoding=\"async\" class=\"aligncenter size-large wp-image-218533\" src=\"https:\/\/images.iphone-ticker.de\/wp-content\/uploads\/2023\/08\/iphone-15-pro-cases-700x491.jpg\" alt=\"Iphone 15 Pro Cases\" width=\"700\" height=\"491\" srcset=\"https:\/\/images.iphone-ticker.de\/wp-content\/uploads\/2023\/08\/iphone-15-pro-cases-700x491.jpg 700w, https:\/\/images.iphone-ticker.de\/wp-content\/uploads\/2023\/08\/iphone-15-pro-cases-500x350.jpg 500w, https:\/\/images.iphone-ticker.de\/wp-content\/uploads\/2023\/08\/iphone-15-pro-cases-1536x1077.jpg 1536w, https:\/\/images.iphone-ticker.de\/wp-content\/uploads\/2023\/08\/iphone-15-pro-cases-2048x1436.jpg 2048w\" sizes=\"auto, (max-width: 700px) 100vw, 700px\" \/><\/a><\/p>\n<h2>Konfigurierbare Hardware-Taste<\/h2>\n<p>In Anlehnung an die Action-Taste der Apple Watch Ultra soll in diesem Jahr auch das iPhone mit einer neuen Action-Taste ausgestattet werden, deren Funktion sich individuell konfigurieren lassen soll. Statt lediglich den Stumm-Modus ein- und ausschalten zu k\u00f6nnen, w\u00fcrde sich der zus\u00e4tzliche Knopf dann auch zum aktivieren der Taschenlampe und zum Start der Kamera nutzen lassen.<\/p>\n<p>Apple selbst hat in den aktuellen Vorabversionen von iOS 17 ganze neun Funktionen vorbereitet, die zur Konfiguration der Action-Taste vorgesehen sind: Bedienungshilfen, Fokus, Kamera, Kurzbefehle, Lupe, Sprachmemos, Stummschalter, Taschenlampe und \u00dcbersetzer. ifun.de berichtete:<\/p>\n<ul>\n<li><strong>Mit 9 Funktionen:<\/strong> <a href=\"https:\/\/www.iphone-ticker.de\/iphone-15-soll-action-taste-bekommen-mit-diesen-9-funktionen-217662\/\">iPhone 15 soll Action-Taste bekommen<\/a><\/li>\n<\/ul>\n<h2>Umfangreichere \u00c4nderungen geplant<\/h2>\n<p>Eigentlich soll Cupertino auch geplant haben, die mechanischen Tasten in diesem Jahr auch durch ber\u00fchrungsempfindliche, ansonsten aber vollst\u00e4ndig <a href=\"https:\/\/www.iphone-ticker.de\/iphone-15-apple-soll-tasten-durch-vibrationen-ersetzen-201056\/\">fixierte Kn\u00f6pfe zu ersetzen<\/a>.<\/p>\n<p>Die Idee f\u00fcr eine bessere Wasserfestigkeit des iPhones soll jedoch an Herausforderungen bei der Fertigung gescheitert sein und wurde kurz vor Beginn der Massenproduktion <a href=\"https:\/\/www.iphone-ticker.de\/apple-zieht-die-notbremse-iphone-15-wohl-doch-mit-klassischen-tasten-210707\/\">wieder zur\u00fcckgezogen<\/a>.<\/p>\n<p><img loading=\"lazy\" decoding=\"async\" src=\"https:\/\/vg07.met.vgwort.de\/na\/ef930c942fce442487075e0b755063ef\" width=\"1\" height=\"1\" no-lazy class=\"tracking\"><\/p>\n","protected":false},"excerpt":{"rendered":"<a href=\"https:\/\/www.iphone-ticker.de\/iphone-15-pro-erst-bilder-bestaetigen-action-taste-218530\/\"><img width=\"150\" height=\"150\" src=\"https:\/\/images.iphone-ticker.de\/wp-content\/uploads\/2023\/08\/iphone-15-cases-feature-150x150.jpg\" class=\"alignright tfe wp-post-image\" alt=\"Iphone 15 Cases Feature\" decoding=\"async\" loading=\"lazy\" \/><\/a><p>Gute sechs Wochen vor dem erwarteten Marktstart des iPhone 15 Pro kursieren inzwischen Fotos erster MagSafe-Schutzh\u00fcllen, die offenbar f\u00fcr die n\u00e4chste iPhone-Generation gedacht sind. Ver\u00f6ffentlicht auf dem Kurznachrichten-Portal Twitter, zeigen die auf dem einschl\u00e4gigen Profil @MajinBuOfficial pr\u00e4sentierten Bilder insgesamt drei H\u00fcllen in Gr\u00fcn, Schwarz und einem dunklen Blau, die vor allem durch eine anderen Anordnung [&hellip;]<\/p>\n","protected":false},"author":1,"featured_media":218534,"comment_status":"open","ping_status":"closed","sticky":false,"template":"","format":"standard","meta":{"footnotes":""},"categories":[1,1975],"tags":[2064,6237,3910],"class_list":["post-218530","post","type-post","status-publish","format-standard","has-post-thumbnail","hentry","category-news","category-feature","tag-geruechte","tag-iphone-15","tag-rumors"],"aioseo_notices":[],"subheadline":["Umfangreichere \u00c4nderungen geplant","Umfangreichere \u00c4nderungen geplant"],"featured_image":["https:\/\/images.iphone-ticker.de\/wp-content\/uploads\/2023\/08\/iphone-15-cases-feature.jpg"],"rest_api_enabler":{"subheadline":["Umfangreichere \u00c4nderungen geplant","Umfangreichere \u00c4nderungen geplant"],"featured_image":"https:\/\/images.iphone-ticker.de\/wp-content\/uploads\/2023\/08\/iphone-15-cases-feature.jpg"},"_links":{"self":[{"href":"https:\/\/www.iphone-ticker.de\/apiv2\/wp\/v2\/posts\/218530","targetHints":{"allow":["GET"]}}],"collection":[{"href":"https:\/\/www.iphone-ticker.de\/apiv2\/wp\/v2\/posts"}],"about":[{"href":"https:\/\/www.iphone-ticker.de\/apiv2\/wp\/v2\/types\/post"}],"author":[{"embeddable":true,"href":"https:\/\/www.iphone-ticker.de\/apiv2\/wp\/v2\/users\/1"}],"replies":[{"embeddable":true,"href":"https:\/\/www.iphone-ticker.de\/apiv2\/wp\/v2\/comments?post=218530"}],"version-history":[{"count":3,"href":"https:\/\/www.iphone-ticker.de\/apiv2\/wp\/v2\/posts\/218530\/revisions"}],"predecessor-version":[{"id":218537,"href":"https:\/\/www.iphone-ticker.de\/apiv2\/wp\/v2\/posts\/218530\/revisions\/218537"}],"wp:featuredmedia":[{"embeddable":true,"href":"https:\/\/www.iphone-ticker.de\/apiv2\/wp\/v2\/media\/218534"}],"wp:attachment":[{"href":"https:\/\/www.iphone-ticker.de\/apiv2\/wp\/v2\/media?parent=218530"}],"wp:term":[{"taxonomy":"category","embeddable":true,"href":"https:\/\/www.iphone-ticker.de\/apiv2\/wp\/v2\/categories?post=218530"},{"taxonomy":"post_tag","embeddable":true,"href":"https:\/\/www.iphone-ticker.de\/apiv2\/wp\/v2\/tags?post=218530"}],"curies":[{"name":"wp","href":"https:\/\/api.w.org\/{rel}","templated":true}]}}