{"id":218365,"date":"2023-08-04T07:35:20","date_gmt":"2023-08-04T05:35:20","guid":{"rendered":"https:\/\/www.iphone-ticker.de\/?p=218365"},"modified":"2023-08-04T07:35:36","modified_gmt":"2023-08-04T05:35:36","slug":"iphone-15-apple-event-steigt-wohl-am-13-september","status":"publish","type":"post","link":"https:\/\/www.iphone-ticker.de\/iphone-15-apple-event-steigt-wohl-am-13-september-218365\/","title":{"rendered":"iPhone 15: Apple-Event steigt wohl am 13. September"},"content":{"rendered":"<p>Um die Vorstellung neuer iPhone-Modelle vorauszusagen braucht es keine hellseherischen F\u00e4higkeiten. Als Faustregel gilt seit Jahren: Apple w\u00e4hlt wenn m\u00f6glich die zweite volle Septemberwoche und entscheidet sich in dieser in der Regel f\u00fcr einen Dienstag oder Mittwoch, um die jeweils neueste Ger\u00e4te-Generation in den Markt einzuf\u00fchren.<\/p>\n<p><a href=\"https:\/\/images.iphone-ticker.de\/wp-content\/uploads\/2018\/10\/apple-event-new-york.jpg\"><img loading=\"lazy\" decoding=\"async\" class=\"aligncenter size-full wp-image-133136\" src=\"https:\/\/images.iphone-ticker.de\/wp-content\/uploads\/2018\/10\/apple-event-new-york.jpg\" alt=\"Apple Event New York\" width=\"500\" height=\"281\" srcset=\"https:\/\/images.iphone-ticker.de\/wp-content\/uploads\/2018\/10\/apple-event-new-york.jpg 500w, https:\/\/images.iphone-ticker.de\/wp-content\/uploads\/2018\/10\/apple-event-new-york-300x169.jpg 300w\" sizes=\"auto, (max-width: 500px) 100vw, 500px\" \/><\/a><\/p>\n<h2>Nur noch 40 Tage Wartezeit<\/h2>\n<p>In diesem Jahr w\u00e4re also die 37. Kalenderwoche pr\u00e4destiniert, zur Auswahl st\u00fcnden hier Dienstag der 12. September und Mittwoch der 13. September. Auch der anschlie\u00dfende Ablauf ist bekannt: Nach der Pr\u00e4sentation der neuen iPhone-Modelle l\u00e4dt Apple am sich anschlie\u00dfenden Freitag zur Vorbestellung, am Freitag in der Woche darauf werden die ersten Ger\u00e4te ausgeliefert und der Ladenverkauf in den Apple-Store-Filialen l\u00e4uft in den wichtigsten M\u00e4rkten weltweit an.<\/p>\n<p>Wie es nun aus Kreisen amerikanischer Mobilfunk-Anbieter hei\u00dft, soll Apple in diesem Jahr den 13. September f\u00fcr die Vorstellung des iPhone 15 ausgew\u00e4hlt haben &#8211; damit w\u00fcrde das Apple-Event bereits in 40 Tagen starten.<\/p>\n<h2>13. September gilt als gesetzt<\/h2>\n<p>Wegen der Ank\u00fcndigung eines wichtigen Smartphones, hei\u00dft es <a href=\"https:\/\/9to5mac.com\/2023\/08\/03\/sources-iphone-15-event-september\/\">in der Ger\u00fcchtek\u00fcche<\/a>, w\u00fcrden mehrere Mobilfunkanbieter ihre Mitarbeiter darum gebeten haben, sich am 13. September keinen freien Tag zu nehmen, sondern zum Dienst zu erscheinen.<\/p>\n<p>Apple wird in diesem Jahr das iPhone 15 in den Markt einf\u00fchren, das vor allem auf Neuerungen im Ger\u00e4te-Inneren setzen wird. Erwartet werden ein neues Kamera-System, eine deutlich reparaturfreundlichere Anordnung der verbauten Komponenten, ein neues Akku-Format, neue Ger\u00e4te-Farben, ein d\u00fcnnerer Ger\u00e4te-Rahmen, eine frei konfigurierbare Action-Taste und ein neuer Material-Mix.<\/p>\n<p>Neben dem iPhone 15 d\u00fcrfte Apple auch neue Modelle der Apple Watch und der Apple Watch Ultra pr\u00e4sentieren.<\/p>\n<p><img loading=\"lazy\" decoding=\"async\" src=\"https:\/\/vg07.met.vgwort.de\/na\/51224aa51ace4e358a72028267f2ce58\" width=\"1\" height=\"1\" no-lazy class=\"tracking\"><\/p>\n","protected":false},"excerpt":{"rendered":"<a href=\"https:\/\/www.iphone-ticker.de\/iphone-15-apple-event-steigt-wohl-am-13-september-218365\/\"><img decoding=\"async\" width=\"150\" src=\"https:\/\/images.iphone-ticker.de\/wp-content\/uploads\/2018\/10\/apple-event-new-york.jpg\" class=\"alignright wp-post-image tfe\" alt=\"Apple Event New York\" title=\"\" \/><\/a><p>Um die Vorstellung neuer iPhone-Modelle vorauszusagen braucht es keine hellseherischen F\u00e4higkeiten. Als Faustregel gilt seit Jahren: Apple w\u00e4hlt wenn m\u00f6glich die zweite volle Septemberwoche und entscheidet sich in dieser in der Regel f\u00fcr einen Dienstag oder Mittwoch, um die jeweils neueste Ger\u00e4te-Generation in den Markt einzuf\u00fchren. Nur noch 40 Tage Wartezeit In diesem Jahr w\u00e4re [&hellip;]<\/p>\n","protected":false},"author":1,"featured_media":0,"comment_status":"open","ping_status":"closed","sticky":false,"template":"","format":"standard","meta":{"footnotes":""},"categories":[1],"tags":[3912,2064,3910],"class_list":["post-218365","post","type-post","status-publish","format-standard","hentry","category-news","tag-apple","tag-geruechte","tag-rumors"],"aioseo_notices":[],"subheadline":["Nur noch 40 Tage Wartezeit","Nur noch 40 Tage Wartezeit"],"featured_image":["https:\/\/images.iphone-ticker.de\/wp-content\/uploads\/2015\/12\/event.jpg"],"rest_api_enabler":{"subheadline":["Nur noch 40 Tage Wartezeit","Nur noch 40 Tage Wartezeit"],"featured_image":"https:\/\/images.iphone-ticker.de\/wp-content\/uploads\/2015\/12\/event.jpg"},"_links":{"self":[{"href":"https:\/\/www.iphone-ticker.de\/apiv2\/wp\/v2\/posts\/218365","targetHints":{"allow":["GET"]}}],"collection":[{"href":"https:\/\/www.iphone-ticker.de\/apiv2\/wp\/v2\/posts"}],"about":[{"href":"https:\/\/www.iphone-ticker.de\/apiv2\/wp\/v2\/types\/post"}],"author":[{"embeddable":true,"href":"https:\/\/www.iphone-ticker.de\/apiv2\/wp\/v2\/users\/1"}],"replies":[{"embeddable":true,"href":"https:\/\/www.iphone-ticker.de\/apiv2\/wp\/v2\/comments?post=218365"}],"version-history":[{"count":2,"href":"https:\/\/www.iphone-ticker.de\/apiv2\/wp\/v2\/posts\/218365\/revisions"}],"predecessor-version":[{"id":218367,"href":"https:\/\/www.iphone-ticker.de\/apiv2\/wp\/v2\/posts\/218365\/revisions\/218367"}],"wp:attachment":[{"href":"https:\/\/www.iphone-ticker.de\/apiv2\/wp\/v2\/media?parent=218365"}],"wp:term":[{"taxonomy":"category","embeddable":true,"href":"https:\/\/www.iphone-ticker.de\/apiv2\/wp\/v2\/categories?post=218365"},{"taxonomy":"post_tag","embeddable":true,"href":"https:\/\/www.iphone-ticker.de\/apiv2\/wp\/v2\/tags?post=218365"}],"curies":[{"name":"wp","href":"https:\/\/api.w.org\/{rel}","templated":true}]}}