{"id":217686,"date":"2023-07-27T12:29:49","date_gmt":"2023-07-27T10:29:49","guid":{"rendered":"https:\/\/www.iphone-ticker.de\/?p=217686"},"modified":"2023-07-27T12:34:14","modified_gmt":"2023-07-27T10:34:14","slug":"vonmaehlen-horizon-tech-rucksack-integriert-usb-c-port","status":"publish","type":"post","link":"https:\/\/www.iphone-ticker.de\/vonmaehlen-horizon-tech-rucksack-integriert-usb-c-port-217686\/","title":{"rendered":"Vonm\u00e4hlen Horizon: Tech-Rucksack integriert USB-C-Port"},"content":{"rendered":"<p>Der deutsche Zubeh\u00f6r-Anbieter Vonm\u00e4hlen ist vor allem durch <a rel=\"noindex, nofollow\" href=\"https:\/\/www.amazon.de\/stores\/VONM%C3%84HLEN\/page\/8D264652-50FB-4CB9-98AA-424BC0135C86?&amp;linkCode=ll2&amp;tag=musicweb02&amp;linkId=33bdce4ee8b6a3b668a07d1858969b96&amp;language=de_DE&amp;ref_=as_li_ss_tl\">seine iPhone-Accessoires bekannt<\/a>, zu denen nicht nur mehrere Handyketten und Fingerhalterungen z\u00e4hlen, sondern auch die universellen Ladekabel der <a rel=\"noindex, nofollow\" href=\"http:\/\/www.ifun.de\/amzn\/B09RQXPM8P\">Allroundo-Serie<\/a>.<br \/>\n<a href=\"https:\/\/images.iphone-ticker.de\/wp-content\/uploads\/2023\/07\/horizon-innen.jpg\"><img loading=\"lazy\" decoding=\"async\" src=\"https:\/\/images.iphone-ticker.de\/wp-content\/uploads\/2023\/07\/horizon-innen-500x500.jpg\" alt=\"Horizon Innen\" width=\"500\" height=\"500\" class=\"aligncenter size-medium wp-image-217688\" srcset=\"https:\/\/images.iphone-ticker.de\/wp-content\/uploads\/2023\/07\/horizon-innen-500x500.jpg 500w, https:\/\/images.iphone-ticker.de\/wp-content\/uploads\/2023\/07\/horizon-innen-700x700.jpg 700w, https:\/\/images.iphone-ticker.de\/wp-content\/uploads\/2023\/07\/horizon-innen-150x150.jpg 150w, https:\/\/images.iphone-ticker.de\/wp-content\/uploads\/2023\/07\/horizon-innen-1536x1536.jpg 1536w, https:\/\/images.iphone-ticker.de\/wp-content\/uploads\/2023\/07\/horizon-innen.jpg 1752w\" sizes=\"auto, (max-width: 500px) 100vw, 500px\" \/><\/a><\/p>\n<h2>Wasserabweisend, mit USB-C-Port<\/h2>\n<p>Mit dem <a href=\"https:\/\/www.vonmaehlen.com\/horizon\">Vonm\u00e4hlen Horizon<\/a> hat das in L\u00fcneburg ans\u00e4ssige Unternehmen jetzt einen neuen Tech-Rucksack auf den Markt gebracht, der auf wasserabweisende Materialien, auf ein Innenfach mit 20 Litern Stauraum und auf einen integrierten USB-C-Anschluss setzt. Letztgenannter stellt Nutzern eine Ladem\u00f6glichkeit f\u00fcr iPhone und andere Mobilger\u00e4te zur Verf\u00fcgung, ohne dass diese die zugeh\u00f6rige Powerbank beim Spaziergang durch die Stadt die ganze Zeit in der Hand halten m\u00fcssen.<\/p>\n<p>Der 440 mm \u00d7 320 mm \u00d7 140 mm gro\u00dfe Rucksack wiegt trocken knapp 900 Gramm und setzt auf einen Materialmix aus ABS, Leder, Metall, Mikrofaser, Nylon und Polyester &#8211; wobei hier nicht nur neue sondern auch recycelte Materialien zum Einsatz kommen.<\/p>\n<p><a href=\"https:\/\/images.iphone-ticker.de\/wp-content\/uploads\/2023\/07\/usb-c-port.jpg\"><img loading=\"lazy\" decoding=\"async\" src=\"https:\/\/images.iphone-ticker.de\/wp-content\/uploads\/2023\/07\/usb-c-port-700x590.jpg\" alt=\"Usb C Port\" width=\"700\" height=\"590\" class=\"aligncenter size-large wp-image-217689\" srcset=\"https:\/\/images.iphone-ticker.de\/wp-content\/uploads\/2023\/07\/usb-c-port-700x590.jpg 700w, https:\/\/images.iphone-ticker.de\/wp-content\/uploads\/2023\/07\/usb-c-port-500x422.jpg 500w, https:\/\/images.iphone-ticker.de\/wp-content\/uploads\/2023\/07\/usb-c-port.jpg 1200w\" sizes=\"auto, (max-width: 700px) 100vw, 700px\" \/><\/a><\/p>\n<p>Bei Vonm\u00e4hlen beschreibt man den Horizon-Rucksack als Tech-Bag &#8222;f\u00fcr alle, die Wert auf Funktionalit\u00e4t und Komfort legen&#8220;. Der Rucksack bietet im Hauptfach Platz f\u00fcr Laptop und iPad und teilt den restlichen Stauraum in mehrere kleine F\u00e4cher, die das \u00fcbliche Kabelwirrwarr sortieren und organisieren sollen.<\/p>\n<p>Der R\u00fccken des Vonm\u00e4hlen Horizon ist gepolstert und bietet eine versteckte Seitentasche f\u00fcr Geldb\u00f6rse oder \u00c4hnliches an.<\/p>\n<p><a href=\"https:\/\/images.iphone-ticker.de\/wp-content\/uploads\/2023\/07\/horizon-small.jpg\"><img loading=\"lazy\" decoding=\"async\" class=\"aligncenter size-large wp-image-217691\" src=\"https:\/\/images.iphone-ticker.de\/wp-content\/uploads\/2023\/07\/horizon-small-700x418.jpg\" alt=\"Horizon Small\" width=\"700\" height=\"418\" srcset=\"https:\/\/images.iphone-ticker.de\/wp-content\/uploads\/2023\/07\/horizon-small-700x418.jpg 700w, https:\/\/images.iphone-ticker.de\/wp-content\/uploads\/2023\/07\/horizon-small-500x298.jpg 500w, https:\/\/images.iphone-ticker.de\/wp-content\/uploads\/2023\/07\/horizon-small-1536x917.jpg 1536w, https:\/\/images.iphone-ticker.de\/wp-content\/uploads\/2023\/07\/horizon-small.jpg 1764w\" sizes=\"auto, (max-width: 700px) 100vw, 700px\" \/><\/a><\/p>\n<p>Ausschlie\u00dflich in einer Schwarz-Anthraziten Farbvariante erh\u00e4ltlich, ist uns der Markenschriftzug etwas zu prominent auf der R\u00fcckseite des Rucksacks angebracht, ansonsten macht der Horizon jedoch einen angenehm zur\u00fcckhaltenden Eindruck und erinnern an die <a href=\"https:\/\/goincase.eu\/\">alten Incase-Rucks\u00e4cke<\/a>, die wir f\u00fcr den Transport von iPad und MacBook \u00fcber Jahre hinweg bevorzugt haben.<\/p>\n<p>Vonm\u00e4hlen verlangt f\u00fcr <a href=\"https:\/\/www.vonmaehlen.com\/horizon\">den neuen Horizon<\/a> 129,99 Euro und gibt eine Lieferzeit von 1-3 Tagen an.<\/p>\n<p><a href=\"https:\/\/images.iphone-ticker.de\/wp-content\/uploads\/2023\/07\/schriftzug.jpg\"><img loading=\"lazy\" decoding=\"async\" src=\"https:\/\/images.iphone-ticker.de\/wp-content\/uploads\/2023\/07\/schriftzug-700x700.jpg\" alt=\"Schriftzug\" width=\"700\" height=\"700\" class=\"aligncenter size-large wp-image-217699\" srcset=\"https:\/\/images.iphone-ticker.de\/wp-content\/uploads\/2023\/07\/schriftzug-700x700.jpg 700w, https:\/\/images.iphone-ticker.de\/wp-content\/uploads\/2023\/07\/schriftzug-500x500.jpg 500w, https:\/\/images.iphone-ticker.de\/wp-content\/uploads\/2023\/07\/schriftzug-150x150.jpg 150w, https:\/\/images.iphone-ticker.de\/wp-content\/uploads\/2023\/07\/schriftzug.jpg 1200w\" sizes=\"auto, (max-width: 700px) 100vw, 700px\" \/><\/a><\/p>\n<p><img loading=\"lazy\" decoding=\"async\" src=\"https:\/\/vg07.met.vgwort.de\/na\/554333f8d8f448a98e6c952084dbb504\" width=\"1\" height=\"1\" no-lazy class=\"tracking\"><\/p>\n","protected":false},"excerpt":{"rendered":"<a href=\"https:\/\/www.iphone-ticker.de\/vonmaehlen-horizon-tech-rucksack-integriert-usb-c-port-217686\/\"><img width=\"150\" height=\"150\" src=\"https:\/\/images.iphone-ticker.de\/wp-content\/uploads\/2023\/07\/horizon-small-150x150.jpg\" class=\"alignright tfe wp-post-image\" alt=\"Horizon Small\" decoding=\"async\" loading=\"lazy\" \/><\/a><p>Der deutsche Zubeh\u00f6r-Anbieter Vonm\u00e4hlen ist vor allem durch seine iPhone-Accessoires bekannt, zu denen nicht nur mehrere Handyketten und Fingerhalterungen z\u00e4hlen, sondern auch die universellen Ladekabel der Allroundo-Serie. Wasserabweisend, mit USB-C-Port Mit dem Vonm\u00e4hlen Horizon hat das in L\u00fcneburg ans\u00e4ssige Unternehmen jetzt einen neuen Tech-Rucksack auf den Markt gebracht, der auf wasserabweisende Materialien, auf ein Innenfach [&hellip;]<\/p>\n","protected":false},"author":1,"featured_media":217691,"comment_status":"open","ping_status":"closed","sticky":false,"template":"","format":"standard","meta":{"footnotes":""},"categories":[1],"tags":[2935,6042],"class_list":["post-217686","post","type-post","status-publish","format-standard","has-post-thumbnail","hentry","category-news","tag-rucksack","tag-vonmaehlen"],"aioseo_notices":[],"featured_image":["https:\/\/images.iphone-ticker.de\/wp-content\/uploads\/2023\/07\/rucksack-usb-c.jpg"],"subheadline":["Wasserabweisend, 20 Liter, mit Ladeport"],"rest_api_enabler":{"featured_image":"https:\/\/images.iphone-ticker.de\/wp-content\/uploads\/2023\/07\/rucksack-usb-c.jpg","subheadline":"Wasserabweisend, 20 Liter, mit Ladeport"},"_links":{"self":[{"href":"https:\/\/www.iphone-ticker.de\/apiv2\/wp\/v2\/posts\/217686","targetHints":{"allow":["GET"]}}],"collection":[{"href":"https:\/\/www.iphone-ticker.de\/apiv2\/wp\/v2\/posts"}],"about":[{"href":"https:\/\/www.iphone-ticker.de\/apiv2\/wp\/v2\/types\/post"}],"author":[{"embeddable":true,"href":"https:\/\/www.iphone-ticker.de\/apiv2\/wp\/v2\/users\/1"}],"replies":[{"embeddable":true,"href":"https:\/\/www.iphone-ticker.de\/apiv2\/wp\/v2\/comments?post=217686"}],"version-history":[{"count":7,"href":"https:\/\/www.iphone-ticker.de\/apiv2\/wp\/v2\/posts\/217686\/revisions"}],"predecessor-version":[{"id":217706,"href":"https:\/\/www.iphone-ticker.de\/apiv2\/wp\/v2\/posts\/217686\/revisions\/217706"}],"wp:featuredmedia":[{"embeddable":true,"href":"https:\/\/www.iphone-ticker.de\/apiv2\/wp\/v2\/media\/217691"}],"wp:attachment":[{"href":"https:\/\/www.iphone-ticker.de\/apiv2\/wp\/v2\/media?parent=217686"}],"wp:term":[{"taxonomy":"category","embeddable":true,"href":"https:\/\/www.iphone-ticker.de\/apiv2\/wp\/v2\/categories?post=217686"},{"taxonomy":"post_tag","embeddable":true,"href":"https:\/\/www.iphone-ticker.de\/apiv2\/wp\/v2\/tags?post=217686"}],"curies":[{"name":"wp","href":"https:\/\/api.w.org\/{rel}","templated":true}]}}