{"id":217376,"date":"2023-07-24T09:36:16","date_gmt":"2023-07-24T07:36:16","guid":{"rendered":"https:\/\/www.iphone-ticker.de\/?p=217376"},"modified":"2023-07-24T09:36:16","modified_gmt":"2023-07-24T07:36:16","slug":"apple-store-frankfurt-wird-voruebergehend-geschlossen","status":"publish","type":"post","link":"https:\/\/www.iphone-ticker.de\/apple-store-frankfurt-wird-voruebergehend-geschlossen-217376\/","title":{"rendered":"Apple Store Frankfurt wird vor\u00fcbergehend geschlossen"},"content":{"rendered":"<p>Der Frankfurter <a href=\"https:\/\/www.apple.com\/de\/retail\/grossebockenheimerstrasse\/\">Apple Store in der Bockenheimer Stra\u00dfe<\/a> wird vor\u00fcbergehend geschlossen. Informationen \u00fcber den Grund hierf\u00fcr liegen uns bislang ebensowenig vor, wie Angaben zur Dauer der Schlie\u00dfung. Falls ihr diesbez\u00fcglich etwas wisst, k\u00f6nnt ihr diese Infos gerne in den Kommentaren hinterlassen oder direkt an uns senden.<\/p>\n<p><a href=\"https:\/\/images.iphone-ticker.de\/wp-content\/uploads\/2023\/07\/apple-store-frankfurt-schliesst.jpg\"><img loading=\"lazy\" decoding=\"async\" src=\"https:\/\/images.iphone-ticker.de\/wp-content\/uploads\/2023\/07\/apple-store-frankfurt-schliesst-500x228.jpg\" alt=\"Apple Store Frankfurt Schliesst\" width=\"500\" height=\"228\" class=\"alignnone size-medium wp-image-217381\" srcset=\"https:\/\/images.iphone-ticker.de\/wp-content\/uploads\/2023\/07\/apple-store-frankfurt-schliesst-500x228.jpg 500w, https:\/\/images.iphone-ticker.de\/wp-content\/uploads\/2023\/07\/apple-store-frankfurt-schliesst.jpg 591w\" sizes=\"auto, (max-width: 500px) 100vw, 500px\" \/><\/a><\/p>\n<p>Apple selbst informiert bislang nur mit dem wenig konkreten Hinweis \u201eUnser Store wird ab dem 30. Juli vor\u00fcbergehend schlie\u00dfen\u201c \u00fcber die anstehende Ma\u00dfnahme. Damit verbunden lassen sich von diesem Tag an auch keine Support- oder Beratungstermine im Apple Store Gro\u00dfe Bockenheimer Stra\u00dfe mehr buchen. Ebenso sind vom Wochenende an auf unbestimmte Zeit keine \u201eToday at Apple\u201c-Veranstaltungen mehr f\u00fcr den Frankfurter Apple Store geplant.<\/p>\n<h2>2010 als dritter deutscher Apple Store er\u00f6ffnet<\/h2>\n<p>Der Apple Store in der Gro\u00dfen Bockenheimer Stra\u00dfe in Frankfurt wurde im Januar 2010 er\u00f6ffnet und war damals nach der M\u00fcnchener Rosenstra\u00dfe und Hamburg Alstertal das dritte Apple-Ladengesch\u00e4ft in Deutschland. Apple bietet seine Produkte hier auf zwei Etagen und mit rund 750 Quadratmetern Verkaufsfl\u00e4che an. Sollte die Schlie\u00dfung nicht aufgrund von \u00e4u\u00dferen Einfl\u00fcssen erforderlich sein, so ist zumindest nicht auszuschlie\u00dfen, dass Apple den Standort nach nunmehr 13 Jahren einer Neugestaltung unterzieht.<\/p>\n<p><a href=\"https:\/\/images.iphone-ticker.de\/wp-content\/uploads\/2023\/07\/apple-grosse-bockenheimer-strasse-frankfurt.jpg\"><img loading=\"lazy\" decoding=\"async\" src=\"https:\/\/images.iphone-ticker.de\/wp-content\/uploads\/2023\/07\/apple-grosse-bockenheimer-strasse-frankfurt-700x392.jpg\" alt=\"Apple Grosse Bockenheimer Strasse Frankfurt\" width=\"700\" height=\"392\" class=\"alignnone size-large wp-image-217379\" srcset=\"https:\/\/images.iphone-ticker.de\/wp-content\/uploads\/2023\/07\/apple-grosse-bockenheimer-strasse-frankfurt-700x392.jpg 700w, https:\/\/images.iphone-ticker.de\/wp-content\/uploads\/2023\/07\/apple-grosse-bockenheimer-strasse-frankfurt-500x280.jpg 500w, https:\/\/images.iphone-ticker.de\/wp-content\/uploads\/2023\/07\/apple-grosse-bockenheimer-strasse-frankfurt.jpg 1400w\" sizes=\"auto, (max-width: 700px) 100vw, 700px\" \/><\/a><\/p>\n<p>Der Aufbau \u00fcber zwei Etagen hinweg erinnert deutlich an den ein gutes Jahr zuvor er\u00f6ffneten Apple Store in der M\u00fcnchener Rosenstra\u00dfe. Hier wird dar\u00fcber <a href=\"https:\/\/www.ifun.de\/neue-apple-stores-fuer-muenchen-und-dortmund-geplant-210997\/\">spekuliert<\/a>, dass Apple seine urspr\u00fcnglich erste Niederlassung in Deutschland zugunsten eines neuen Standorts am Georg-Kronawitter-Platz aufgibt. Bis dahin sollen allerdings noch mehrere Jahre vergehen.<\/p>\n<p>Eine weitere Neuer\u00f6ffnung in Deutschland steht wohl f\u00fcr das Jahr 2025 in Dortmund auf dem Plan. Bez\u00fcglich aktuelle Umbau- oder Erweiterungspl\u00e4ne f\u00fcr den Apple Store in der Gro\u00dfen Bockenheimer Stra\u00dfe in Frankfurt ist uns bislang noch nichts zu Ohren gekommen.<img loading=\"lazy\" decoding=\"async\" src=\"https:\/\/vg01.met.vgwort.de\/na\/3a8f2403c4a549d7bc8f087b4f5783b2\" width=\"1\" height=\"1\" no-lazy class=\"tracking\"><\/p>\n<p><h8>Danke Stann<\/h8><\/p>\n","protected":false},"excerpt":{"rendered":"<a href=\"https:\/\/www.iphone-ticker.de\/apple-store-frankfurt-wird-voruebergehend-geschlossen-217376\/\"><img width=\"150\" height=\"150\" src=\"https:\/\/images.iphone-ticker.de\/wp-content\/uploads\/2023\/07\/apple-grosse-bockenheimer-strasse-frankfurt-150x150.jpg\" class=\"alignright tfe wp-post-image\" alt=\"Apple Grosse Bockenheimer Strasse Frankfurt\" decoding=\"async\" loading=\"lazy\" \/><\/a><p>Der Frankfurter Apple Store in der Bockenheimer Stra\u00dfe wird vor\u00fcbergehend geschlossen. Informationen \u00fcber den Grund hierf\u00fcr liegen uns bislang ebensowenig vor, wie Angaben zur Dauer der Schlie\u00dfung. Falls ihr diesbez\u00fcglich etwas wisst, k\u00f6nnt ihr diese Infos gerne in den Kommentaren hinterlassen oder direkt an uns senden. Apple selbst informiert bislang nur mit dem wenig konkreten [&hellip;]<\/p>\n","protected":false},"author":2,"featured_media":217379,"comment_status":"open","ping_status":"closed","sticky":false,"template":"","format":"standard","meta":{"footnotes":""},"categories":[14],"tags":[200,522],"class_list":["post-217376","post","type-post","status-publish","format-standard","has-post-thumbnail","hentry","category-apple","tag-apple-store","tag-frankfurt"],"aioseo_notices":[],"subheadline":["Ab 30. Juli ist zu"],"featured_image":["https:\/\/images.iphone-ticker.de\/wp-content\/uploads\/2023\/07\/apple-grosse-bockenheimer-strasse-frankfurt-feature.jpg"],"rest_api_enabler":{"subheadline":"Ab 30. Juli ist zu","featured_image":"https:\/\/images.iphone-ticker.de\/wp-content\/uploads\/2023\/07\/apple-grosse-bockenheimer-strasse-frankfurt-feature.jpg"},"_links":{"self":[{"href":"https:\/\/www.iphone-ticker.de\/apiv2\/wp\/v2\/posts\/217376","targetHints":{"allow":["GET"]}}],"collection":[{"href":"https:\/\/www.iphone-ticker.de\/apiv2\/wp\/v2\/posts"}],"about":[{"href":"https:\/\/www.iphone-ticker.de\/apiv2\/wp\/v2\/types\/post"}],"author":[{"embeddable":true,"href":"https:\/\/www.iphone-ticker.de\/apiv2\/wp\/v2\/users\/2"}],"replies":[{"embeddable":true,"href":"https:\/\/www.iphone-ticker.de\/apiv2\/wp\/v2\/comments?post=217376"}],"version-history":[{"count":3,"href":"https:\/\/www.iphone-ticker.de\/apiv2\/wp\/v2\/posts\/217376\/revisions"}],"predecessor-version":[{"id":217382,"href":"https:\/\/www.iphone-ticker.de\/apiv2\/wp\/v2\/posts\/217376\/revisions\/217382"}],"wp:featuredmedia":[{"embeddable":true,"href":"https:\/\/www.iphone-ticker.de\/apiv2\/wp\/v2\/media\/217379"}],"wp:attachment":[{"href":"https:\/\/www.iphone-ticker.de\/apiv2\/wp\/v2\/media?parent=217376"}],"wp:term":[{"taxonomy":"category","embeddable":true,"href":"https:\/\/www.iphone-ticker.de\/apiv2\/wp\/v2\/categories?post=217376"},{"taxonomy":"post_tag","embeddable":true,"href":"https:\/\/www.iphone-ticker.de\/apiv2\/wp\/v2\/tags?post=217376"}],"curies":[{"name":"wp","href":"https:\/\/api.w.org\/{rel}","templated":true}]}}