{"id":216943,"date":"2023-07-18T09:01:06","date_gmt":"2023-07-18T07:01:06","guid":{"rendered":"https:\/\/www.iphone-ticker.de\/?p=216943"},"modified":"2023-07-18T09:03:39","modified_gmt":"2023-07-18T07:03:39","slug":"vanmoof-meldet-in-den-niederlanden-konkurs-an","status":"publish","type":"post","link":"https:\/\/www.iphone-ticker.de\/vanmoof-meldet-in-den-niederlanden-konkurs-an-216943\/","title":{"rendered":"VanMoof meldet in den Niederlanden Konkurs an"},"content":{"rendered":"<p>Der E-Bike-Anbieter <a href=\"https:\/\/www.vanmoof.com\">VanMoof<\/a> hat in den Niederlanden Konkurs angemeldet. Offenbar waren die Bem\u00fchungen der Gr\u00fcnder des Unternehmens, diesen Schritt abzuwenden, nicht von Erfolg gekr\u00f6nt.<\/p>\n<p>Die entsprechende Stellungnahme von VanMoof findet sich in vollem Wortlaut <a href=\"https:\/\/www.reddit.com\/r\/vanmoofbicycle\/comments\/152g897\/vanmoof_bankruptcy_statement_in_full\/\">auf Reddit ver\u00f6ffentlicht<\/a>. Der wichtigste Punkt hier scheint uns aktuell die Einschr\u00e4nkung zu sein, dass dies bislang nur den Hauptsitz von VanMoof in den Niederlanden betrifft. Die VanMoof-Ableger in Deutschland sowie weiteren L\u00e4ndern seien hiervon bislang nicht betroffen.<\/p>\n<p>Grunds\u00e4tzlich stellt sich nat\u00fcrlich dennoch die Frage, wie es mit dem Anbieter weitergeht. Unter anderem wird ja auch heftig dar\u00fcber spekuliert, ob beispielsweise ein Konkurrent wie Cowboy die Gesch\u00e4fte \u00fcbernimmt. Allerdings ist wohl in solch einem Fall nicht zu erwarten, dass VanMoof tats\u00e4chlich als eigene Modellreihe weitergef\u00fchrt wird. Dar\u00fcber, dass Cowboy mit der <a href=\"https:\/\/www.iphone-ticker.de\/bikey-app-mitbewerber-macht-vanmoof-fahrraeder-vom-hersteller-unabhaengig-216698\/\" title=\"Bikey App: Mitbewerber macht VanMoof-Fahrr\u00e4der vom Hersteller unabh\u00e4ngig\">Bikey-App<\/a> einen kleinen Rettungsring f\u00fcr die Besitzer von VanMoof-Fahrr\u00e4dern ver\u00f6ffentlicht hat, haben wir ja bereits berichtet.<\/p>\n<p><a href=\"https:\/\/images.iphone-ticker.de\/wp-content\/uploads\/2023\/07\/vanmoof-apple-find-my-fahrrad.jpg\"><img loading=\"lazy\" decoding=\"async\" src=\"https:\/\/images.iphone-ticker.de\/wp-content\/uploads\/2023\/07\/vanmoof-apple-find-my-fahrrad-700x464.jpg\" alt=\"Vanmoof Apple Find My Fahrrad\" width=\"700\" height=\"464\" class=\"alignnone size-large wp-image-216945\" srcset=\"https:\/\/images.iphone-ticker.de\/wp-content\/uploads\/2023\/07\/vanmoof-apple-find-my-fahrrad-700x464.jpg 700w, https:\/\/images.iphone-ticker.de\/wp-content\/uploads\/2023\/07\/vanmoof-apple-find-my-fahrrad-500x331.jpg 500w, https:\/\/images.iphone-ticker.de\/wp-content\/uploads\/2023\/07\/vanmoof-apple-find-my-fahrrad.jpg 1400w\" sizes=\"auto, (max-width: 700px) 100vw, 700px\" \/><\/a><\/p>\n<h2>Konkurs soll neue T\u00fcren \u00f6ffnen<\/h2>\n<p>Der von VanMoof ver\u00f6ffentlichten Stellungnahme zufolge war die Einleitung des Konkursverfahrens n\u00f6tig, weil schlichtweg nicht mehr gen\u00fcgend Geld zur Verf\u00fcgung stand um die laufenden Gesch\u00e4fte fortzuf\u00fchren. Zuvor wurden ja bereits per Gerichtsentscheidung Verwalter eingesetzt, die die Fortf\u00fchrung der Gesch\u00e4fte des Unternehmens pr\u00fcfen und begleiten sollten. Man darf annehmen, dass deren Entscheidung die jetzige Entwicklung beschleunigt hat.<\/p>\n<p>Die VanMoof-Gr\u00fcnder sehen den Konkurs als einzige M\u00f6glichkeit zur Erhaltung der Marke. Auf dieser Basis k\u00f6nne nun ein Investor die Firma \u00fcbernehmen, ohne f\u00fcr die ausstehenden Schulden aufkommen zu m\u00fcssen. Begleitend dazu sei man weiterhin damit befasst, Dienstleistungen wie das Reparatur- und wohl nicht zuletzt auch das f\u00fcr die Nutzung der Fahrr\u00e4der relevante App-Angebot aufrecht zu erhalten.<\/p>\n<p>Wir haben ja vergangene Woche bereits dar\u00fcber <a href=\"https:\/\/www.iphone-ticker.de\/vanmoof-wackelt-ohne-app-waeren-die-fahrraeder-nur-noch-eingeschraenkt-nutzbar-216687\/\">berichtet<\/a>, dass VanMoof den Verkauf seiner Fahrr\u00e4der auch in Deutschland f\u00fcr unbestimmte Zeit pausiert hat.<\/p>\n<h2>VanMoof war initialer \u201eWo ist?\u201c-Partner von Apple<\/h2>\n<p><a href=\"https:\/\/images.iphone-ticker.de\/wp-content\/uploads\/2023\/07\/vanmoof-apple-find-my.jpg\"><img loading=\"lazy\" decoding=\"async\" src=\"https:\/\/images.iphone-ticker.de\/wp-content\/uploads\/2023\/07\/vanmoof-apple-find-my-700x395.jpg\" alt=\"Vanmoof Apple Find My\" width=\"700\" height=\"395\" class=\"alignnone size-large wp-image-216946\" srcset=\"https:\/\/images.iphone-ticker.de\/wp-content\/uploads\/2023\/07\/vanmoof-apple-find-my-700x395.jpg 700w, https:\/\/images.iphone-ticker.de\/wp-content\/uploads\/2023\/07\/vanmoof-apple-find-my-500x282.jpg 500w, https:\/\/images.iphone-ticker.de\/wp-content\/uploads\/2023\/07\/vanmoof-apple-find-my.jpg 1306w\" sizes=\"auto, (max-width: 700px) 100vw, 700px\" \/><\/a><\/p>\n<p>VanMoof war vor zwei Jahren einr der drei ersten offiziellen \u201eWo ist?\u201c-Partner von Apple. \u00dcber einen fest in den Fahrr\u00e4dern des Herstellers verbauten Chip lassen sich diese ebenso wie ein AirTag oder die zum Start des Systems ebenfalls als externe Partnerprodukte angek\u00fcndigten Ohrh\u00f6rern von Belkin und One-Spot-Tags von Chipolo mithilfe von Apples \u201eWo ist?\u201c-App orten.<img loading=\"lazy\" decoding=\"async\" src=\"https:\/\/vg04.met.vgwort.de\/na\/addfe15bb608492daf6aa877d5def246\" width=\"1\" height=\"1\" no-lazy class=\"tracking\"><\/p>\n","protected":false},"excerpt":{"rendered":"<a href=\"https:\/\/www.iphone-ticker.de\/vanmoof-meldet-in-den-niederlanden-konkurs-an-216943\/\"><img width=\"150\" height=\"150\" src=\"https:\/\/images.iphone-ticker.de\/wp-content\/uploads\/2023\/07\/vanmoof-feature-150x150.jpg\" class=\"alignright tfe wp-post-image\" alt=\"Vanmoof Feature\" decoding=\"async\" loading=\"lazy\" \/><\/a><p>Der E-Bike-Anbieter VanMoof hat in den Niederlanden Konkurs angemeldet. Offenbar waren die Bem\u00fchungen der Gr\u00fcnder des Unternehmens, diesen Schritt abzuwenden, nicht von Erfolg gekr\u00f6nt. Die entsprechende Stellungnahme von VanMoof findet sich in vollem Wortlaut auf Reddit ver\u00f6ffentlicht. Der wichtigste Punkt hier scheint uns aktuell die Einschr\u00e4nkung zu sein, dass dies bislang nur den Hauptsitz von [&hellip;]<\/p>\n","protected":false},"author":2,"featured_media":216948,"comment_status":"open","ping_status":"closed","sticky":false,"template":"","format":"standard","meta":{"footnotes":""},"categories":[1],"tags":[6026],"class_list":["post-216943","post","type-post","status-publish","format-standard","has-post-thumbnail","hentry","category-news","tag-vanmoof"],"aioseo_notices":[],"subheadline":["\"Deutsche Gesch\u00e4fte zun\u00e4chst nicht betroffen\""],"featured_image":["https:\/\/images.iphone-ticker.de\/wp-content\/uploads\/2023\/07\/vanmoof-feature.jpg"],"rest_api_enabler":{"subheadline":"\"Deutsche Gesch\u00e4fte zun\u00e4chst nicht betroffen\"","featured_image":"https:\/\/images.iphone-ticker.de\/wp-content\/uploads\/2023\/07\/vanmoof-feature.jpg"},"_links":{"self":[{"href":"https:\/\/www.iphone-ticker.de\/apiv2\/wp\/v2\/posts\/216943","targetHints":{"allow":["GET"]}}],"collection":[{"href":"https:\/\/www.iphone-ticker.de\/apiv2\/wp\/v2\/posts"}],"about":[{"href":"https:\/\/www.iphone-ticker.de\/apiv2\/wp\/v2\/types\/post"}],"author":[{"embeddable":true,"href":"https:\/\/www.iphone-ticker.de\/apiv2\/wp\/v2\/users\/2"}],"replies":[{"embeddable":true,"href":"https:\/\/www.iphone-ticker.de\/apiv2\/wp\/v2\/comments?post=216943"}],"version-history":[{"count":6,"href":"https:\/\/www.iphone-ticker.de\/apiv2\/wp\/v2\/posts\/216943\/revisions"}],"predecessor-version":[{"id":216956,"href":"https:\/\/www.iphone-ticker.de\/apiv2\/wp\/v2\/posts\/216943\/revisions\/216956"}],"wp:featuredmedia":[{"embeddable":true,"href":"https:\/\/www.iphone-ticker.de\/apiv2\/wp\/v2\/media\/216948"}],"wp:attachment":[{"href":"https:\/\/www.iphone-ticker.de\/apiv2\/wp\/v2\/media?parent=216943"}],"wp:term":[{"taxonomy":"category","embeddable":true,"href":"https:\/\/www.iphone-ticker.de\/apiv2\/wp\/v2\/categories?post=216943"},{"taxonomy":"post_tag","embeddable":true,"href":"https:\/\/www.iphone-ticker.de\/apiv2\/wp\/v2\/tags?post=216943"}],"curies":[{"name":"wp","href":"https:\/\/api.w.org\/{rel}","templated":true}]}}