{"id":216737,"date":"2023-07-14T11:13:31","date_gmt":"2023-07-14T09:13:31","guid":{"rendered":"https:\/\/www.iphone-ticker.de\/?p=216737"},"modified":"2023-07-19T12:57:49","modified_gmt":"2023-07-19T10:57:49","slug":"emoji-neuzugaenge-kopfschuetteln-gesprengte-kette-und-limette-im-rennen","status":"publish","type":"post","link":"https:\/\/www.iphone-ticker.de\/emoji-neuzugaenge-kopfschuetteln-gesprengte-kette-und-limette-im-rennen-216737\/","title":{"rendered":"Emoji-Neuzug\u00e4nge: Kopfsch\u00fctteln, gesprengte Kette und Limette im Rennen"},"content":{"rendered":"<p>Wie jedes Jahr d\u00fcrfen wir auch aktuell wieder bereits im Juli einen Blick auf die f\u00fcr das kommende Jahr erwarteten Emojis werfen. \u00dcber die Auswahl der jeweils hinzugef\u00fcgten Grafiken wird n\u00e4mlich nicht bei den Anbietern selbst entschieden, sondern Unternehmen wie Apple, Google oder Microsoft orientieren sich dabei sinnigerweise am Unicode-Standard, um eine plattform\u00fcbergreifend funktionierende Anzeige der Grafiken zu gew\u00e4hrleisten. Unterschiede gibt es lediglich in der Art der Darstellung, da hier jeder der Betriebssystemanbieter seine eigenen Grafikstile unterbringen kann.<\/p>\n<h2>Erster Eindruck im Apple-Stil<\/h2>\n<p>Die Basis f\u00fcr die Emoji-Neuzug\u00e4nge im kommenden Jahr 2024 bereitet der bereits als Entwurf verf\u00fcgbare Unicode-Standard 15.1. Darauf basierend hat das Blog <a href=\"https:\/\/blog.emojipedia.org\/new-emojis-in-2023\/\">Emojipedia<\/a> nun entsprechende Vorschaugrafiken erstellt, die sich vom Stil her an den bisher von Apple angebotenen Emojis orientieren. Die finalen Apple-Grafiken werden hier noch ein wenig abweichen, die Vorschau vermittelt aber einen ganz guten Eindruck dessen, was wir wohl n\u00e4chstes Jahr an Neuzug\u00e4ngen zu sehen bekommen.<\/p>\n<p><a href=\"https:\/\/images.iphone-ticker.de\/wp-content\/uploads\/2023\/07\/Emoji-15_1-1.jpg\"><img loading=\"lazy\" decoding=\"async\" src=\"https:\/\/images.iphone-ticker.de\/wp-content\/uploads\/2023\/07\/Emoji-15_1-1-700x494.jpg\" alt=\"Emoji 15 1\" width=\"700\" height=\"494\" class=\"alignnone size-large wp-image-216755\" srcset=\"https:\/\/images.iphone-ticker.de\/wp-content\/uploads\/2023\/07\/Emoji-15_1-1-700x494.jpg 700w, https:\/\/images.iphone-ticker.de\/wp-content\/uploads\/2023\/07\/Emoji-15_1-1-500x353.jpg 500w, https:\/\/images.iphone-ticker.de\/wp-content\/uploads\/2023\/07\/Emoji-15_1-1.jpg 1200w\" sizes=\"auto, (max-width: 700px) 100vw, 700px\" \/><\/a><\/p>\n<p>Unter den neuen Emoji-Gesten befindet sich diesmal ein Symbol f\u00fcr Kopfsch\u00fctteln und auch ein nickender Kopf. Ebenfalls mit dabei sind Bildchen, die eine Limette, einen Pilz, eine gesprengte Kette oder auch den Sagenvogel Phoenix zeigen.<\/p>\n<h2>Emoji-Grafiken k\u00f6nnen Richtung \u00e4ndern<\/h2>\n<p>Zumindest interessant ist das mit der neuen Emoji-Version verbundene Konzept, die Ausrichtung von ausgew\u00e4hlten Grafiken zu ver\u00e4ndern. So soll es k\u00fcnftig zumindest auf einem Teil der Plattformen m\u00f6glich sein, die Richtung von nach links schauenden beziehungsweise laufenden Personen durch die Kombination mit einem Pfeil nach rechts umzukehren, sodass sich deren Blick nach rechts richtet. Ob dergleichen dann in der Praxis tats\u00e4chlich Anwendung findet und wahrgenommen wird, sei mal dahingestellt.<\/p>\n<p><a href=\"https:\/\/images.iphone-ticker.de\/wp-content\/uploads\/2023\/07\/Emoji-15_12.jpg\"><img loading=\"lazy\" decoding=\"async\" src=\"https:\/\/images.iphone-ticker.de\/wp-content\/uploads\/2023\/07\/Emoji-15_12-700x200.jpg\" alt=\"Emoji 15 12\" width=\"700\" height=\"200\" class=\"alignnone size-large wp-image-216754\" srcset=\"https:\/\/images.iphone-ticker.de\/wp-content\/uploads\/2023\/07\/Emoji-15_12-700x200.jpg 700w, https:\/\/images.iphone-ticker.de\/wp-content\/uploads\/2023\/07\/Emoji-15_12-500x143.jpg 500w, https:\/\/images.iphone-ticker.de\/wp-content\/uploads\/2023\/07\/Emoji-15_12.jpg 1200w\" sizes=\"auto, (max-width: 700px) 100vw, 700px\" \/><\/a><\/p>\n<p>Die hier genannten Beispiele stammen wie gesagt auch auch einer Vorabversion des kommenden Standards. Dieser soll im September final verabschiedet werden und die Hersteller k\u00f6nnen darauf basierend dann ihre f\u00fcr das kommende Fr\u00fchjahr erwarteten Updates erstellen.<img loading=\"lazy\" decoding=\"async\" src=\"https:\/\/vg04.met.vgwort.de\/na\/dee7eb521dcf4ecf8ccc74e5d10e03e3\" width=\"1\" height=\"1\" no-lazy class=\"tracking\"><\/p>\n","protected":false},"excerpt":{"rendered":"<a href=\"https:\/\/www.iphone-ticker.de\/emoji-neuzugaenge-kopfschuetteln-gesprengte-kette-und-limette-im-rennen-216737\/\"><img width=\"150\" height=\"150\" src=\"https:\/\/images.iphone-ticker.de\/wp-content\/uploads\/2023\/07\/Emoji-15_1-150x150.jpg\" class=\"alignright tfe wp-post-image\" alt=\"Emoji 15 1\" decoding=\"async\" loading=\"lazy\" srcset=\"https:\/\/images.iphone-ticker.de\/wp-content\/uploads\/2023\/07\/Emoji-15_1-150x150.jpg 150w, https:\/\/images.iphone-ticker.de\/wp-content\/uploads\/2023\/07\/Emoji-15_1-500x500.jpg 500w, https:\/\/images.iphone-ticker.de\/wp-content\/uploads\/2023\/07\/Emoji-15_1-700x700.jpg 700w, https:\/\/images.iphone-ticker.de\/wp-content\/uploads\/2023\/07\/Emoji-15_1.jpg 1200w\" sizes=\"auto, (max-width: 150px) 100vw, 150px\" \/><\/a><p>Wie jedes Jahr d\u00fcrfen wir auch aktuell wieder bereits im Juli einen Blick auf die f\u00fcr das kommende Jahr erwarteten Emojis werfen. \u00dcber die Auswahl der jeweils hinzugef\u00fcgten Grafiken wird n\u00e4mlich nicht bei den Anbietern selbst entschieden, sondern Unternehmen wie Apple, Google oder Microsoft orientieren sich dabei sinnigerweise am Unicode-Standard, um eine plattform\u00fcbergreifend funktionierende Anzeige [&hellip;]<\/p>\n","protected":false},"author":2,"featured_media":216739,"comment_status":"open","ping_status":"closed","sticky":false,"template":"","format":"standard","meta":{"footnotes":""},"categories":[1,1975],"tags":[],"class_list":["post-216737","post","type-post","status-publish","format-standard","has-post-thumbnail","hentry","category-news","category-feature"],"aioseo_notices":[],"featured_image":["https:\/\/images.iphone-ticker.de\/wp-content\/uploads\/2023\/07\/Emoji-15_1-feature.jpg"],"subheadline":["Die Kandidaten f\u00fcr 2024"],"rest_api_enabler":{"featured_image":"https:\/\/images.iphone-ticker.de\/wp-content\/uploads\/2023\/07\/Emoji-15_1-feature.jpg","subheadline":"Die Kandidaten f\u00fcr 2024"},"_links":{"self":[{"href":"https:\/\/www.iphone-ticker.de\/apiv2\/wp\/v2\/posts\/216737","targetHints":{"allow":["GET"]}}],"collection":[{"href":"https:\/\/www.iphone-ticker.de\/apiv2\/wp\/v2\/posts"}],"about":[{"href":"https:\/\/www.iphone-ticker.de\/apiv2\/wp\/v2\/types\/post"}],"author":[{"embeddable":true,"href":"https:\/\/www.iphone-ticker.de\/apiv2\/wp\/v2\/users\/2"}],"replies":[{"embeddable":true,"href":"https:\/\/www.iphone-ticker.de\/apiv2\/wp\/v2\/comments?post=216737"}],"version-history":[{"count":10,"href":"https:\/\/www.iphone-ticker.de\/apiv2\/wp\/v2\/posts\/216737\/revisions"}],"predecessor-version":[{"id":216839,"href":"https:\/\/www.iphone-ticker.de\/apiv2\/wp\/v2\/posts\/216737\/revisions\/216839"}],"wp:featuredmedia":[{"embeddable":true,"href":"https:\/\/www.iphone-ticker.de\/apiv2\/wp\/v2\/media\/216739"}],"wp:attachment":[{"href":"https:\/\/www.iphone-ticker.de\/apiv2\/wp\/v2\/media?parent=216737"}],"wp:term":[{"taxonomy":"category","embeddable":true,"href":"https:\/\/www.iphone-ticker.de\/apiv2\/wp\/v2\/categories?post=216737"},{"taxonomy":"post_tag","embeddable":true,"href":"https:\/\/www.iphone-ticker.de\/apiv2\/wp\/v2\/tags?post=216737"}],"curies":[{"name":"wp","href":"https:\/\/api.w.org\/{rel}","templated":true}]}}