{"id":215994,"date":"2023-07-05T07:59:05","date_gmt":"2023-07-05T05:59:05","guid":{"rendered":"https:\/\/www.iphone-ticker.de\/?p=215994"},"modified":"2023-07-05T11:32:52","modified_gmt":"2023-07-05T09:32:52","slug":"niederlande-generelles-smartphone-verbot-in-schulen","status":"publish","type":"post","link":"https:\/\/www.iphone-ticker.de\/niederlande-generelles-smartphone-verbot-in-schulen-215994\/","title":{"rendered":"Niederlande: Generelles Smartphone-Verbot in Schulen ab Anfang 2024"},"content":{"rendered":"<p>Die niederl\u00e4ndische Zentralregierung hat sich f\u00fcr generelles Verbot von Smartphones, Smart Watches und Tablets in Schulen ausgesprochen und sich diesbez\u00fcglich auf ein Smartphone-Verbot per Richtlinie geeinigt, um den betroffenen Schulen so mehr Flexibilit\u00e4t bei der Umsetzung der Forderung zu lassen.<\/p>\n<p><a href=\"https:\/\/images.iphone-ticker.de\/wp-content\/uploads\/2023\/07\/kinder-schule-sam-balye-w1FwDvIreZU-unsplash-2000.jpg\"><img loading=\"lazy\" decoding=\"async\" class=\"aligncenter size-medium wp-image-215998\" src=\"https:\/\/images.iphone-ticker.de\/wp-content\/uploads\/2023\/07\/kinder-schule-sam-balye-w1FwDvIreZU-unsplash-2000-500x353.jpg\" alt=\"Kinder Schule Sam Balye W1FwDvIreZU Unsplash 2000\" width=\"500\" height=\"353\" srcset=\"https:\/\/images.iphone-ticker.de\/wp-content\/uploads\/2023\/07\/kinder-schule-sam-balye-w1FwDvIreZU-unsplash-2000-500x353.jpg 500w, https:\/\/images.iphone-ticker.de\/wp-content\/uploads\/2023\/07\/kinder-schule-sam-balye-w1FwDvIreZU-unsplash-2000-700x494.jpg 700w, https:\/\/images.iphone-ticker.de\/wp-content\/uploads\/2023\/07\/kinder-schule-sam-balye-w1FwDvIreZU-unsplash-2000-1536x1084.jpg 1536w, https:\/\/images.iphone-ticker.de\/wp-content\/uploads\/2023\/07\/kinder-schule-sam-balye-w1FwDvIreZU-unsplash-2000.jpg 2000w\" sizes=\"auto, (max-width: 500px) 100vw, 500px\" \/><\/a><\/p>\n<h2>Smartphone-Verbot per Richtlinie<\/h2>\n<p>So sollen sich Mobiltelefone auch weiterhin mit in die Unterrichtsr\u00e4ume nehmen lassen, wenn diese zwingend notwendig f\u00fcr anstehende Unterrichtseinheiten sind &#8211; etwa wenn es um digitale Kompetenz geht. Andernfalls ist jedoch angedacht, dass Klassenzimmer der Sekundarstufe zur smartphonefreien Zone werden, \u00fcber die Grundschulen soll heute entschieden werden. Hier wird ein \u00e4hnliches Vorgehen erwartet.<\/p>\n<p>Aktuell d\u00fcrfen pers\u00f6nliche Mobiltelefone in vielen Schulen noch mit in die Klassenr\u00e4ume genommen werden, m\u00fcssen w\u00e4hrend der Unterrichtseinheiten hier dann jedoch stumm geschaltet und in den Taschen aufbewahrt werden. Die neue Richtlinie soll hier nun klare Regeln etablieren, die f\u00fcr weniger Ablenkung sorgen und unter anderem auch daf\u00fcr, dass die Sch\u00fcler nicht mehr zu beginn jeder Stunde daran erinnert werden m\u00fcssen, die Ger\u00e4te erneut zu verstauen.<\/p>\n<h2>Umsetzung ab Anfang 2024<\/h2>\n<p>Elterninitiativen haben die Vorgaben der Regierung begr\u00fc\u00dft, die vorerst nicht in Universit\u00e4ten und anderen Einrichtungen der h\u00f6heren Bildung greifen sollen. Durch das einheitliche Verbot stehe man in Familien die sich konsequent gegen das Smartphone in der Schule aussprechen, nicht mehr auf verlorenem Posten.<\/p>\n<p>F\u00fcr Sch\u00fcler die aufgrund von Behinderungen und medizinischen Einschr\u00e4nkungen auf das Smartphone angewiesen sind, sollen angepasste Vereinbarungen getroffen werden.<\/p>\n<p>Robbert Dijkgraaf, Physiker und Minister f\u00fcr Bildung, Kultur und Wissenschaft in den Niederlanden, <a href=\"https:\/\/www.rijksoverheid.nl\/actueel\/nieuws\/2023\/07\/04\/mobieltjes-niet-meer-welkom-in-klaslokaal\">kommentiert die neuen Vorgaben<\/a>:<\/p>\n<blockquote><p>&#8222;Obwohl Mobiltelefone fest mit unserem Leben verbunden sind, geh\u00f6ren sie nicht ins Klassenzimmer. Die Sch\u00fcler m\u00fcssen sich dort konzentrieren k\u00f6nnen und alle M\u00f6glichkeiten erhalten, gut zu lernen. Aus wissenschaftlichen Untersuchungen wissen wir, dass Mobiltelefone dies mit all seinen Konsequenzen st\u00f6ren. Davor m\u00fcssen wir die Lernenden sch\u00fctzen.&#8220;<\/p><\/blockquote>\n<p><img loading=\"lazy\" decoding=\"async\" src=\"https:\/\/vg06.met.vgwort.de\/na\/6f86ed89c2314f18aeb41e3abc09016d\" width=\"1\" height=\"1\" no-lazy class=\"tracking\"><\/p>\n","protected":false},"excerpt":{"rendered":"<a href=\"https:\/\/www.iphone-ticker.de\/niederlande-generelles-smartphone-verbot-in-schulen-215994\/\"><img width=\"150\" height=\"150\" src=\"https:\/\/images.iphone-ticker.de\/wp-content\/uploads\/2023\/07\/kinder-schule-sam-balye-w1FwDvIreZU-unsplash-2000-150x150.jpg\" class=\"alignright tfe wp-post-image\" alt=\"Kinder Schule Sam Balye W1FwDvIreZU Unsplash 2000\" decoding=\"async\" loading=\"lazy\" \/><\/a><p>Die niederl\u00e4ndische Zentralregierung hat sich f\u00fcr generelles Verbot von Smartphones, Smart Watches und Tablets in Schulen ausgesprochen und sich diesbez\u00fcglich auf ein Smartphone-Verbot per Richtlinie geeinigt, um den betroffenen Schulen so mehr Flexibilit\u00e4t bei der Umsetzung der Forderung zu lassen. Smartphone-Verbot per Richtlinie So sollen sich Mobiltelefone auch weiterhin mit in die Unterrichtsr\u00e4ume nehmen lassen, [&hellip;]<\/p>\n","protected":false},"author":1,"featured_media":215998,"comment_status":"open","ping_status":"closed","sticky":false,"template":"","format":"standard","meta":{"footnotes":""},"categories":[1],"tags":[61,4747,147,456,1131],"class_list":["post-215994","post","type-post","status-publish","format-standard","has-post-thumbnail","hentry","category-news","tag-kinder","tag-niederlande","tag-recht","tag-schule","tag-smartphone"],"aioseo_notices":[],"subheadline":["Gesamte Sekundarstufe betroffen"],"featured_image":["https:\/\/images.iphone-ticker.de\/wp-content\/uploads\/2023\/07\/smartphone-schule-unsplash.jpg"],"rest_api_enabler":{"subheadline":"Gesamte Sekundarstufe betroffen","featured_image":"https:\/\/images.iphone-ticker.de\/wp-content\/uploads\/2023\/07\/smartphone-schule-unsplash.jpg"},"_links":{"self":[{"href":"https:\/\/www.iphone-ticker.de\/apiv2\/wp\/v2\/posts\/215994","targetHints":{"allow":["GET"]}}],"collection":[{"href":"https:\/\/www.iphone-ticker.de\/apiv2\/wp\/v2\/posts"}],"about":[{"href":"https:\/\/www.iphone-ticker.de\/apiv2\/wp\/v2\/types\/post"}],"author":[{"embeddable":true,"href":"https:\/\/www.iphone-ticker.de\/apiv2\/wp\/v2\/users\/1"}],"replies":[{"embeddable":true,"href":"https:\/\/www.iphone-ticker.de\/apiv2\/wp\/v2\/comments?post=215994"}],"version-history":[{"count":6,"href":"https:\/\/www.iphone-ticker.de\/apiv2\/wp\/v2\/posts\/215994\/revisions"}],"predecessor-version":[{"id":216026,"href":"https:\/\/www.iphone-ticker.de\/apiv2\/wp\/v2\/posts\/215994\/revisions\/216026"}],"wp:featuredmedia":[{"embeddable":true,"href":"https:\/\/www.iphone-ticker.de\/apiv2\/wp\/v2\/media\/215998"}],"wp:attachment":[{"href":"https:\/\/www.iphone-ticker.de\/apiv2\/wp\/v2\/media?parent=215994"}],"wp:term":[{"taxonomy":"category","embeddable":true,"href":"https:\/\/www.iphone-ticker.de\/apiv2\/wp\/v2\/categories?post=215994"},{"taxonomy":"post_tag","embeddable":true,"href":"https:\/\/www.iphone-ticker.de\/apiv2\/wp\/v2\/tags?post=215994"}],"curies":[{"name":"wp","href":"https:\/\/api.w.org\/{rel}","templated":true}]}}