{"id":215838,"date":"2023-07-03T07:57:25","date_gmt":"2023-07-03T05:57:25","guid":{"rendered":"https:\/\/www.iphone-ticker.de\/?p=215838"},"modified":"2023-07-07T10:02:42","modified_gmt":"2023-07-07T08:02:42","slug":"die-zukunft-der-airpods-hoertest-funktion-temperatursensoren-guenstigere-preise","status":"publish","type":"post","link":"https:\/\/www.iphone-ticker.de\/die-zukunft-der-airpods-hoertest-funktion-temperatursensoren-guenstigere-preise-215838\/","title":{"rendered":"Die Zukunft der AirPods: H\u00f6rtest-Funktion, Temperatursensoren, g\u00fcnstigere Preise"},"content":{"rendered":"<p>Die anhaltend starke Nachfrage nach Apples AirPods sorgte zuletzt daf\u00fcr, dass die Produktkategorie &#8222;Wearables, Home und Zubeh\u00f6r&#8220; in die Apple die kabellosen Ohrh\u00f6rer einsortiert, ein st\u00e4rkeres Wachstum zu verzeichnen hatte als die Kategorie Mac und die Kategorie iPad. Seit Einf\u00fchrung der AirPods hat sich der Kategorie-Umsatz zudem fast vervierfacht. Zwar z\u00e4hlen auch das Apple TV, der HomePod und die Apple Watch mit zur Kategorie &#8222;Wearables, Home und Zubeh\u00f6r&#8220;, der Einfluss der AirPods ist jedoch un\u00fcbersehbar.<\/p>\n<p><a href=\"https:\/\/images.iphone-ticker.de\/wp-content\/uploads\/2023\/07\/airdpods-ethan-rougon-ZREQEcetCyI-unsplash-scaled.jpg\"><img loading=\"lazy\" decoding=\"async\" class=\"aligncenter size-medium wp-image-215839\" src=\"https:\/\/images.iphone-ticker.de\/wp-content\/uploads\/2023\/07\/airdpods-ethan-rougon-ZREQEcetCyI-unsplash-500x363.jpg\" alt=\"Airdpods Ethan Rougon ZREQEcetCyI Unsplash\" width=\"500\" height=\"363\" srcset=\"https:\/\/images.iphone-ticker.de\/wp-content\/uploads\/2023\/07\/airdpods-ethan-rougon-ZREQEcetCyI-unsplash-500x363.jpg 500w, https:\/\/images.iphone-ticker.de\/wp-content\/uploads\/2023\/07\/airdpods-ethan-rougon-ZREQEcetCyI-unsplash-700x508.jpg 700w, https:\/\/images.iphone-ticker.de\/wp-content\/uploads\/2023\/07\/airdpods-ethan-rougon-ZREQEcetCyI-unsplash-1536x1115.jpg 1536w, https:\/\/images.iphone-ticker.de\/wp-content\/uploads\/2023\/07\/airdpods-ethan-rougon-ZREQEcetCyI-unsplash-2048x1487.jpg 2048w\" sizes=\"auto, (max-width: 500px) 100vw, 500px\" \/><\/a><br \/>\nNun soll Apple vor einem gro\u00dfen Ausbau des beliebten Ohrh\u00f6rer-Angebotes stehen. Dies berichtet der f\u00fcr den Wirtschaftsnachrichten-Dienst Bloomberg aktive Reporter Mark Gurman in der j\u00fcngsten Ausgabe seines Power-On-Newsletters. Gurman hatte zahlreiche Details zu Apples neuer Datenbrille, die im vergangenen Monat vorgestellte &#8222;Apple Vision Pro&#8220; treffsicher vorausgesagt.<\/p>\n<h2>USB-C, K\u00f6rpertemperatur, Audiogramm<\/h2>\n<p>Was die AirPods angeht, scheint Apple derzeit an mehreren Fronten zu werkeln. Zum einen sollen auch die AirPods-Ladecases mit einem USB-C-Anschluss versehen werden und sich perspektivisch vom Lightning-Anschluss verabschieden.<\/p>\n<p>Zum anderen sollen sich neue Gesundheitsfunktionen in der Planung befinden. Erwartet wird hier ein Auswertung der K\u00f6rpertemperatur sowie eine Erweiterung der Zusatzfunktionen f\u00fcr Menschen mit eingeschr\u00e4nktem H\u00f6rverm\u00f6gen.<\/p>\n<p>Schon jetzt lassen sich die <a href=\"https:\/\/www.iphone-ticker.de\/airpods-pro-transparenzmodus-jetzt-mit-konversationsverstaerkung-180742\/\">AirPods zur Gespr\u00e4chsverst\u00e4rkung<\/a> einsetzen, k\u00f6nnen vorhandene H\u00f6rverluste bei der Audiowiedergabe ausgleichen und lassen sich in Kombination mit dem iPhone zum &#8222;Live Mith\u00f6ren&#8220; nutzen, verwenden also das iPhone als externes Mikrofon, das bei Vortr\u00e4gen aufs Rednerpult gelegt werden kann und so bestes Sprachverst\u00e4ndnis garantiert. Viele der <a href=\"https:\/\/www.iphone-ticker.de\/zum-tag-des-hoerens-konversationsverstaerkung-live-mithoeren-co-208439\/\">H\u00f6rfunktionen haben wir hier zusammengefasst<\/a>.<\/p>\n<p><a href=\"https:\/\/images.iphone-ticker.de\/wp-content\/uploads\/2021\/05\/hoertest.jpeg\"><img loading=\"lazy\" decoding=\"async\" class=\"aligncenter size-large wp-image-174184\" src=\"https:\/\/images.iphone-ticker.de\/wp-content\/uploads\/2021\/05\/hoertest-700x517.jpeg\" alt=\"Hoertest\" width=\"700\" height=\"517\" srcset=\"https:\/\/images.iphone-ticker.de\/wp-content\/uploads\/2021\/05\/hoertest-700x517.jpeg 700w, https:\/\/images.iphone-ticker.de\/wp-content\/uploads\/2021\/05\/hoertest-500x369.jpeg 500w, https:\/\/images.iphone-ticker.de\/wp-content\/uploads\/2021\/05\/hoertest.jpeg 1125w\" sizes=\"auto, (max-width: 700px) 100vw, 700px\" \/><\/a><\/p>\n<p>Neu geplant soll eine H\u00f6rtest-Funktion sein, die das H\u00f6rverm\u00f6gen der AirPods-Besitzer misst &#8211; eine Funktion f\u00fcr die bislang auf <a rel=\"noindex, nofollow\" href=\"http:\/\/www.ifun.de\/app\/932496645\">Drittanbieter-Apps wie Mimi<\/a> ausgewichen werden muss.<\/p>\n<ul>\n<li><strong>Neue Mimi-App: <\/strong><a title=\"Neue Mimi-App: H\u00f6rtest personalisiert AirPods-Wiedergabe\" href=\"https:\/\/www.iphone-ticker.de\/neue-mimi-app-hoertest-personalisiert-airpods-wiedergabe-174182\/\">H\u00f6rtest personalisiert AirPods-Wiedergabe<\/a><\/li>\n<\/ul>\n<p>Eine Auswertung der K\u00f6rpertemperatur nimmt Apple bereits mit der Apple Watch Series 8 vor. Im Ohr k\u00f6nnten die Messwerte genauer ausfallen und dabei helfen auf sich anbahnende Erkrankungen hinzuweisen.<\/p>\n<p>Bis die neuen Modell verf\u00fcgbar sind d\u00fcrfte noch etwas Zeit vergehen, nach 2019 und 2022 kommen die n\u00e4chsten AirPods Pro wohl nicht vor 2024 auf den Markt. Einen Zeitraum den Apple laut Gurman f\u00fcr eine Preisreduktion der g\u00fcnstigsten AirPods nutzen k\u00f6nnte.<\/p>\n<p><img loading=\"lazy\" decoding=\"async\" src=\"https:\/\/vg06.met.vgwort.de\/na\/c292d322600f4b2da6c4a95981c4e19a\" width=\"1\" height=\"1\" no-lazy class=\"tracking\"><\/p>\n","protected":false},"excerpt":{"rendered":"<a href=\"https:\/\/www.iphone-ticker.de\/die-zukunft-der-airpods-hoertest-funktion-temperatursensoren-guenstigere-preise-215838\/\"><img width=\"150\" height=\"150\" src=\"https:\/\/images.iphone-ticker.de\/wp-content\/uploads\/2023\/07\/airdpods-ethan-rougon-ZREQEcetCyI-unsplash-150x150.jpg\" class=\"alignright tfe wp-post-image\" alt=\"Airdpods Ethan Rougon ZREQEcetCyI Unsplash\" decoding=\"async\" loading=\"lazy\" \/><\/a><p>Die anhaltend starke Nachfrage nach Apples AirPods sorgte zuletzt daf\u00fcr, dass die Produktkategorie &#8222;Wearables, Home und Zubeh\u00f6r&#8220; in die Apple die kabellosen Ohrh\u00f6rer einsortiert, ein st\u00e4rkeres Wachstum zu verzeichnen hatte als die Kategorie Mac und die Kategorie iPad. Seit Einf\u00fchrung der AirPods hat sich der Kategorie-Umsatz zudem fast vervierfacht. Zwar z\u00e4hlen auch das Apple TV, [&hellip;]<\/p>\n","protected":false},"author":1,"featured_media":215839,"comment_status":"open","ping_status":"closed","sticky":false,"template":"","format":"standard","meta":{"footnotes":""},"categories":[1,1975],"tags":[3567,3912,2064,3835,3910],"class_list":["post-215838","post","type-post","status-publish","format-standard","has-post-thumbnail","hentry","category-news","category-feature","tag-airpods","tag-apple","tag-geruechte","tag-hoertest","tag-rumors"],"aioseo_notices":[],"subheadline":["USB-C, K\u00f6rpertemperatur, Audiogramm"],"featured_image":["https:\/\/images.iphone-ticker.de\/wp-content\/uploads\/2021\/10\/airpods-konversation-feature.jpg"],"rest_api_enabler":{"subheadline":"USB-C, K\u00f6rpertemperatur, Audiogramm","featured_image":"https:\/\/images.iphone-ticker.de\/wp-content\/uploads\/2021\/10\/airpods-konversation-feature.jpg"},"_links":{"self":[{"href":"https:\/\/www.iphone-ticker.de\/apiv2\/wp\/v2\/posts\/215838","targetHints":{"allow":["GET"]}}],"collection":[{"href":"https:\/\/www.iphone-ticker.de\/apiv2\/wp\/v2\/posts"}],"about":[{"href":"https:\/\/www.iphone-ticker.de\/apiv2\/wp\/v2\/types\/post"}],"author":[{"embeddable":true,"href":"https:\/\/www.iphone-ticker.de\/apiv2\/wp\/v2\/users\/1"}],"replies":[{"embeddable":true,"href":"https:\/\/www.iphone-ticker.de\/apiv2\/wp\/v2\/comments?post=215838"}],"version-history":[{"count":1,"href":"https:\/\/www.iphone-ticker.de\/apiv2\/wp\/v2\/posts\/215838\/revisions"}],"predecessor-version":[{"id":215840,"href":"https:\/\/www.iphone-ticker.de\/apiv2\/wp\/v2\/posts\/215838\/revisions\/215840"}],"wp:featuredmedia":[{"embeddable":true,"href":"https:\/\/www.iphone-ticker.de\/apiv2\/wp\/v2\/media\/215839"}],"wp:attachment":[{"href":"https:\/\/www.iphone-ticker.de\/apiv2\/wp\/v2\/media?parent=215838"}],"wp:term":[{"taxonomy":"category","embeddable":true,"href":"https:\/\/www.iphone-ticker.de\/apiv2\/wp\/v2\/categories?post=215838"},{"taxonomy":"post_tag","embeddable":true,"href":"https:\/\/www.iphone-ticker.de\/apiv2\/wp\/v2\/tags?post=215838"}],"curies":[{"name":"wp","href":"https:\/\/api.w.org\/{rel}","templated":true}]}}