{"id":215090,"date":"2023-06-20T09:18:16","date_gmt":"2023-06-20T07:18:16","guid":{"rendered":"https:\/\/www.iphone-ticker.de\/?p=215090"},"modified":"2023-06-20T11:51:08","modified_gmt":"2023-06-20T09:51:08","slug":"neue-callya-tarife-starten-esim-probleme-bei-fraenk","status":"publish","type":"post","link":"https:\/\/www.iphone-ticker.de\/neue-callya-tarife-starten-esim-probleme-bei-fraenk-215090\/","title":{"rendered":"Neue CallYa-Tarife starten &#8211; eSIM-Probleme bei fraenk"},"content":{"rendered":"<p>Die in der vergangenen Woche angek\u00fcndigten <a href=\"https:\/\/private.vodafone-affiliate.de\/tc.php?t=120933C1169150847T\" title=\"CallYa-Tarife\">neue CallYa-Tarife<\/a> von Vodafone sind jetzt live. Der Provider stattet seine Prepaid-Angebote von heute an mit zus\u00e4tzlichem Datenvolumen aus. Die \u00c4nderungen gelten sowohl f\u00fcr Neukunden als auch f\u00fcr bestehende Nutzer.<\/p>\n<p>Nutzer des Vodafone-Angebots \u201eCallYa Allnet Flat S\u201c haben somit ab sofort monatlich vier statt bislang drei Gigabyte Datenvolumen inklusive. Beim Prepaid-Tarif \u201eAllnet Flat M\u201c steigt das enthaltene Datenkontingent von zuvor sechs auf jetzt acht Gigabyte und mit der \u201eAllnet Flat L\u201c gibt es zuk\u00fcnftig 16 statt der bislang enthaltenen neun Gigabyte an Datenvolumen.<\/p>\n<p><a href=\"https:\/\/images.iphone-ticker.de\/wp-content\/uploads\/2023\/06\/vodafone-callya-tarife-ab-20-juni-2023.jpg\"><img loading=\"lazy\" decoding=\"async\" src=\"https:\/\/images.iphone-ticker.de\/wp-content\/uploads\/2023\/06\/vodafone-callya-tarife-ab-20-juni-2023-700x319.jpg\" alt=\"Vodafone Callya Tarife Ab 20 Juni 2023\" width=\"700\" height=\"319\" class=\"alignnone size-large wp-image-214719\" srcset=\"https:\/\/images.iphone-ticker.de\/wp-content\/uploads\/2023\/06\/vodafone-callya-tarife-ab-20-juni-2023-700x319.jpg 700w, https:\/\/images.iphone-ticker.de\/wp-content\/uploads\/2023\/06\/vodafone-callya-tarife-ab-20-juni-2023-500x228.jpg 500w, https:\/\/images.iphone-ticker.de\/wp-content\/uploads\/2023\/06\/vodafone-callya-tarife-ab-20-juni-2023.jpg 1400w\" sizes=\"auto, (max-width: 700px) 100vw, 700px\" \/><\/a><\/p>\n<p>Vodafone schraubt damit verbunden auch die Leistungen im Paket \u201eCallYa Digital\u201c und bei dem erst seit kurzer Zeit erh\u00e4ltlichen \u201eCallYa Jahrestarif\u201c nach oben. Bei \u201eCallYa Digital\u201c sind von heute an 20 statt bislang 15 Gigabyte Datenvolumen inklusive und im Rahmen des CallYa-Jahrestarifs k\u00f6nnen Kunden ab sofort 50 statt bislang 40 Gigabyte Daten \u00fcber den Nutzungszeitraum hinweg verbrauchen. Lediglich die beiden Basisangebote \u201eCallYa Classic\u201c und \u201eCallYa Start\u201c l\u00e4sst Vodafone unver\u00e4ndert.<\/p>\n<p>Vodafone sieht sich auf dem Prepaid-Markt einer mittlerweile umfangreichen Konkurrenz mit teils auch extrem attraktiven Preisen gegen\u00fcber. Interessenten sollten aber auch hier die jeweils beinhalteten Leistungen ausf\u00fchrlich pr\u00fcfen und mit ihren pers\u00f6nlichen Bed\u00fcrfnissen abstimmen. Allem voran stellt sich hier nat\u00fcrlich die Frage nach der Netzabdeckung und Netzqualit\u00e4t rund um den jeweiligen Wohn- und Arbeits- oder Schulort.<\/p>\n<h2>eSIM-Probleme bei fraenk sollten behoben sein [UPDATE]<\/h2>\n<p>Passend dazu noch eine Info zum App-Tarif der Telekom-Tochter <a href=\"https:\/\/fraenk.de\">fraenk<\/a>. Hier sollten die technischen Probleme bei der Bereitstellung von eSIMs im Laufe des heutigen Tages behoben sein.<\/p>\n<p>Der Anbieter konnte vor\u00fcbergehend keine elektronischen SIM-Karten ausgeben und hat interessierten Kunden als Alternative die M\u00f6glichkeit angeboten, vor\u00fcbergehend auf eine klassische Plastik-SIM-Karte auszuweichen. Sofern sich keine neue Schwierigkeiten auftun, sollte sich die eSIM von fraenk von heute an wieder regul\u00e4r bestellen und aktivieren lassen.<img loading=\"lazy\" decoding=\"async\" src=\"https:\/\/vg05.met.vgwort.de\/na\/a3bc3ba756444ea7b660b7b3c114dece\" width=\"1\" height=\"1\" alt=\"\" no-lazy class=\"tracking\"><\/p>\n<p><em>Erg\u00e4nzung: fraenk meldet jetzt, dass die Probleme erst am 23. Juni behoben sind. (Danke f\u00fcr eure Mails)<\/em><\/p>\n","protected":false},"excerpt":{"rendered":"<a href=\"https:\/\/www.iphone-ticker.de\/neue-callya-tarife-starten-esim-probleme-bei-fraenk-215090\/\"><img width=\"150\" height=\"150\" src=\"https:\/\/images.iphone-ticker.de\/wp-content\/uploads\/2023\/06\/vodafone-mobilfunk-feature-150x150.jpg\" class=\"alignright tfe wp-post-image\" alt=\"Vodafone Mobilfunk Feature\" decoding=\"async\" loading=\"lazy\" \/><\/a><p>Die in der vergangenen Woche angek\u00fcndigten neue CallYa-Tarife von Vodafone sind jetzt live. Der Provider stattet seine Prepaid-Angebote von heute an mit zus\u00e4tzlichem Datenvolumen aus. Die \u00c4nderungen gelten sowohl f\u00fcr Neukunden als auch f\u00fcr bestehende Nutzer. Nutzer des Vodafone-Angebots \u201eCallYa Allnet Flat S\u201c haben somit ab sofort monatlich vier statt bislang drei Gigabyte Datenvolumen inklusive. [&hellip;]<\/p>\n","protected":false},"author":2,"featured_media":215093,"comment_status":"open","ping_status":"closed","sticky":false,"template":"","format":"standard","meta":{"footnotes":""},"categories":[1],"tags":[5131,309,124,38],"class_list":["post-215090","post","type-post","status-publish","format-standard","has-post-thumbnail","hentry","category-news","tag-fraenk","tag-prepaid","tag-tarif","tag-vodafone"],"aioseo_notices":[],"subheadline":["Prepaid-Tarife"],"featured_image":["https:\/\/images.iphone-ticker.de\/wp-content\/uploads\/2023\/06\/vodafone-mobilfunk-feature.jpg"],"rest_api_enabler":{"subheadline":"Prepaid-Tarife","featured_image":"https:\/\/images.iphone-ticker.de\/wp-content\/uploads\/2023\/06\/vodafone-mobilfunk-feature.jpg"},"_links":{"self":[{"href":"https:\/\/www.iphone-ticker.de\/apiv2\/wp\/v2\/posts\/215090","targetHints":{"allow":["GET"]}}],"collection":[{"href":"https:\/\/www.iphone-ticker.de\/apiv2\/wp\/v2\/posts"}],"about":[{"href":"https:\/\/www.iphone-ticker.de\/apiv2\/wp\/v2\/types\/post"}],"author":[{"embeddable":true,"href":"https:\/\/www.iphone-ticker.de\/apiv2\/wp\/v2\/users\/2"}],"replies":[{"embeddable":true,"href":"https:\/\/www.iphone-ticker.de\/apiv2\/wp\/v2\/comments?post=215090"}],"version-history":[{"count":5,"href":"https:\/\/www.iphone-ticker.de\/apiv2\/wp\/v2\/posts\/215090\/revisions"}],"predecessor-version":[{"id":215110,"href":"https:\/\/www.iphone-ticker.de\/apiv2\/wp\/v2\/posts\/215090\/revisions\/215110"}],"wp:featuredmedia":[{"embeddable":true,"href":"https:\/\/www.iphone-ticker.de\/apiv2\/wp\/v2\/media\/215093"}],"wp:attachment":[{"href":"https:\/\/www.iphone-ticker.de\/apiv2\/wp\/v2\/media?parent=215090"}],"wp:term":[{"taxonomy":"category","embeddable":true,"href":"https:\/\/www.iphone-ticker.de\/apiv2\/wp\/v2\/categories?post=215090"},{"taxonomy":"post_tag","embeddable":true,"href":"https:\/\/www.iphone-ticker.de\/apiv2\/wp\/v2\/tags?post=215090"}],"curies":[{"name":"wp","href":"https:\/\/api.w.org\/{rel}","templated":true}]}}