{"id":21480,"date":"2011-05-29T11:39:51","date_gmt":"2011-05-29T09:39:51","guid":{"rendered":"http:\/\/www.iphone-ticker.de\/?p=21480"},"modified":"2011-05-29T11:55:32","modified_gmt":"2011-05-29T09:55:32","slug":"unterhaltsames-kraftemessen-apple-und-samsung-steigen-wieder-in-den-ring","status":"publish","type":"post","link":"https:\/\/www.iphone-ticker.de\/unterhaltsames-kraftemessen-apple-und-samsung-steigen-wieder-in-den-ring-21480\/","title":{"rendered":"Unterhaltsames Kr\u00e4ftemessen: Apple und Samsung steigen wieder in den Ring"},"content":{"rendered":"<p>Gr\u00fcndlich eskaliert wurde der aktuelle Rechtsstreit zwischen Apple und dem Elektronik-Konzern Samsung (wir berichteten: &#8222;<a href=\"http:\/\/www.iphone-ticker.de\/2011\/04\/20\/zwei-bestandsaufnahmen-die-samsung-klage-und-der-oko-einfluss-des-iphones\/\">Die Samsung-Klage<\/a>&#8222;) Anfang der Woche. <\/p>\n<p>Nachdem Apple-intern Plagiatsvorw\u00fcrfe gegen Samsung laut geworden waren, \u00fcberraschte am 24. Mai <a href=\"http:\/\/crave.cnet.co.uk\/mobiles\/apple-forces-samsung-to-hand-over-galaxy-prototypes-in-legal-spat-50003870\/\">ein Gerichtsurteil<\/a> aus San Jose. Samsung, so Richterin &#8222;Lucy Koh&#8220;, solle die M\u00f6glichkeit erhalten Apples Vorw\u00fcrfe, man w\u00fcrde sich in Sachen Hardware-Design und Software-Funktionen zu sehr an Cupertino orientieren, zu entkr\u00e4ften. <\/p>\n<p>Binnen weniger Tage habe das Unternehmen aus S\u00fcdkorea Apple die Prototypen der noch unver\u00f6ffentlichten, kommenden Generation an Smartphone- und Tablet-Modellen auszuh\u00e4ndigen. Apples Experten k\u00f6nnten so unter anderem das &#8222;Samsung Galaxy S2&#8220;, das &#8222;Galaxy Tab 10.1&#8220;, und den &#8222;Droid Charge&#8220; in Augenschein nehmen und das weitere rechtliche Vorgehen entsprechend anpassen. <\/p>\n<p><a href=\"http:\/\/www.iphone-ticker.de\/wp-content\/uploads\/2011\/05\/dockconnecotr.jpg\"><img loading=\"lazy\" decoding=\"async\" src=\"http:\/\/www.iphone-ticker.de\/wp-content\/uploads\/2011\/05\/dockconnecotr.jpg\" alt=\"\" title=\"dockconnecotr\" width=\"464\" height=\"200\" class=\"aligncenter size-full wp-image-21481\" srcset=\"https:\/\/images.iphone-ticker.de\/wp-content\/uploads\/2011\/05\/dockconnecotr.jpg 464w, https:\/\/images.iphone-ticker.de\/wp-content\/uploads\/2011\/05\/dockconnecotr-300x129.jpg 300w\" sizes=\"auto, (max-width: 464px) 100vw, 464px\" \/><\/a><\/p>\n<p>Ein schmerzhaftes Urteil f\u00fcr Samsung, nicht zuletzt da Design-Entscheidungen wie die offensichtliche <a href=\"http:\/\/technobuzz.info\/samsung-is-inspired-by-apple-for-its-galaxy-tab.html\">1-zu-1-Kopie<\/a> des Apple Dock-Connectors nicht unbedingt auf einen positiven Prozessausgang f\u00fcr die Koreaner hindeuten. <\/p>\n<p>Heute nun ist <a href=\"http:\/\/www.tuaw.com\/2011\/05\/29\/samsungs-lawyers-want-access-to-the-iphone-5-and-ipad-3\/\">Samsungs Reaktion<\/a> zum Koh-Urteil bekanntgeworden.<\/p>\n<p><!--more--><\/p>\n<p>Samsungs Anw\u00e4lte fordern jetzt auch ihrerseits, Apples anstehende Ger\u00e4te-Generationen genauer unter die Lupe nehmen zu k\u00f6nnen und verlangen Zugang zum iPhone 5 und dem iPad 3. Samsung argumentiert: Man m\u00fcsse bereits jetzt die Chance haben einen Blick auf die n\u00e4chste Ger\u00e4te-Generation der Konkurrenz zu werfen um so bereits im Vorfeld &#8222;m\u00f6gliche \u00dcbereinstimmungen&#8220; ausschlie\u00dfen zu k\u00f6nnen oder sich gegebenenfalls auf eine erneute Auseinandersetzung mit Apple einzustimmen. <\/p>\n<p>Die Forderung der Samsung-Anw\u00e4lte wartet derzeit noch auf eine abschlie\u00dfende Beurteilung d\u00fcrfte aber wenig Aussicht auf Erfolg haben. So begr\u00fcndete Richterin Koh ihr erstes Urteil mit Samsungs bereits angelaufener Werbekampagne f\u00fcr die neuen Ger\u00e4te. Ein Unternehmen, das die Details seiner kommenden Ger\u00e4te-Generation bereits kommuniziert, habe den Anspruch auf einen umfassenden Geheimhaltungsschutz seiner Produkte verwirkt. Bei Apple d\u00fcrfte diese Argumentation nicht greifen. <\/p>\n","protected":false},"excerpt":{"rendered":"<a href=\"https:\/\/www.iphone-ticker.de\/unterhaltsames-kraftemessen-apple-und-samsung-steigen-wieder-in-den-ring-21480\/\"><img width=\"150\" height=\"150\" src=\"https:\/\/images.iphone-ticker.de\/wp-content\/uploads\/2011\/05\/dockconnecotr-150x150.jpg\" class=\"alignright tfe wp-post-image\" alt=\"\" decoding=\"async\" loading=\"lazy\" \/><\/a><p>Gr\u00fcndlich eskaliert wurde der aktuelle Rechtsstreit zwischen Apple und dem Elektronik-Konzern Samsung (wir berichteten: &#8222;Die Samsung-Klage&#8222;) Anfang der Woche. Nachdem Apple-intern Plagiatsvorw\u00fcrfe gegen Samsung laut geworden waren, \u00fcberraschte am 24. Mai ein Gerichtsurteil aus San Jose. Samsung, so Richterin &#8222;Lucy Koh&#8220;, solle die M\u00f6glichkeit erhalten Apples Vorw\u00fcrfe, man w\u00fcrde sich in Sachen Hardware-Design und Software-Funktionen [&hellip;]<\/p>\n","protected":false},"author":1,"featured_media":21481,"comment_status":"open","ping_status":"closed","sticky":false,"template":"","format":"standard","meta":{"footnotes":""},"categories":[14],"tags":[3912,147,125],"class_list":["post-21480","post","type-post","status-publish","format-standard","has-post-thumbnail","hentry","category-apple","tag-apple","tag-recht","tag-samsung"],"aioseo_notices":[],"rest_api_enabler":[],"_links":{"self":[{"href":"https:\/\/www.iphone-ticker.de\/apiv2\/wp\/v2\/posts\/21480","targetHints":{"allow":["GET"]}}],"collection":[{"href":"https:\/\/www.iphone-ticker.de\/apiv2\/wp\/v2\/posts"}],"about":[{"href":"https:\/\/www.iphone-ticker.de\/apiv2\/wp\/v2\/types\/post"}],"author":[{"embeddable":true,"href":"https:\/\/www.iphone-ticker.de\/apiv2\/wp\/v2\/users\/1"}],"replies":[{"embeddable":true,"href":"https:\/\/www.iphone-ticker.de\/apiv2\/wp\/v2\/comments?post=21480"}],"version-history":[{"count":7,"href":"https:\/\/www.iphone-ticker.de\/apiv2\/wp\/v2\/posts\/21480\/revisions"}],"predecessor-version":[{"id":21488,"href":"https:\/\/www.iphone-ticker.de\/apiv2\/wp\/v2\/posts\/21480\/revisions\/21488"}],"wp:featuredmedia":[{"embeddable":true,"href":"https:\/\/www.iphone-ticker.de\/apiv2\/wp\/v2\/media\/21481"}],"wp:attachment":[{"href":"https:\/\/www.iphone-ticker.de\/apiv2\/wp\/v2\/media?parent=21480"}],"wp:term":[{"taxonomy":"category","embeddable":true,"href":"https:\/\/www.iphone-ticker.de\/apiv2\/wp\/v2\/categories?post=21480"},{"taxonomy":"post_tag","embeddable":true,"href":"https:\/\/www.iphone-ticker.de\/apiv2\/wp\/v2\/tags?post=21480"}],"curies":[{"name":"wp","href":"https:\/\/api.w.org\/{rel}","templated":true}]}}