{"id":214039,"date":"2023-06-09T12:29:39","date_gmt":"2023-06-09T10:29:39","guid":{"rendered":"https:\/\/www.iphone-ticker.de\/?p=214039"},"modified":"2023-06-16T12:36:28","modified_gmt":"2023-06-16T10:36:28","slug":"eve-flare-unser-eindruck-des-outdoor-stimmungslicht-mit-homekit-und-thread","status":"publish","type":"post","link":"https:\/\/www.iphone-ticker.de\/eve-flare-unser-eindruck-des-outdoor-stimmungslicht-mit-homekit-und-thread-214039\/","title":{"rendered":"Eve Flare: Outdoor-Stimmungslicht mit HomeKit und Thread"},"content":{"rendered":"<p>Zur <a rel=\"noindex, nofollow\" href=\"http:\/\/www.ifun.de\/amzn\/B0C4LY4MX8\">99 Euro teuren Eve Flare<\/a> gibt es eigentlich gar nicht so viel zu berichten. Bei der kugelrunden Akkuleuchte handelt es sich um ein Stimmungslicht, das f\u00fcr Atmosph\u00e4re w\u00e4hrend lauer Sommerabende sorgen soll und daf\u00fcr mit auf die Terrasse, den Balkon oder zum Baum an die H\u00e4ngematte genommen werden kann.<\/p>\n<p><a href=\"https:\/\/images.iphone-ticker.de\/wp-content\/uploads\/2023\/06\/flare-thread-app.jpg\"><img loading=\"lazy\" decoding=\"async\" class=\"aligncenter size-medium wp-image-214043\" src=\"https:\/\/images.iphone-ticker.de\/wp-content\/uploads\/2023\/06\/flare-thread-app-500x500.jpg\" alt=\"Flare Thread App\" width=\"500\" height=\"500\" srcset=\"https:\/\/images.iphone-ticker.de\/wp-content\/uploads\/2023\/06\/flare-thread-app-500x500.jpg 500w, https:\/\/images.iphone-ticker.de\/wp-content\/uploads\/2023\/06\/flare-thread-app-700x700.jpg 700w, https:\/\/images.iphone-ticker.de\/wp-content\/uploads\/2023\/06\/flare-thread-app-150x150.jpg 150w, https:\/\/images.iphone-ticker.de\/wp-content\/uploads\/2023\/06\/flare-thread-app.jpg 1500w\" sizes=\"auto, (max-width: 500px) 100vw, 500px\" \/><\/a><\/p>\n<h2>Ohne WLAN, daf\u00fcr mit Bluetooth und Thread<\/h2>\n<p>Damit dies bequem und spontan erfolgen kann, besitzt die Eve Flare einen integrierten Akku, der es auf eine Dauerbeleuchtung von bis zu sechs Stunden bringt und die volle Integration in Apples Smart-Home-Standard HomeKit besitzt, \u00fcber den sich Farben und Helligkeit steuern, sowie Automationen anlegen und abfeuern lassen.<\/p>\n<p>Einmal ausgepackt besteht die Outdoor-Lampe aus lediglich drei Komponenten: Dem eigentlichen Lampenk\u00f6rper, der in etwa so gro\u00df wie ein Fu\u00dfball ist, etwas \u00fcber 800 Gramm wiegt und eine texturierte Oberfl\u00e4che besitzt, die immun gegen Fingerabdr\u00fccke ist. Einem Netzkabel und dem Ladeteller.<\/p>\n<p><a href=\"https:\/\/images.iphone-ticker.de\/wp-content\/uploads\/2023\/06\/flare-ausstattung.jpg\"><img loading=\"lazy\" decoding=\"async\" class=\"aligncenter size-large wp-image-214044\" src=\"https:\/\/images.iphone-ticker.de\/wp-content\/uploads\/2023\/06\/flare-ausstattung-700x525.jpg\" alt=\"Flare Ausstattung\" width=\"700\" height=\"525\" srcset=\"https:\/\/images.iphone-ticker.de\/wp-content\/uploads\/2023\/06\/flare-ausstattung-700x525.jpg 700w, https:\/\/images.iphone-ticker.de\/wp-content\/uploads\/2023\/06\/flare-ausstattung-500x375.jpg 500w, https:\/\/images.iphone-ticker.de\/wp-content\/uploads\/2023\/06\/flare-ausstattung-1536x1152.jpg 1536w, https:\/\/images.iphone-ticker.de\/wp-content\/uploads\/2023\/06\/flare-ausstattung.jpg 2000w\" sizes=\"auto, (max-width: 700px) 100vw, 700px\" \/><\/a><\/p>\n<p>Im Ladeteller der Eve Flare befinden sich zwei Kontakte, die die Lampe nach dem Aufstellen mit Strom versorgen und so als Basis f\u00fcr den Lampenk\u00f6rper dienen. Das Netzkabel der Flare wird direkt ab Werk mit mehreren Adapter -Steckern ausgeliefert, die theoretisch den Einsatz an US- und UK-Steckdosen erm\u00f6glichen, praktisch aber direkt im Abfall landen d\u00fcrften. F\u00fcr das Reisegep\u00e4ck ist die <a rel=\"noindex, nofollow\" href=\"http:\/\/www.ifun.de\/amzn\/B0C4LY4MX8\">Eve Flare<\/a> dann doch ein wenig zu gro\u00df.<\/p>\n<h2>Funktional verarbeitet<\/h2>\n<p>Die Eve Flare ist funktional gefertigt, zweckdienlich und ohne M\u00e4ngel, als wertig w\u00fcrden wir die Verarbeitung der Stimmungslampe allerdings nicht beschreiben. Der Ladeteller ist daf\u00fcr etwas zu leicht; zudem fehlt diesem eine Kabelf\u00fchrung. Auf dem Lampenkorpus selbst f\u00e4llt bei genauerer Betrachtung die Schwei\u00dfnaht auf, die sich mittig mit hartem Kontrast zur texturierten Oberfl\u00e4che \u00fcber die Kugel zieht.<\/p>\n<p><a href=\"https:\/\/images.iphone-ticker.de\/wp-content\/uploads\/2023\/06\/flare-schweissnaht.jpg\"><img loading=\"lazy\" decoding=\"async\" class=\"aligncenter size-large wp-image-214041\" src=\"https:\/\/images.iphone-ticker.de\/wp-content\/uploads\/2023\/06\/flare-schweissnaht-700x525.jpg\" alt=\"Flare Schweissnaht\" width=\"700\" height=\"525\" srcset=\"https:\/\/images.iphone-ticker.de\/wp-content\/uploads\/2023\/06\/flare-schweissnaht-700x525.jpg 700w, https:\/\/images.iphone-ticker.de\/wp-content\/uploads\/2023\/06\/flare-schweissnaht-500x375.jpg 500w, https:\/\/images.iphone-ticker.de\/wp-content\/uploads\/2023\/06\/flare-schweissnaht-1536x1152.jpg 1536w, https:\/\/images.iphone-ticker.de\/wp-content\/uploads\/2023\/06\/flare-schweissnaht.jpg 2000w\" sizes=\"auto, (max-width: 700px) 100vw, 700px\" \/><\/a><\/p>\n<p>Kritikpunkte, die im Alltasgeinsatz jedoch nur bedingt zum Tragen kommen. W\u00e4hrend der Nutzung steht die leuchtende Flare hinten auf der Terrasse, mittig auf dem Gartentisch oder h\u00e4ngt kopf\u00fcber im Baum &#8211; hier ist dann weder die Naht sichtbar noch die Ladebasis von Relevanz, sondern eher die gleichm\u00e4\u00dfige Lichtverteilung, und diese ist fraglos vorhanden.<\/p>\n<h2>H\u00e4ngend nur mit Akku<\/h2>\n<p>Auch kopf\u00fcber am klappbaren Halteb\u00fcgel aufgeh\u00e4ngt, werden keine einzelnen LEDs, daf\u00fcr aber die beiden Bedienelemente sichtbar, die auf der Unterseite der Eve Flare angebracht sind. Die Power-Taste schaltet die Lampe an und aus. Mit der Mode-Taste kann durch acht voreingestellte Lichtstimmung geschaltet werden: Rot, Lila, Blau, T\u00fcrkis, Gr\u00fcn Wei\u00df und Warmwei\u00df. Nicht irritieren lassen: Der Einschaltvorgang und der Farbwechsel \u00fcber die App, nehmen mehrere Sekunden in Anspruch.<\/p>\n<p><a href=\"https:\/\/images.iphone-ticker.de\/wp-content\/uploads\/2023\/06\/flare-haltegriff.jpg\"><img loading=\"lazy\" decoding=\"async\" class=\"aligncenter size-large wp-image-214042\" src=\"https:\/\/images.iphone-ticker.de\/wp-content\/uploads\/2023\/06\/flare-haltegriff-700x525.jpg\" alt=\"Flare Haltegriff\" width=\"700\" height=\"525\" srcset=\"https:\/\/images.iphone-ticker.de\/wp-content\/uploads\/2023\/06\/flare-haltegriff-700x525.jpg 700w, https:\/\/images.iphone-ticker.de\/wp-content\/uploads\/2023\/06\/flare-haltegriff-500x375.jpg 500w, https:\/\/images.iphone-ticker.de\/wp-content\/uploads\/2023\/06\/flare-haltegriff-1536x1152.jpg 1536w, https:\/\/images.iphone-ticker.de\/wp-content\/uploads\/2023\/06\/flare-haltegriff.jpg 2000w\" sizes=\"auto, (max-width: 700px) 100vw, 700px\" \/><\/a><\/p>\n<p>Was uns bei der Nutzung der Eve Flare aufgefallen ist: Ist der Halteb\u00fcgel ausgeklappt, l\u00e4sst sich der Ladeteller nicht mehr benutzen. Da die Lampe auch sonst \u00fcber keinen Stromanschluss verf\u00fcgt, kann die Flare h\u00e4ngend ausschlie\u00dflich im Akkubetrieb genutzt werden und l\u00e4sst sich nicht durchg\u00e4ngig vom Netzstrom speisen.<\/p>\n<p>\u00dcber die Eve-Applikation des Herstellers angesteuert, l\u00e4sst die Flare die Konfiguration beliebiger Farben zu. Zudem k\u00f6nnen Nutzer w\u00e4hlen, ob die Lampe standardm\u00e4\u00dfig mit der zuletzt aktiven Farbe eingeschaltet werden oder stets in einem neutralen Wei\u00df erstrahlen soll, solange keine Farbkonfiguration gew\u00e4hrt wurde.<\/p>\n<p><a href=\"https:\/\/images.iphone-ticker.de\/wp-content\/uploads\/2023\/06\/eve-flare-eve-app-scaled.jpg\"><img loading=\"lazy\" decoding=\"async\" class=\"aligncenter size-large wp-image-214046\" src=\"https:\/\/images.iphone-ticker.de\/wp-content\/uploads\/2023\/06\/eve-flare-eve-app-700x468.jpg\" alt=\"Eve Flare Eve App\" width=\"700\" height=\"468\" srcset=\"https:\/\/images.iphone-ticker.de\/wp-content\/uploads\/2023\/06\/eve-flare-eve-app-700x468.jpg 700w, https:\/\/images.iphone-ticker.de\/wp-content\/uploads\/2023\/06\/eve-flare-eve-app-500x334.jpg 500w, https:\/\/images.iphone-ticker.de\/wp-content\/uploads\/2023\/06\/eve-flare-eve-app-1536x1026.jpg 1536w, https:\/\/images.iphone-ticker.de\/wp-content\/uploads\/2023\/06\/eve-flare-eve-app-2048x1368.jpg 2048w\" sizes=\"auto, (max-width: 700px) 100vw, 700px\" \/><\/a><\/p>\n<p>Dar\u00fcber hinaus l\u00e4sst sich die Sendeleistung des Funkmoduls fein abstimmen. Anwender k\u00f6nnen, je nach Entfernung der Lampe zur HomeKit-Steuerzentrale, zwischen optimaler Sendeleistung und bestm\u00f6glicher Akkulaufzeit w\u00e4hlen.<\/p>\n<h2>HomeKit sollte Kaufgrund sein<\/h2>\n<p>Die <a rel=\"noindex, nofollow\" href=\"http:\/\/www.ifun.de\/amzn\/B0C4LY4MX8\">Eve Flare<\/a> l\u00e4sst sich in Automation einbinden, kann per Siri-Sprachbefehl gesteuert werden und l\u00e4sst sich auf dem  iPhone sowohl \u00fcber Apples Home-Anwendung als auch \u00fcber die App des Herstellers ansteuern.<\/p>\n<p>Die smarte Konnektivit\u00e4t ist bei der Eve Flare kein Beiwerk, sondern sollte kaufentscheidend sein. Nur wer von den m\u00f6glichen Automationen, der HomeKit-Anbindung und der Option Gebrauch macht, die Eve Flare auch aus der Ferne zu steuern, sollte die 99 Euro investieren.<\/p>\n<p>Wer lediglich auf der Suche nach einer LED-Leuchte mit integriertem Akku ist, der findet <a rel=\"noindex, nofollow\" href=\"http:\/\/www.ifun.de\/amzn\/B00URO2SHC\">vergleichbare Objekte<\/a> ohne smarte Integration bereits zum halben Preis.<\/p>\n<script>\r\n  function open_amazon(link) {\r\n    if (navigator.userAgent.indexOf(\"Firefox\") != -1) {\r\n      window.open(link, '_blank');\r\n    } else {\r\n      var tag = document.createElement('a');\r\n      tag.setAttribute('href', link);\r\n      tag.innerHTML = \"amzn\";\r\n      tag.click();\r\n    }\r\n  }\r\n<\/script>\r\n    <div id=\"article-single-amazon-preview\" onclick=\"return open_amazon('https:\/\/www.amazon.de\/dp\/B0C4LY4MX8?tag=musicweb02&linkCode=ogi&th=1&psc=1');\">\n  <div id=\"article-single-amazon-preview-header\">\n    <span class=\"title\">Produkthinweis<\/span>\n      <\/div>\n  <div id=\"article-single-amazon-preview-content\">\n    <div id=\"article-single-amazon-preview-img\" style=\"background: url('https:\/\/m.media-amazon.com\/images\/I\/31Y0Rd4iycL.jpg') center center no-repeat; background-size: cover;\"><\/div>\n    <div id=\"article-single-amazon-preview-desc\">\n      <span class=\"bezeichnung\"><a href=\"https:\/\/www.amazon.de\/dp\/B0C4LY4MX8?tag=musicweb02&linkCode=ogi&th=1&psc=1\" style=\"text-decoration: none; border-bottom: 0px; box-shadow: none;\">Eve Flare (Apple Home) \u2013 Tragbare smarte LED-Kugelleuchte, wasserbest\u00e4ndig, wei\u00dfes & farbiges Licht, 90 lm...<\/a><\/span>\n      <span class=\"preis--aktuell\">74,95 EUR<\/span>\n      <span class=\"preis--alt\">99,95 EUR<\/span>\n    <\/div>\n  <\/div>\n<\/div>\n<p><div class=\"responsive-video\"><iframe loading=\"lazy\" title=\"Eve - Magisch.\" width=\"500\" height=\"281\" src=\"https:\/\/www.youtube-nocookie.com\/embed\/-ihAuKs8Hv4?feature=oembed\" frameborder=\"0\" allow=\"accelerometer; autoplay; clipboard-write; encrypted-media; gyroscope; picture-in-picture; web-share\" referrerpolicy=\"strict-origin-when-cross-origin\" allowfullscreen><\/iframe><\/div><\/p>\n<p><img loading=\"lazy\" decoding=\"async\" src=\"https:\/\/vg02.met.vgwort.de\/na\/1ae75022824e4746b54d1c382fb7658f\" width=\"1\" height=\"1\" no-lazy class=\"tracking\"><\/p>\n","protected":false},"excerpt":{"rendered":"<a href=\"https:\/\/www.iphone-ticker.de\/eve-flare-unser-eindruck-des-outdoor-stimmungslicht-mit-homekit-und-thread-214039\/\"><img width=\"150\" height=\"150\" src=\"https:\/\/images.iphone-ticker.de\/wp-content\/uploads\/2023\/06\/eve-flare-eve-app-150x150.jpg\" class=\"alignright tfe wp-post-image\" alt=\"Eve Flare Eve App\" decoding=\"async\" loading=\"lazy\" \/><\/a><p>Zur 99 Euro teuren Eve Flare gibt es eigentlich gar nicht so viel zu berichten. Bei der kugelrunden Akkuleuchte handelt es sich um ein Stimmungslicht, das f\u00fcr Atmosph\u00e4re w\u00e4hrend lauer Sommerabende sorgen soll und daf\u00fcr mit auf die Terrasse, den Balkon oder zum Baum an die H\u00e4ngematte genommen werden kann. Ohne WLAN, daf\u00fcr mit Bluetooth [&hellip;]<\/p>\n","protected":false},"author":1,"featured_media":214046,"comment_status":"open","ping_status":"closed","sticky":false,"template":"","format":"standard","meta":{"footnotes":""},"categories":[1,1975],"tags":[3317,2821,1722,640,5389,5239],"class_list":["post-214039","post","type-post","status-publish","format-standard","has-post-thumbnail","hentry","category-news","category-feature","tag-eve","tag-homekit","tag-lampe","tag-led","tag-thread","tag-zubehoer"],"aioseo_notices":[],"featured_image":["https:\/\/images.iphone-ticker.de\/wp-content\/uploads\/2018\/09\/eve-flare-homekit-lampe.jpg"],"subheadline":["HomeKit sollte Kaufgrund sein"],"rest_api_enabler":{"featured_image":"https:\/\/images.iphone-ticker.de\/wp-content\/uploads\/2018\/09\/eve-flare-homekit-lampe.jpg","subheadline":"HomeKit sollte Kaufgrund sein"},"_links":{"self":[{"href":"https:\/\/www.iphone-ticker.de\/apiv2\/wp\/v2\/posts\/214039","targetHints":{"allow":["GET"]}}],"collection":[{"href":"https:\/\/www.iphone-ticker.de\/apiv2\/wp\/v2\/posts"}],"about":[{"href":"https:\/\/www.iphone-ticker.de\/apiv2\/wp\/v2\/types\/post"}],"author":[{"embeddable":true,"href":"https:\/\/www.iphone-ticker.de\/apiv2\/wp\/v2\/users\/1"}],"replies":[{"embeddable":true,"href":"https:\/\/www.iphone-ticker.de\/apiv2\/wp\/v2\/comments?post=214039"}],"version-history":[{"count":6,"href":"https:\/\/www.iphone-ticker.de\/apiv2\/wp\/v2\/posts\/214039\/revisions"}],"predecessor-version":[{"id":214956,"href":"https:\/\/www.iphone-ticker.de\/apiv2\/wp\/v2\/posts\/214039\/revisions\/214956"}],"wp:featuredmedia":[{"embeddable":true,"href":"https:\/\/www.iphone-ticker.de\/apiv2\/wp\/v2\/media\/214046"}],"wp:attachment":[{"href":"https:\/\/www.iphone-ticker.de\/apiv2\/wp\/v2\/media?parent=214039"}],"wp:term":[{"taxonomy":"category","embeddable":true,"href":"https:\/\/www.iphone-ticker.de\/apiv2\/wp\/v2\/categories?post=214039"},{"taxonomy":"post_tag","embeddable":true,"href":"https:\/\/www.iphone-ticker.de\/apiv2\/wp\/v2\/tags?post=214039"}],"curies":[{"name":"wp","href":"https:\/\/api.w.org\/{rel}","templated":true}]}}