{"id":213757,"date":"2023-05-31T16:02:28","date_gmt":"2023-05-31T14:02:28","guid":{"rendered":"https:\/\/www.iphone-ticker.de\/?p=213757"},"modified":"2023-05-31T16:02:28","modified_gmt":"2023-05-31T14:02:28","slug":"10-mio-deutschlandtickets-verkauft-platzreservierungen-werden-teurer","status":"publish","type":"post","link":"https:\/\/www.iphone-ticker.de\/10-mio-deutschlandtickets-verkauft-platzreservierungen-werden-teurer-213757\/","title":{"rendered":"10 Mio. Deutschlandtickets verkauft. Platzreservierungen werden teurer."},"content":{"rendered":"<p>Seit dem Deb\u00fct des so genannten Deutschlandtickets Anfang Mai wurden insgesamt rund 10 Millionen Ticket-Abonnements verkauft. Darauf hat der Verband Deutscher Verkehrsunternehmen (VDV) jetzt <a href=\"https:\/\/www.vdv.de\/deutschlandticket.aspx\">in einer Zwischenbilanz hingewiesen<\/a>, die dem Deutschlandticket durchaus positive Noten ausstellt.<\/p>\n<p><a href=\"https:\/\/images.iphone-ticker.de\/wp-content\/uploads\/2023\/05\/vdv_dticket_infozahl_10mio.jpg\"><img loading=\"lazy\" decoding=\"async\" class=\"aligncenter size-medium wp-image-213759\" src=\"https:\/\/images.iphone-ticker.de\/wp-content\/uploads\/2023\/05\/vdv_dticket_infozahl_10mio-500x400.jpg\" alt=\"Vdv Dticket Infozahl 10mio\" width=\"500\" height=\"400\" srcset=\"https:\/\/images.iphone-ticker.de\/wp-content\/uploads\/2023\/05\/vdv_dticket_infozahl_10mio-500x400.jpg 500w, https:\/\/images.iphone-ticker.de\/wp-content\/uploads\/2023\/05\/vdv_dticket_infozahl_10mio-700x560.jpg 700w, https:\/\/images.iphone-ticker.de\/wp-content\/uploads\/2023\/05\/vdv_dticket_infozahl_10mio.jpg 1500w\" sizes=\"auto, (max-width: 500px) 100vw, 500px\" \/><\/a><\/p>\n<h6>Bilder: Verband Deutscher Verkehrsunternehmen (VDV)<\/h6>\n<h2>10 Mio. Deutschlandtickets verkauft<\/h2>\n<p>Demnach soll es sich bei knapp der H\u00e4lfte der 10 Millionen Abonnenten (4,3 Millionen) um Neukunden handeln, die bislang noch kein \u00d6PNV- Abonnement besessen haben, sondern sich vorwiegend mit Einzelfahrscheinen in den Angeboten des \u00f6ffentlichen Personennahverkehr bewegt haben.<\/p>\n<p>Bei der anderen H\u00e4lfte soll es sich um bestehende Abo-Kunden handeln, die aus Preisgr\u00fcnden zum neuen Deutschlandticket gewechselt sind. Die Anzahl der Kunden, die den \u00f6ffentlichen Personennahverkehr bislang gar nicht oder nur sehr selten in Anspruch genommen haben und erst durch das Deutschlandticket \u00fcberhaupt zu regelm\u00e4\u00dfigen \u00d6PNV-Nutzern geworden sind, beziffert der VDV mit rund 700.000 Menschen.<\/p>\n<p>Aktuell observiert der Branchenverband eine gestiegene Auslastung der Bef\u00f6rderungsangebote, sieht jedoch noch keine \u00dcberlastungen der Infrastruktur.<\/p>\n<!-- WP-Appbox (Version: 4.5.12 \/\/ Store: appstore \/\/ ID: 6444313428) -->\t<!-- app-link -->\n\t<div id=\"article-single-app-preview\">\n\t\t<div id=\"article-single-app-preview-header\">\n\t\t\t<span class=\"title\">Laden im App Store<\/span>\n\t\t<\/div>\n\t\t<div id=\"article-single-app-preview-content\">\n\t\t\t<div id=\"article-single-app-preview-img\"><img loading=\"lazy\" decoding=\"async\" src=\"\/\/www.iphone-ticker.de\/wp-content\/cache\/wp-appbox\/b708113dd4e0fdcdf97325d3490a3510-deprecated\/ai-925ca15294bb7a2131f9793d5bcadabc\" alt=\"\u200eDein Deutschlandticket\"  height=\"72\" width=\"72\" class=\"asl-icon-img\" \/><\/div>\n\t\t\t<div id=\"article-single-app-preview-desc\">\n\t\t\t\t<span class=\"name\">\u200eDein Deutschlandticket<\/span><br \/>\n\t\t\t\t<span class=\"seller\">Entwickler: <a target=\"_blank\" rel=\"nofollow\" href=\"https:\/\/apps.apple.com\/de\/developer\/mobility-inside\/id1653779008\">Mobility Inside<\/a><\/span>\n\t\t\t<\/div>\n\t\t\t<a target=\"_blank\" rel=\"nofollow\" href=\"https:\/\/apps.apple.com\/de\/app\/dein-deutschlandticket\/id6444313428\"><div id=\"article-single-app-preview-download\">Preis: Kostenlos<br \/>\n\t\t\t<span class=\"size\">Laden<\/span><\/div><\/a>\n\t\t<\/div>\n\t\t<!-- <div id=\"article-single-app-preview-footer\"><\/div>\t-->\n\t<\/div>\n\t<!-- app-link\/ende --><!-- \/WP-Appbox -->\n<h2>Platzreservierung werden teurer<\/h2>\n<p>Kennzahlen, die von \u00c4nderungen und <a href=\"https:\/\/www.bahn.de\/info\/kleiner-fahrplanwechsel-juni-23\">Preiserh\u00f6hungen bei der Deutschen Bahn<\/a> flankiert werden.<\/p>\n<p>So hat die Deutsche Bahn jetzt angek\u00fcndigt, die kostenfreie Sitzplatzreservierung in der 1. Klasse fortan streichen zu wollen, wenn das Ticket mit einem &#8222;Sparpreis&#8220; oder einem &#8222;Super-Sparpreis&#8220; gebucht wurde.  Die Kosten f\u00fcr Sitzplatzreservierungen in der 2. Klasse steigen auf 4,90 Euro beziehungsweise auf 9,80 Euro f\u00fcr Familien. Dauerreservierungen fallen komplett aus dem Angebot der Deutschen Bahn.<\/p>\n<p>Zudem bietet die Bahn ihre BahnCard 25, der 2. Klasse noch bis zum 30. Juni f\u00fcr Besitzer des Deutschlandtickets 10,90 Euro g\u00fcnstiger an als \u00fcblich. Die \u00c4nderungen im Wortlaut haben wir im Anschluss abgedruckt.<\/p>\n<blockquote>\n<h2 class=\"h1 \">\u00c4nderungen zum Fahrplanwechsel<\/h2>\n<p class=\"lead \">Neue Angebote, Aktionen und \u00c4nderungen im Fernverkehr ab dem 11. Juni 2023.<\/p>\n<h2 class=\"h2\">Aktionen<\/h2>\n<ul>\n<li>Super Sparpreis Europa Young zus\u00e4tzlich f\u00fcr Reisen von und nach Ungarn, D\u00e4nemark, Schweden, Kroatien, Slowakei, Slowenien und Polen bis Ende des Jahres<\/li>\n<li>BahnCard 100 f\u00fcr Senioren (ab 65 Jahren) und junge Erwachsene (unter 27 Jahren) zum Aktionspreis in der 1.\u202fKlasse und 2.\u202fKlasse bis 30.\u202fSeptember<\/li>\n<\/ul>\n<ul>\n<li>BahnCard 25 2. Klasse bis 30. Juni f\u00fcr Deutschland-Ticket-Inhaber:innen um 10,90 Euro g\u00fcnstiger<\/li>\n<li>Verl\u00e4ngerung der Angebote 10- und 20-Fahrten-Ticket um ein Jahr sowie erweiterte G\u00fcltigkeit auf zwei Monate bis 30. September 2023<\/li>\n<\/ul>\n<h2 class=\"h2\">Anpassungen von Preisen und Leistungen<\/h2>\n<ul>\n<li>Bei Super Sparpreisen und Sparpreisen ist keine kostenfreie Sitzplatzreservierung in der 1. Klasse mehr enthalten. Die Reservierung k\u00f6nnen Sie bei Bedarf hinzubuchen.<\/li>\n<li>Anpassung des Reservierungsentgelts 2. Klasse auf 4,90 Euro, bei Familienreservierung auf 9,80 Euro<\/li>\n<li>Wegfall des Angebots der Dauerreservierung (46 Reservierungen f\u00fcr 31 Tage)<\/li>\n<\/ul>\n<h2 class=\"h2\">Ausweitungen im Fahrplan<\/h2>\n<ul>\n<li>Ab 11. Juni f\u00e4hrt ein neues, zus\u00e4tzliches 6. Zugpaar zwischen Berlin und Warschau.<\/li>\n<li>Vom 26. Mai. bis 10. September verkehrt an an den Wochenenden ein ICE-Zugpaar der Linie 26 zwischen Hamburg und Karlsruhe via Schwarzwaldbahn bis Konstanz (Ankunft Konstanz Fr 20:09 Uhr\/ Sa 18:08 Uhr, Abfahrt Konstanz Sa 11:48 Uhr \/So 13:48 Uhr).<\/li>\n<li>Vom 3. Juni bis 26. Oktober f\u00e4hrt t\u00e4glich ein IC-Zugpaar zwischen Stuttgart \u2013 Karlsruhe \u2013 Schwarzwaldbahn \u2013 Konstanz.<\/li>\n<li>Vom 8. Juli bis 26. August verkehrt samstags ein neuer Zug zwischen Frankfurt und Bordeaux mit Zwischenhalten in Mannheim und Karlsruhe auf deutscher Seite (Sa ab FFM Hbf 6.56 Uhr an Bordeaux 14.35 Uhr, zur\u00fcck 15.58 Uhr ab Bordeaux an FFM Hbf 23.51 Uhr).<\/li>\n<\/ul>\n<\/blockquote>\n<p><img loading=\"lazy\" decoding=\"async\" src=\"https:\/\/vg02.met.vgwort.de\/na\/59e48b45ef304bc79d6cf64ed911264b\" width=\"1\" height=\"1\" no-lazy class=\"tracking\"><\/p>\n","protected":false},"excerpt":{"rendered":"<a href=\"https:\/\/www.iphone-ticker.de\/10-mio-deutschlandtickets-verkauft-platzreservierungen-werden-teurer-213757\/\"><img width=\"150\" height=\"150\" src=\"https:\/\/images.iphone-ticker.de\/wp-content\/uploads\/2023\/05\/vdv_dticket_infozahl_10mio-150x150.jpg\" class=\"alignright tfe wp-post-image\" alt=\"Vdv Dticket Infozahl 10mio\" decoding=\"async\" loading=\"lazy\" \/><\/a><p>Seit dem Deb\u00fct des so genannten Deutschlandtickets Anfang Mai wurden insgesamt rund 10 Millionen Ticket-Abonnements verkauft. Darauf hat der Verband Deutscher Verkehrsunternehmen (VDV) jetzt in einer Zwischenbilanz hingewiesen, die dem Deutschlandticket durchaus positive Noten ausstellt. Bilder: Verband Deutscher Verkehrsunternehmen (VDV) 10 Mio. Deutschlandtickets verkauft Demnach soll es sich bei knapp der H\u00e4lfte der 10 Millionen [&hellip;]<\/p>\n","protected":false},"author":1,"featured_media":213759,"comment_status":"open","ping_status":"closed","sticky":false,"template":"","format":"standard","meta":{"footnotes":""},"categories":[1],"tags":[426,1873,6270,48,49],"class_list":["post-213757","post","type-post","status-publish","format-standard","has-post-thumbnail","hentry","category-news","tag-bahn","tag-deutsche-bahn","tag-deutschlandticket","tag-geld","tag-zahlen"],"aioseo_notices":[],"featured_image":["https:\/\/images.iphone-ticker.de\/wp-content\/uploads\/2023\/05\/deutschland-ticket-vdv.jpg"],"subheadline":["\u00d6PNV und Deutsche Bahn"],"rest_api_enabler":{"featured_image":"https:\/\/images.iphone-ticker.de\/wp-content\/uploads\/2023\/05\/deutschland-ticket-vdv.jpg","subheadline":"\u00d6PNV und Deutsche Bahn"},"_links":{"self":[{"href":"https:\/\/www.iphone-ticker.de\/apiv2\/wp\/v2\/posts\/213757","targetHints":{"allow":["GET"]}}],"collection":[{"href":"https:\/\/www.iphone-ticker.de\/apiv2\/wp\/v2\/posts"}],"about":[{"href":"https:\/\/www.iphone-ticker.de\/apiv2\/wp\/v2\/types\/post"}],"author":[{"embeddable":true,"href":"https:\/\/www.iphone-ticker.de\/apiv2\/wp\/v2\/users\/1"}],"replies":[{"embeddable":true,"href":"https:\/\/www.iphone-ticker.de\/apiv2\/wp\/v2\/comments?post=213757"}],"version-history":[{"count":1,"href":"https:\/\/www.iphone-ticker.de\/apiv2\/wp\/v2\/posts\/213757\/revisions"}],"predecessor-version":[{"id":213760,"href":"https:\/\/www.iphone-ticker.de\/apiv2\/wp\/v2\/posts\/213757\/revisions\/213760"}],"wp:featuredmedia":[{"embeddable":true,"href":"https:\/\/www.iphone-ticker.de\/apiv2\/wp\/v2\/media\/213759"}],"wp:attachment":[{"href":"https:\/\/www.iphone-ticker.de\/apiv2\/wp\/v2\/media?parent=213757"}],"wp:term":[{"taxonomy":"category","embeddable":true,"href":"https:\/\/www.iphone-ticker.de\/apiv2\/wp\/v2\/categories?post=213757"},{"taxonomy":"post_tag","embeddable":true,"href":"https:\/\/www.iphone-ticker.de\/apiv2\/wp\/v2\/tags?post=213757"}],"curies":[{"name":"wp","href":"https:\/\/api.w.org\/{rel}","templated":true}]}}