{"id":212945,"date":"2023-05-17T16:00:05","date_gmt":"2023-05-17T14:00:05","guid":{"rendered":"https:\/\/www.iphone-ticker.de\/?p=212945"},"modified":"2023-05-23T22:33:11","modified_gmt":"2023-05-23T20:33:11","slug":"das-ist-der-neue-echo-auto-die-2-generation-ist-kompakter","status":"publish","type":"post","link":"https:\/\/www.iphone-ticker.de\/das-ist-der-neue-echo-auto-die-2-generation-ist-kompakter-212945\/","title":{"rendered":"Das ist der neue Echo Auto: Die 2. Generation ist kompakter"},"content":{"rendered":"<p>Heute ist gro\u00dfer Echo-Tag. Neben dem g\u00e4nzlich neuen (und ziemlich bunten) <a rel=\"noindex, nofollow\" href=\"http:\/\/www.ifun.de\/amzn\/B09WX9XBKD\">Echo Pop<\/a> hat Amazon nicht nur den <a rel=\"noindex, nofollow\" href=\"http:\/\/www.ifun.de\/amzn\/B09B2TH45G\">Echo Show 5<\/a> und <a rel=\"noindex, nofollow\" href=\"http:\/\/www.ifun.de\/amzn\/B09KJ12PL9\">dessen Kinderausgabe<\/a> mit zweij\u00e4hrigen Sorglosgarantie vorgestellt, sondern auch einen neuen <a rel=\"noindex, nofollow\" href=\"http:\/\/www.ifun.de\/amzn\/B09Y13TCNZ\">Echo Auto<\/a>.<\/p>\n<p><a href=\"https:\/\/images.iphone-ticker.de\/wp-content\/uploads\/2022\/09\/echo-auto-iphone.jpg\"><img loading=\"lazy\" decoding=\"async\" class=\"aligncenter size-medium wp-image-199462\" src=\"https:\/\/images.iphone-ticker.de\/wp-content\/uploads\/2022\/09\/echo-auto-iphone-500x340.jpg\" alt=\"Echo Auto Iphone\" width=\"500\" height=\"340\" srcset=\"https:\/\/images.iphone-ticker.de\/wp-content\/uploads\/2022\/09\/echo-auto-iphone-500x340.jpg 500w, https:\/\/images.iphone-ticker.de\/wp-content\/uploads\/2022\/09\/echo-auto-iphone-700x476.jpg 700w, https:\/\/images.iphone-ticker.de\/wp-content\/uploads\/2022\/09\/echo-auto-iphone.jpg 1000w\" sizes=\"auto, (max-width: 500px) 100vw, 500px\" \/><\/a><\/p>\n<h2>Zwei Halterungen erh\u00e4ltlich<\/h2>\n<p>Die zweite Generation des Fahrzeug-Begleiters kennen wir bereits aus dem <a href=\"https:\/\/www.iphone-ticker.de\/?p=199460\">vergangenen September<\/a>. Damals stellte Amazon das neue Modell in den Vereinigten Staaten vor, seit heute l\u00e4sst sich das 69,99 Euro teure KFZ-Accessoire auch hierzulande ordern &#8211; wahlweise mit <a rel=\"noindex, nofollow\" href=\"http:\/\/www.ifun.de\/amzn\/B0BC2C71H1\">L\u00fcftungsschlitzhalterung<\/a> oder der <a rel=\"noindex, nofollow\" href=\"http:\/\/www.ifun.de\/amzn\/B0BC29RV78\">selbstklebenden Autohalterung<\/a> zum Aufstecken.<\/p>\n<p>Der Fahrzeug-Kompagnon setzt in der zweiten Generation nicht nur auf ein neues, deutlich kompakteres Hardware-Design, Amazon hat auch die Anzahl der integrierten Mikrofone \u00fcberarbeitet und setzt nur noch auf f\u00fcnf statt der bislang verbauten acht Mikrofone im Ger\u00e4t &#8211; diese sollen auch mit einer laufenden Klimaanlage und den \u00fcblichen Stra\u00dfenger\u00e4uschen gut zurechtkommen.<\/p>\n<p><a href=\"https:\/\/images.iphone-ticker.de\/wp-content\/uploads\/2022\/09\/Echo_Auto_1920x1080_302-1400.jpg\"><img loading=\"lazy\" decoding=\"async\" class=\"aligncenter size-large wp-image-199463\" src=\"https:\/\/images.iphone-ticker.de\/wp-content\/uploads\/2022\/09\/Echo_Auto_1920x1080_302-1400-700x394.jpg\" alt=\"Echo Auto 1920x1080 302 1400\" width=\"700\" height=\"394\" srcset=\"https:\/\/images.iphone-ticker.de\/wp-content\/uploads\/2022\/09\/Echo_Auto_1920x1080_302-1400-700x394.jpg 700w, https:\/\/images.iphone-ticker.de\/wp-content\/uploads\/2022\/09\/Echo_Auto_1920x1080_302-1400-500x281.jpg 500w, https:\/\/images.iphone-ticker.de\/wp-content\/uploads\/2022\/09\/Echo_Auto_1920x1080_302-1400.jpg 1400w\" sizes=\"auto, (max-width: 700px) 100vw, 700px\" \/><\/a><\/p>\n<h2>Externes Mikro f\u00fcr die Alexa-App<\/h2>\n<p>Der Echo Auto setzt ein iPhone mit installierter Alexa-App, aktiver Bluetooth-Verbindung und mobilen Daten voraus und gestattet anschlie\u00dfend den Zugriff auf die Sprachassistenz, ohne das eigene Smartphone daf\u00fcr in die H\u00e4nde nehmen zu m\u00fcssen.<\/p>\n<p>Am besten l\u00e4sst sich Echo Auto als externes Alexa-Mikrofon beschreiben, das immer in Bereitschaft ist und sich auch zur Steuerung von Musik-Streaming-Diensten wie Amazon Music Unlimited, Spotify oder Apple Music nutzen l\u00e4sst.<\/p>\n<p><a href=\"https:\/\/images.iphone-ticker.de\/wp-content\/uploads\/2022\/09\/echo-auto-lieferumfang.jpg\"><img loading=\"lazy\" decoding=\"async\" class=\"aligncenter size-large wp-image-199471\" src=\"https:\/\/images.iphone-ticker.de\/wp-content\/uploads\/2022\/09\/echo-auto-lieferumfang-700x335.jpg\" alt=\"Echo Auto Lieferumfang\" width=\"700\" height=\"335\" srcset=\"https:\/\/images.iphone-ticker.de\/wp-content\/uploads\/2022\/09\/echo-auto-lieferumfang-700x335.jpg 700w, https:\/\/images.iphone-ticker.de\/wp-content\/uploads\/2022\/09\/echo-auto-lieferumfang-500x239.jpg 500w, https:\/\/images.iphone-ticker.de\/wp-content\/uploads\/2022\/09\/echo-auto-lieferumfang-1536x735.jpg 1536w, https:\/\/images.iphone-ticker.de\/wp-content\/uploads\/2022\/09\/echo-auto-lieferumfang-2048x980.jpg 2048w\" sizes=\"auto, (max-width: 700px) 100vw, 700px\" \/><\/a><\/p>\n<p>Echo Auto kann <a rel=\"noindex, nofollow\" href=\"http:\/\/www.ifun.de\/amzn\/B09Y13TCNZ\">ab sofort f\u00fcr 69,99 Euro bestellt werden<\/a> und soll noch in diesem Monat in die Auslieferung gehen. Zielgruppe sind vor allem Anwender die ihr Smart-Home-System zu Hause weitgehend auf Amazons Ger\u00e4ten aufgebaut haben und sowohl die Heizung als auch die Beleuchtung von unterwegs steuern m\u00f6chten.<\/p>\n<script>\r\n  function open_amazon(link) {\r\n    if (navigator.userAgent.indexOf(\"Firefox\") != -1) {\r\n      window.open(link, '_blank');\r\n    } else {\r\n      var tag = document.createElement('a');\r\n      tag.setAttribute('href', link);\r\n      tag.innerHTML = \"amzn\";\r\n      tag.click();\r\n    }\r\n  }\r\n<\/script>\r\n    <div id=\"article-single-amazon-preview\" onclick=\"return open_amazon('https:\/\/www.amazon.de\/dp\/B09Y13TCNZ?tag=musicweb02&linkCode=ogi&th=1&psc=1');\">\n  <div id=\"article-single-amazon-preview-header\">\n    <span class=\"title\">Produkthinweis<\/span>\n      <\/div>\n  <div id=\"article-single-amazon-preview-content\">\n    <div id=\"article-single-amazon-preview-img\" style=\"background: url('https:\/\/m.media-amazon.com\/images\/I\/31U0wmTu0GL.jpg') center center no-repeat; background-size: cover;\"><\/div>\n    <div id=\"article-single-amazon-preview-desc\">\n      <span class=\"bezeichnung\"><a href=\"https:\/\/www.amazon.de\/dp\/B09Y13TCNZ?tag=musicweb02&linkCode=ogi&th=1&psc=1\" style=\"text-decoration: none; border-bottom: 0px; box-shadow: none;\">Echo Auto (Neueste Generation) \u2013 Nimm Alexa mit auf die Fahrt<\/a><\/span>\n      <span class=\"preis--aktuell\"><\/span>\n      <span class=\"preis--alt\"><\/span>\n    <\/div>\n  <\/div>\n<\/div>\n<p><img loading=\"lazy\" decoding=\"async\" src=\"https:\/\/vg09.met.vgwort.de\/na\/a85904db94c446de89f3c9f46fba2363\" width=\"1\" height=\"1\" no-lazy class=\"tracking\"><\/p>\n","protected":false},"excerpt":{"rendered":"<a href=\"https:\/\/www.iphone-ticker.de\/das-ist-der-neue-echo-auto-die-2-generation-ist-kompakter-212945\/\"><img width=\"150\" height=\"150\" src=\"https:\/\/images.iphone-ticker.de\/wp-content\/uploads\/2023\/05\/echo-auto-roadtrip-150x150.jpg\" class=\"alignright tfe wp-post-image\" alt=\"Echo Auto Roadtrip\" decoding=\"async\" loading=\"lazy\" \/><\/a><p>Heute ist gro\u00dfer Echo-Tag. Neben dem g\u00e4nzlich neuen (und ziemlich bunten) Echo Pop hat Amazon nicht nur den Echo Show 5 und dessen Kinderausgabe mit zweij\u00e4hrigen Sorglosgarantie vorgestellt, sondern auch einen neuen Echo Auto. Zwei Halterungen erh\u00e4ltlich Die zweite Generation des Fahrzeug-Begleiters kennen wir bereits aus dem vergangenen September. Damals stellte Amazon das neue Modell [&hellip;]<\/p>\n","protected":false},"author":1,"featured_media":212947,"comment_status":"open","ping_status":"closed","sticky":false,"template":"","format":"standard","meta":{"footnotes":""},"categories":[1,1975],"tags":[254,3409,5335],"class_list":["post-212945","post","type-post","status-publish","format-standard","has-post-thumbnail","hentry","category-news","category-feature","tag-amazon","tag-amazon-echo","tag-echo-auto"],"aioseo_notices":[],"subheadline":["F\u00fcnf Mikrofone integriert","F\u00fcnf Mikrofone integriert"],"featured_image":["https:\/\/images.iphone-ticker.de\/wp-content\/uploads\/2023\/05\/echo-auto-roadtrip.jpg"],"rest_api_enabler":{"subheadline":["F\u00fcnf Mikrofone integriert","F\u00fcnf Mikrofone integriert"],"featured_image":"https:\/\/images.iphone-ticker.de\/wp-content\/uploads\/2023\/05\/echo-auto-roadtrip.jpg"},"_links":{"self":[{"href":"https:\/\/www.iphone-ticker.de\/apiv2\/wp\/v2\/posts\/212945","targetHints":{"allow":["GET"]}}],"collection":[{"href":"https:\/\/www.iphone-ticker.de\/apiv2\/wp\/v2\/posts"}],"about":[{"href":"https:\/\/www.iphone-ticker.de\/apiv2\/wp\/v2\/types\/post"}],"author":[{"embeddable":true,"href":"https:\/\/www.iphone-ticker.de\/apiv2\/wp\/v2\/users\/1"}],"replies":[{"embeddable":true,"href":"https:\/\/www.iphone-ticker.de\/apiv2\/wp\/v2\/comments?post=212945"}],"version-history":[{"count":3,"href":"https:\/\/www.iphone-ticker.de\/apiv2\/wp\/v2\/posts\/212945\/revisions"}],"predecessor-version":[{"id":212963,"href":"https:\/\/www.iphone-ticker.de\/apiv2\/wp\/v2\/posts\/212945\/revisions\/212963"}],"wp:featuredmedia":[{"embeddable":true,"href":"https:\/\/www.iphone-ticker.de\/apiv2\/wp\/v2\/media\/212947"}],"wp:attachment":[{"href":"https:\/\/www.iphone-ticker.de\/apiv2\/wp\/v2\/media?parent=212945"}],"wp:term":[{"taxonomy":"category","embeddable":true,"href":"https:\/\/www.iphone-ticker.de\/apiv2\/wp\/v2\/categories?post=212945"},{"taxonomy":"post_tag","embeddable":true,"href":"https:\/\/www.iphone-ticker.de\/apiv2\/wp\/v2\/tags?post=212945"}],"curies":[{"name":"wp","href":"https:\/\/api.w.org\/{rel}","templated":true}]}}