{"id":212358,"date":"2023-05-09T16:08:52","date_gmt":"2023-05-09T14:08:52","guid":{"rendered":"https:\/\/www.iphone-ticker.de\/?p=212358"},"modified":"2023-05-09T16:09:56","modified_gmt":"2023-05-09T14:09:56","slug":"ios-16-5-das-update-kommt-naechste-woche","status":"publish","type":"post","link":"https:\/\/www.iphone-ticker.de\/ios-16-5-das-update-kommt-naechste-woche-212358\/","title":{"rendered":"iOS 16.5: Das Update kommt n\u00e4chste Woche"},"content":{"rendered":"<p>Damit die Best\u00e4tigung Apples im Schlagzeilenfeuer der <a href=\"https:\/\/www.ifun.de\/pro-apps-fuer-das-ipad-final-cut-pro-und-logic-pro-kommen-im-abo-209437\/\">ersten Pro-Apps f\u00fcr das iPad<\/a> nicht untergeht: Die Betriebssystem-Aktualisierungen auf iOS 16.5 und watchOS 9.5 wird Apple bereits in der kommenden Woche zum Download bereitstellen und beendet die seit gut 40 Tagen laufende Betaphase damit dann in der 20. Kalenderwoche.<\/p>\n<p><a href=\"https:\/\/images.iphone-ticker.de\/wp-content\/uploads\/2023\/03\/16-5-beta-scaled.jpg\"><img loading=\"lazy\" decoding=\"async\" class=\"aligncenter size-medium wp-image-210019\" src=\"https:\/\/images.iphone-ticker.de\/wp-content\/uploads\/2023\/03\/16-5-beta-500x500.jpg\" alt=\"16 5 Beta\" width=\"500\" height=\"500\" srcset=\"https:\/\/images.iphone-ticker.de\/wp-content\/uploads\/2023\/03\/16-5-beta-500x500.jpg 500w, https:\/\/images.iphone-ticker.de\/wp-content\/uploads\/2023\/03\/16-5-beta-700x700.jpg 700w, https:\/\/images.iphone-ticker.de\/wp-content\/uploads\/2023\/03\/16-5-beta-150x150.jpg 150w, https:\/\/images.iphone-ticker.de\/wp-content\/uploads\/2023\/03\/16-5-beta-1536x1536.jpg 1536w, https:\/\/images.iphone-ticker.de\/wp-content\/uploads\/2023\/03\/16-5-beta-2048x2048.jpg 2048w\" sizes=\"auto, (max-width: 500px) 100vw, 500px\" \/><\/a><\/p>\n<h2>iOS &amp; iPadOS 16.5, watchOS 9.5 und macOS 13.4<\/h2>\n<p>Voraussichtlich wird Apple die Aktualisierungen bis sp\u00e4testens Dienstagabend f\u00fcr alle Nutzer bereitstellen. Dass die Updates schon in der kommenden Woche ausgespielt werden sollen hat Apple im Zuge der Vorstellung des <a href=\"https:\/\/www.iphone-ticker.de\/pride-edition-2023-apple-stellt-zifferblatt-und-armband-vor-212345\/\">diesj\u00e4hrigen Pride-Armbandes<\/a> f\u00fcr die Apple Watch best\u00e4tigt.<\/p>\n<p>Wie in den vergangenen Jahren werden die neuen Pride-Armb\u00e4nder auch 2023 von einem neuen Zifferblatt und einem iOS-Hintergrundbild flankiert, die beide in der kommenden Woche verf\u00fcgbar sein werden, zur Installation aber watchOS 9.5 und iOS 16.5 voraussetzen.<\/p>\n<h2>F\u00fcr das &#8222;Pride Celebration&#8220;-Zifferblatt<\/h2>\n<p>Das &#8222;Pride Celebration&#8220;-Zifferblatt l\u00f6st in diesem Jahr Assoziationen mit Konfetti aus, will mit seinem farbenfrohen Regenbogen-Schnipseln aber das Design der Armb\u00e4nder nachempfinden, die die &#8222;Individualit\u00e4t aller Mitglieder der LGBTQ+ Community widerspiegeln&#8220; sollen.<\/p>\n<p><a href=\"https:\/\/images.iphone-ticker.de\/wp-content\/uploads\/2023\/05\/Apple-Watch-Pride-Edition-Celebration-wallpaper_inline.jpg.large_2x.jpg\"><img loading=\"lazy\" decoding=\"async\" src=\"https:\/\/images.iphone-ticker.de\/wp-content\/uploads\/2023\/05\/Apple-Watch-Pride-Edition-Celebration-wallpaper_inline.jpg.large_2x-700x700.jpg\" alt=\"Apple Watch Pride Edition Celebration Wallpaper Inline.jpg.large 2x\" width=\"700\" height=\"700\" class=\"aligncenter size-large wp-image-212365\" srcset=\"https:\/\/images.iphone-ticker.de\/wp-content\/uploads\/2023\/05\/Apple-Watch-Pride-Edition-Celebration-wallpaper_inline.jpg.large_2x-700x700.jpg 700w, https:\/\/images.iphone-ticker.de\/wp-content\/uploads\/2023\/05\/Apple-Watch-Pride-Edition-Celebration-wallpaper_inline.jpg.large_2x-500x500.jpg 500w, https:\/\/images.iphone-ticker.de\/wp-content\/uploads\/2023\/05\/Apple-Watch-Pride-Edition-Celebration-wallpaper_inline.jpg.large_2x-150x150.jpg 150w, https:\/\/images.iphone-ticker.de\/wp-content\/uploads\/2023\/05\/Apple-Watch-Pride-Edition-Celebration-wallpaper_inline.jpg.large_2x.jpg 1306w\" sizes=\"auto, (max-width: 700px) 100vw, 700px\" \/><\/a><\/p>\n<p>So <a href=\"https:\/\/www.apple.com\/de\/newsroom\/2023\/05\/apple-watch-pride-edition-celebrates-the-lgbtq-community\/\">erkl\u00e4rt Apple<\/a>, dass die Farbpunkte w\u00e4hrend des Herstellungsprozesses vom wei\u00dfen Grundmaterial umschlossen werden und so daf\u00fcr sorgen, dass alle diesj\u00e4hrigen Pride-Armb\u00e4nder individuell ausfallen.<\/p>\n<h2>Nur wenig Neuerungen<\/h2>\n<p>iOS 16.5 bringt als System-Update nur wenig sichtbare Neuerungen mit. <a href=\"https:\/\/www.iphone-ticker.de\/ios-16-5-neue-funktionen-fuer-siri-homekit-und-apple-news-210018\/\">Wie berichtet<\/a> wurden kleine Detail-Verbesserungen bei HomeKit, beim Einsatz von Kurzbefehlen und bei der Anzeigen des in Deutschland noch nicht verf\u00fcgbaren Nachrichten-Angebotes Apple News+ ausgemacht.<\/p>\n<ul>\n<li><strong>iOS 16.5:<\/strong> <a title=\"iOS 16.5: Neue Funktionen f\u00fcr Siri, HomeKit und Apple News\" href=\"https:\/\/www.iphone-ticker.de\/ios-16-5-neue-funktionen-fuer-siri-homekit-und-apple-news-210018\/\">Neue Funktionen f\u00fcr Siri, HomeKit und Apple News<\/a><\/li>\n<\/ul>\n<p>Ansonsten jedoch ist scheint sich das System-Update vor allem um die neuen Pro-Apps f\u00fcr das iPad, und die Design-Aktualisierungen f\u00fcr die diesj\u00e4hrigen Pride-Armb\u00e4nder zu k\u00fcmmern.<\/p>\n<p><img loading=\"lazy\" decoding=\"async\" src=\"https:\/\/vg08.met.vgwort.de\/na\/f4fd051d8dcb4452b06665d458bf2ff1\" width=\"1\" height=\"1\" no-lazy class=\"tracking\"><\/p>\n","protected":false},"excerpt":{"rendered":"<a href=\"https:\/\/www.iphone-ticker.de\/ios-16-5-das-update-kommt-naechste-woche-212358\/\"><img width=\"150\" height=\"150\" src=\"https:\/\/images.iphone-ticker.de\/wp-content\/uploads\/2023\/05\/Apple-Watch-Pride-Edition-Celebration-wallpaper_inline.jpg.large_2x-150x150.jpg\" class=\"alignright tfe wp-post-image\" alt=\"Apple Watch Pride Edition Celebration Wallpaper Inline.jpg.large 2x\" decoding=\"async\" loading=\"lazy\" srcset=\"https:\/\/images.iphone-ticker.de\/wp-content\/uploads\/2023\/05\/Apple-Watch-Pride-Edition-Celebration-wallpaper_inline.jpg.large_2x-150x150.jpg 150w, https:\/\/images.iphone-ticker.de\/wp-content\/uploads\/2023\/05\/Apple-Watch-Pride-Edition-Celebration-wallpaper_inline.jpg.large_2x-500x500.jpg 500w, https:\/\/images.iphone-ticker.de\/wp-content\/uploads\/2023\/05\/Apple-Watch-Pride-Edition-Celebration-wallpaper_inline.jpg.large_2x-700x700.jpg 700w, https:\/\/images.iphone-ticker.de\/wp-content\/uploads\/2023\/05\/Apple-Watch-Pride-Edition-Celebration-wallpaper_inline.jpg.large_2x.jpg 1306w\" sizes=\"auto, (max-width: 150px) 100vw, 150px\" \/><\/a><p>Damit die Best\u00e4tigung Apples im Schlagzeilenfeuer der ersten Pro-Apps f\u00fcr das iPad nicht untergeht: Die Betriebssystem-Aktualisierungen auf iOS 16.5 und watchOS 9.5 wird Apple bereits in der kommenden Woche zum Download bereitstellen und beendet die seit gut 40 Tagen laufende Betaphase damit dann in der 20. Kalenderwoche. iOS &amp; iPadOS 16.5, watchOS 9.5 und macOS [&hellip;]<\/p>\n","protected":false},"author":1,"featured_media":212365,"comment_status":"open","ping_status":"closed","sticky":false,"template":"","format":"standard","meta":{"footnotes":""},"categories":[1],"tags":[3912,3914,386,5661,6382,115],"class_list":["post-212358","post","type-post","status-publish","format-standard","has-post-thumbnail","hentry","category-news","tag-apple","tag-apps","tag-beta","tag-ios","tag-ios-16-5","tag-update"],"aioseo_notices":[],"subheadline":["Zusammen mit watchOS 9.5"],"featured_image":["https:\/\/images.iphone-ticker.de\/wp-content\/uploads\/2023\/04\/ios-16-5-dev-beta.jpg"],"rest_api_enabler":{"subheadline":"Zusammen mit watchOS 9.5","featured_image":"https:\/\/images.iphone-ticker.de\/wp-content\/uploads\/2023\/04\/ios-16-5-dev-beta.jpg"},"_links":{"self":[{"href":"https:\/\/www.iphone-ticker.de\/apiv2\/wp\/v2\/posts\/212358","targetHints":{"allow":["GET"]}}],"collection":[{"href":"https:\/\/www.iphone-ticker.de\/apiv2\/wp\/v2\/posts"}],"about":[{"href":"https:\/\/www.iphone-ticker.de\/apiv2\/wp\/v2\/types\/post"}],"author":[{"embeddable":true,"href":"https:\/\/www.iphone-ticker.de\/apiv2\/wp\/v2\/users\/1"}],"replies":[{"embeddable":true,"href":"https:\/\/www.iphone-ticker.de\/apiv2\/wp\/v2\/comments?post=212358"}],"version-history":[{"count":4,"href":"https:\/\/www.iphone-ticker.de\/apiv2\/wp\/v2\/posts\/212358\/revisions"}],"predecessor-version":[{"id":212366,"href":"https:\/\/www.iphone-ticker.de\/apiv2\/wp\/v2\/posts\/212358\/revisions\/212366"}],"wp:featuredmedia":[{"embeddable":true,"href":"https:\/\/www.iphone-ticker.de\/apiv2\/wp\/v2\/media\/212365"}],"wp:attachment":[{"href":"https:\/\/www.iphone-ticker.de\/apiv2\/wp\/v2\/media?parent=212358"}],"wp:term":[{"taxonomy":"category","embeddable":true,"href":"https:\/\/www.iphone-ticker.de\/apiv2\/wp\/v2\/categories?post=212358"},{"taxonomy":"post_tag","embeddable":true,"href":"https:\/\/www.iphone-ticker.de\/apiv2\/wp\/v2\/tags?post=212358"}],"curies":[{"name":"wp","href":"https:\/\/api.w.org\/{rel}","templated":true}]}}