{"id":212100,"date":"2023-05-04T18:59:52","date_gmt":"2023-05-04T16:59:52","guid":{"rendered":"https:\/\/www.iphone-ticker.de\/?p=212100"},"modified":"2023-05-10T09:34:53","modified_gmt":"2023-05-10T07:34:53","slug":"eu-warnt-apple-vor-beschneidung-der-usb-c-anschluesse","status":"publish","type":"post","link":"https:\/\/www.iphone-ticker.de\/eu-warnt-apple-vor-beschneidung-der-usb-c-anschluesse-212100\/","title":{"rendered":"EU warnt Apple vor Beschneidung der USB-C-Anschl\u00fcsse"},"content":{"rendered":"<p>Der EU-Kommissar Thierry Breton hat Apple offenbar davor gewarnt, einen Sonderweg hinsichtlich der Implementierung von USB-C in das iPhone zu beschreiten. In einem Schreiben an Apple hat Breton demnach darauf hingewiesen, dass Einschr\u00e4nkungen im Zusammenspiel mit Ladeger\u00e4ten unzul\u00e4ssig seien.<\/p>\n<p>Der Wortlaut des Schreibens des EU-Industriekommissars liegt der Deutschen Presseagentur vor und wird nun von verschiedenen deutschen Medien zitiert, darunter auch <a href=\"https:\/\/www.zeit.de\/digital\/mobil\/2023-05\/eu-kommission-apple-ladekabel-einschraenkungen-warnung\">Die Zeit<\/a>.<\/p>\n<p><a href=\"https:\/\/images.iphone-ticker.de\/wp-content\/uploads\/2023\/05\/usb-c-marcus-urbenz-4xMAiJZPQXI-unsplash-scaled.jpg\"><img loading=\"lazy\" decoding=\"async\" src=\"https:\/\/images.iphone-ticker.de\/wp-content\/uploads\/2023\/05\/usb-c-marcus-urbenz-4xMAiJZPQXI-unsplash-500x333.jpg\" alt=\"Usb C Marcus Urbenz 4xMAiJZPQXI Unsplash\" width=\"500\" height=\"333\" class=\"aligncenter size-medium wp-image-212405\" srcset=\"https:\/\/images.iphone-ticker.de\/wp-content\/uploads\/2023\/05\/usb-c-marcus-urbenz-4xMAiJZPQXI-unsplash-500x333.jpg 500w, https:\/\/images.iphone-ticker.de\/wp-content\/uploads\/2023\/05\/usb-c-marcus-urbenz-4xMAiJZPQXI-unsplash-700x467.jpg 700w, https:\/\/images.iphone-ticker.de\/wp-content\/uploads\/2023\/05\/usb-c-marcus-urbenz-4xMAiJZPQXI-unsplash-1536x1024.jpg 1536w, https:\/\/images.iphone-ticker.de\/wp-content\/uploads\/2023\/05\/usb-c-marcus-urbenz-4xMAiJZPQXI-unsplash-2048x1365.jpg 2048w\" sizes=\"auto, (max-width: 500px) 100vw, 500px\" \/><\/a><\/p>\n<h6>Bilder: <a href=\"https:\/\/unsplash.com\/de\/@marcusurbenz\">Marcus Urbenz<\/a> &#038; <a href=\"https:\/\/unsplash.com\/de\/@maccarevn\">Mac Care<\/a><\/h6>\n<p>Bretons Mahnung kommt keineswegs von ungef\u00e4hr. Apple ist daf\u00fcr bekannt, seine eigenen Standards oder zumindest Varianten von g\u00e4ngigen Standards zu schaffen und wo m\u00f6glich auch Geb\u00fchren f\u00fcr das als \u201eMFi\u201c bekannte zertifizierte Zubeh\u00f6r zu verlangen. W\u00e4hrend es inzwischen au\u00dfer Frage steht, dass Apple auch beim iPhone k\u00fcnftig USB-C anstelle von Lightning verbaut, wurde zumindest dar\u00fcber spekuliert, ob der Hersteller damit verbunden den Einsatz von Standardkabeln mit Einschr\u00e4nkungen belegt und beispielsweise die volle Ladeleistung oder die maximale Geschwindigkeit bei Daten\u00fcbertragungen nur erm\u00f6glicht, wenn die Kabel \u00fcber einen entsprechenden Authentifizierungs-Chip verf\u00fcgen.<\/p>\n<p>Der EU-Kommissar hat sich den Berichten zufolge diesbez\u00fcglich unmissverst\u00e4ndlich und deutlich ge\u00e4u\u00dfert und Apple mitgeteilt, dass Ger\u00e4te, die die Anforderungen an das einheitliche Ladeger\u00e4t nicht erf\u00fcllen, auf dem EU-Markt schlicht nicht zugelassen werden.<\/p>\n<h2>USB-C-Pflicht ab Herbst 2024<\/h2>\n<p>Die <a href=\"https:\/\/www.iphone-ticker.de\/europa-hat-entschieden-usb-c-wird-ab-herbst-2024-ladestandard-192318\/\">EU-Richtlinie f\u00fcr einheitliche Ladeger\u00e4te<\/a> ist seit dem vergangenen Jahr in trockenen T\u00fcchern und soll zum Herbst kommenden Jahres umgesetzt werden. Die \u201eUSB-C-Pflicht\u201c gilt dann k\u00fcnftig nicht nur f\u00fcr Smartphones und Tablets, sondern auch f\u00fcr E-Book-Leseger\u00e4te, digitale Kameras, Kopfh\u00f6rer, Headsets, Spielkonsolen und tragbare Lautsprecher. Zudem sollen die Vorgaben auf lange Sicht dann auch f\u00fcr gr\u00f6\u00dfere Ger\u00e4te wie etwa Notebooks Bestand haben.<\/p>\n<blockquote>\n<p>Das gemeinsame Ladeger\u00e4t wird in Europa endlich Wirklichkeit. Wir haben mehr als zehn Jahre auf diese Vorschriften gewartet und k\u00f6nnen die derzeitige F\u00fclle von Ladeger\u00e4ten endlich der Vergangenheit angeh\u00f6ren lassen. Dieses zukunftssichere Gesetz erm\u00f6glicht die Entwicklung innovativer Ladel\u00f6sungen in der Zukunft, und davon werden alle profitieren \u2013 von frustrierten Verbrauchern bis hin zu unserer empfindlichen Umwelt. Es sind schwierige Zeiten f\u00fcr die Politik, aber wir haben gezeigt, dass der EU die Ideen nicht ausgegangen sind, um das Leben von Millionen von Menschen in Europa zu verbessern und f\u00fcr andere Teile der Welt mit gutem Beispiel voranzugehen.<br \/>-EU-Sprecher Alex Agius Aliba<img loading=\"lazy\" decoding=\"async\" src=\"https:\/\/vg07.met.vgwort.de\/na\/64a6e33f300d4f0fbebebfbece956125\" width=\"1\" height=\"1\" no-lazy class=\"tracking\"><\/p>\n<\/blockquote>\n","protected":false},"excerpt":{"rendered":"<a href=\"https:\/\/www.iphone-ticker.de\/eu-warnt-apple-vor-beschneidung-der-usb-c-anschluesse-212100\/\"><img width=\"150\" height=\"150\" src=\"https:\/\/images.iphone-ticker.de\/wp-content\/uploads\/2023\/05\/usb-c-feature-unsplash-150x150.jpg\" class=\"alignright tfe wp-post-image\" alt=\"Usb C Feature Unsplash\" decoding=\"async\" loading=\"lazy\" \/><\/a><p>Der EU-Kommissar Thierry Breton hat Apple offenbar davor gewarnt, einen Sonderweg hinsichtlich der Implementierung von USB-C in das iPhone zu beschreiten. In einem Schreiben an Apple hat Breton demnach darauf hingewiesen, dass Einschr\u00e4nkungen im Zusammenspiel mit Ladeger\u00e4ten unzul\u00e4ssig seien. Der Wortlaut des Schreibens des EU-Industriekommissars liegt der Deutschen Presseagentur vor und wird nun von verschiedenen [&hellip;]<\/p>\n","protected":false},"author":2,"featured_media":212105,"comment_status":"open","ping_status":"closed","sticky":false,"template":"","format":"standard","meta":{"footnotes":""},"categories":[749,1975],"tags":[3912,344],"class_list":["post-212100","post","type-post","status-publish","format-standard","has-post-thumbnail","hentry","category-iphone-2","category-feature","tag-apple","tag-iphone"],"aioseo_notices":[],"subheadline":["Einheitlicher Ladestandard"],"featured_image":["https:\/\/images.iphone-ticker.de\/wp-content\/uploads\/2023\/05\/apple-usb-c-kabel-yLu5Xg7dJPE.jpg"],"rest_api_enabler":{"subheadline":"Einheitlicher Ladestandard","featured_image":"https:\/\/images.iphone-ticker.de\/wp-content\/uploads\/2023\/05\/apple-usb-c-kabel-yLu5Xg7dJPE.jpg"},"_links":{"self":[{"href":"https:\/\/www.iphone-ticker.de\/apiv2\/wp\/v2\/posts\/212100","targetHints":{"allow":["GET"]}}],"collection":[{"href":"https:\/\/www.iphone-ticker.de\/apiv2\/wp\/v2\/posts"}],"about":[{"href":"https:\/\/www.iphone-ticker.de\/apiv2\/wp\/v2\/types\/post"}],"author":[{"embeddable":true,"href":"https:\/\/www.iphone-ticker.de\/apiv2\/wp\/v2\/users\/2"}],"replies":[{"embeddable":true,"href":"https:\/\/www.iphone-ticker.de\/apiv2\/wp\/v2\/comments?post=212100"}],"version-history":[{"count":8,"href":"https:\/\/www.iphone-ticker.de\/apiv2\/wp\/v2\/posts\/212100\/revisions"}],"predecessor-version":[{"id":212406,"href":"https:\/\/www.iphone-ticker.de\/apiv2\/wp\/v2\/posts\/212100\/revisions\/212406"}],"wp:featuredmedia":[{"embeddable":true,"href":"https:\/\/www.iphone-ticker.de\/apiv2\/wp\/v2\/media\/212105"}],"wp:attachment":[{"href":"https:\/\/www.iphone-ticker.de\/apiv2\/wp\/v2\/media?parent=212100"}],"wp:term":[{"taxonomy":"category","embeddable":true,"href":"https:\/\/www.iphone-ticker.de\/apiv2\/wp\/v2\/categories?post=212100"},{"taxonomy":"post_tag","embeddable":true,"href":"https:\/\/www.iphone-ticker.de\/apiv2\/wp\/v2\/tags?post=212100"}],"curies":[{"name":"wp","href":"https:\/\/api.w.org\/{rel}","templated":true}]}}