{"id":210707,"date":"2023-04-12T10:37:19","date_gmt":"2023-04-12T08:37:19","guid":{"rendered":"https:\/\/www.iphone-ticker.de\/?p=210707"},"modified":"2023-04-17T19:23:43","modified_gmt":"2023-04-17T17:23:43","slug":"apple-zieht-die-notbremse-iphone-15-wohl-doch-mit-klassischen-tasten","status":"publish","type":"post","link":"https:\/\/www.iphone-ticker.de\/apple-zieht-die-notbremse-iphone-15-wohl-doch-mit-klassischen-tasten-210707\/","title":{"rendered":"Apple zieht die Notbremse: iPhone 15 wohl doch mit klassischen Tasten"},"content":{"rendered":"<p>Kurz vor dem Beginn der Massenfertigung der diesj\u00e4hrigen iPhone-Modelle soll Apple eine der geplanten Hardware-Neuerungen des iPhone 15 Pro \u00fcber Bord geworfen haben.<\/p>\n<p><a href=\"https:\/\/images.iphone-ticker.de\/wp-content\/uploads\/2015\/09\/taptic.gif\"><img loading=\"lazy\" decoding=\"async\" class=\"aligncenter size-full wp-image-86976\" src=\"https:\/\/images.iphone-ticker.de\/wp-content\/uploads\/2015\/09\/taptic.gif\" alt=\"\" width=\"500\" height=\"282\" \/><\/a><\/p>\n<h6>Eigentlich geplant: Vibrationen statt mechanischer Tasten<\/h6>\n<p>Dies berichtet der Apple-Analyst Ming-Chi Kuo, der \u00fcber hervorragende Kontakte in Apples Lieferkette verf\u00fcgt und sich in dieser zum Auftragsstand bei den wichtigsten Apple-Partnern <a href=\"https:\/\/medium.com\/@mingchikuo\/two-iphone-15-pro-models-removal-of-solid-state-button-design-negatively-affects-cirrus-logic-and-a456d5e7386c\">umgeh\u00f6rt hat<\/a>.<\/p>\n<h2>&#8222;ungel\u00f6ste technische Probleme&#8220;<\/h2>\n<p>So soll sich Apples kurz vor der Zielgeraden nun doch gegen den Austausch von Lautst\u00e4rke-Tasten, Seitentaste und Stummschalter entschieden haben und will auch den Pro-Modellen des iPhone 15 wieder mechanische Tasten mit auf den Weg geben.<\/p>\n<p>Geplant hatte Apple eigentlich die Abkehr von beweglichen Bauteilen und wollte die an der Ger\u00e4teseite verbauten Tasten durch statische Bedienelemente ersetzen, die ber\u00fchrungsempfindlich auf Anwendereingaben reagieren, selbst aber ohne mechanische Komponenten arbeiten w\u00fcrden.<\/p>\n<ul>\n<li><strong>iPhone 15 Pro:<\/strong> <a title=\"iPhone 15: Apple soll Tasten durch Vibrationen ersetzen\" href=\"https:\/\/www.iphone-ticker.de\/iphone-15-apple-soll-tasten-durch-vibrationen-ersetzen-201056\/\">Apple soll Tasten durch Vibrationen ersetzen<\/a><\/li>\n<\/ul>\n<p>Der Wechsel auf so genannte Solid-State-Tasten geh\u00f6rte zu den konkretesten Hardware-Prognosen f\u00fcr die diesj\u00e4hrige iPhone-Generation. Wie damals beim Home-Button des iPhone 7, so spekulierte man in gut unterrichteten Kreisen, w\u00fcrden nun auch die noch verbleibenden Tasten des iPhones gegen Erm\u00fcdungserscheinungen immunisiert. Doch dem ist offenbar nicht so.<\/p>\n<p><a href=\"https:\/\/images.iphone-ticker.de\/wp-content\/uploads\/2023\/03\/bild.jpg\"><img loading=\"lazy\" decoding=\"async\" class=\"alignnone size-large wp-image-210108\" src=\"https:\/\/images.iphone-ticker.de\/wp-content\/uploads\/2023\/03\/bild-700x421.jpg\" alt=\"Bild\" width=\"700\" height=\"421\" srcset=\"https:\/\/images.iphone-ticker.de\/wp-content\/uploads\/2023\/03\/bild-700x421.jpg 700w, https:\/\/images.iphone-ticker.de\/wp-content\/uploads\/2023\/03\/bild-500x301.jpg 500w, https:\/\/images.iphone-ticker.de\/wp-content\/uploads\/2023\/03\/bild.jpg 1151w\" sizes=\"auto, (max-width: 700px) 100vw, 700px\" \/><\/a><\/p>\n<h2>Pro-Modelle ohne Solid-State-Tasten<\/h2>\n<p>Wie Kuo unter Berufung auf R\u00fcckmeldungen aus Zuliefererkreisen meldet, w\u00fcrde Apple &#8222;aufgrund ungel\u00f6ster technischer Probleme&#8220; auf die Massenproduktion des Solid-State-Button-Designs verzichten und stattdessen ein weiteres Jahr auf die bew\u00e4hrten Druckkn\u00f6pfe setzen. Betroffen von der Entscheidung sind das iPhone 15 Pro und das iPhone 15 Pro Max. Die regul\u00e4ren Modelle h\u00e4tten ohnehin noch nicht von den neuen Tasten profitiert.<\/p>\n<p>Laut Kuo soll sich die Last-Minute-Entscheidung nicht bzw. nur marginal auf den Zeitplan f\u00fcr die Massenproduktion und dementsprechend auch den Verkaufsstart der Pro-Modelle auswirken.<\/p>\n<p><img loading=\"lazy\" decoding=\"async\" src=\"https:\/\/vg07.met.vgwort.de\/na\/ea546f4a4a954b83801782b3fd84f652\" width=\"1\" height=\"1\" no-lazy class=\"tracking\"><\/p>\n","protected":false},"excerpt":{"rendered":"<a href=\"https:\/\/www.iphone-ticker.de\/apple-zieht-die-notbremse-iphone-15-wohl-doch-mit-klassischen-tasten-210707\/\"><img decoding=\"async\" width=\"150\" src=\"https:\/\/images.iphone-ticker.de\/wp-content\/uploads\/2015\/09\/taptic.gif\" class=\"alignright wp-post-image tfe\" alt=\"\" title=\"\" \/><\/a><p>Kurz vor dem Beginn der Massenfertigung der diesj\u00e4hrigen iPhone-Modelle soll Apple eine der geplanten Hardware-Neuerungen des iPhone 15 Pro \u00fcber Bord geworfen haben. Eigentlich geplant: Vibrationen statt mechanischer Tasten Dies berichtet der Apple-Analyst Ming-Chi Kuo, der \u00fcber hervorragende Kontakte in Apples Lieferkette verf\u00fcgt und sich in dieser zum Auftragsstand bei den wichtigsten Apple-Partnern umgeh\u00f6rt hat. [&hellip;]<\/p>\n","protected":false},"author":1,"featured_media":0,"comment_status":"open","ping_status":"closed","sticky":false,"template":"","format":"standard","meta":{"footnotes":""},"categories":[1,1975],"tags":[2064,6237,3910,4548],"class_list":["post-210707","post","type-post","status-publish","format-standard","hentry","category-news","category-feature","tag-geruechte","tag-iphone-15","tag-rumors","tag-seitentaste"],"aioseo_notices":[],"subheadline":["Probleme auf dem letzten Meter","Probleme auf dem letzten Meter"],"featured_image":["https:\/\/images.iphone-ticker.de\/wp-content\/uploads\/2023\/03\/solid-state-tasten-feature.jpg"],"rest_api_enabler":{"subheadline":["Probleme auf dem letzten Meter","Probleme auf dem letzten Meter"],"featured_image":"https:\/\/images.iphone-ticker.de\/wp-content\/uploads\/2023\/03\/solid-state-tasten-feature.jpg"},"_links":{"self":[{"href":"https:\/\/www.iphone-ticker.de\/apiv2\/wp\/v2\/posts\/210707","targetHints":{"allow":["GET"]}}],"collection":[{"href":"https:\/\/www.iphone-ticker.de\/apiv2\/wp\/v2\/posts"}],"about":[{"href":"https:\/\/www.iphone-ticker.de\/apiv2\/wp\/v2\/types\/post"}],"author":[{"embeddable":true,"href":"https:\/\/www.iphone-ticker.de\/apiv2\/wp\/v2\/users\/1"}],"replies":[{"embeddable":true,"href":"https:\/\/www.iphone-ticker.de\/apiv2\/wp\/v2\/comments?post=210707"}],"version-history":[{"count":2,"href":"https:\/\/www.iphone-ticker.de\/apiv2\/wp\/v2\/posts\/210707\/revisions"}],"predecessor-version":[{"id":210709,"href":"https:\/\/www.iphone-ticker.de\/apiv2\/wp\/v2\/posts\/210707\/revisions\/210709"}],"wp:attachment":[{"href":"https:\/\/www.iphone-ticker.de\/apiv2\/wp\/v2\/media?parent=210707"}],"wp:term":[{"taxonomy":"category","embeddable":true,"href":"https:\/\/www.iphone-ticker.de\/apiv2\/wp\/v2\/categories?post=210707"},{"taxonomy":"post_tag","embeddable":true,"href":"https:\/\/www.iphone-ticker.de\/apiv2\/wp\/v2\/tags?post=210707"}],"curies":[{"name":"wp","href":"https:\/\/api.w.org\/{rel}","templated":true}]}}