{"id":209591,"date":"2023-03-22T08:44:22","date_gmt":"2023-03-22T07:44:22","guid":{"rendered":"https:\/\/www.iphone-ticker.de\/?p=209591"},"modified":"2023-03-28T12:04:23","modified_gmt":"2023-03-28T10:04:23","slug":"watchos-9-4-verhindert-versehentliches-verschlafen","status":"publish","type":"post","link":"https:\/\/www.iphone-ticker.de\/watchos-9-4-verhindert-versehentliches-verschlafen-209591\/","title":{"rendered":"watchOS 9.4 verhindert versehentliches Verschlafen"},"content":{"rendered":"<p>Die mit dem kommenden Update auf watchOS 9.4 verbundenen Verbesserungen f\u00fcr die Apple Watch beschr\u00e4nken sich &#8211; zumindest der offiziell von Apple ver\u00f6ffentlichten \u00dcbersicht zufolge &#8211; hierzulande auf einen einzigen Punkt. Damit wird dann allerdings ein Sachverhalt korrigiert, aufgrund dessen nicht wenige Besitzer der Uhr ab und an mal verschlafen haben. Aktive Wecker werden von watchOS 9.4 an nicht mehr stummgeschaltet, wenn man den Bildschirm der Uhr mit der Handfl\u00e4che abdeckt.<\/p>\n<p>Die zugrundeliegende Funktion hei\u00dft bei Apple \u201eF\u00fcr \u201aTon aus\u2018 abdecken\u201c und l\u00e4sst sich in den Einstellungen der Apple Watch im Bereich \u201eT\u00f6ne &amp; Haptik\u201c an- oder ausschalten. Ist diese Option aktiviert, so schaltet man die Apple Watch stumm, indem man deren Bildschirm mindestens drei Sekunden lang mit der Handfl\u00e4che abdeckt.<\/p>\n<p><a href=\"https:\/\/images.iphone-ticker.de\/wp-content\/uploads\/2023\/03\/apple-watch-fuer-ton-aus-abdecken.jpg\"><img loading=\"lazy\" decoding=\"async\" src=\"https:\/\/images.iphone-ticker.de\/wp-content\/uploads\/2023\/03\/apple-watch-fuer-ton-aus-abdecken-700x447.jpg\" alt=\"Apple Watch Fuer Ton Aus Abdecken\" width=\"700\" height=\"447\" class=\"alignnone size-large wp-image-209595\" srcset=\"https:\/\/images.iphone-ticker.de\/wp-content\/uploads\/2023\/03\/apple-watch-fuer-ton-aus-abdecken-700x447.jpg 700w, https:\/\/images.iphone-ticker.de\/wp-content\/uploads\/2023\/03\/apple-watch-fuer-ton-aus-abdecken-500x319.jpg 500w, https:\/\/images.iphone-ticker.de\/wp-content\/uploads\/2023\/03\/apple-watch-fuer-ton-aus-abdecken.jpg 1400w\" sizes=\"auto, (max-width: 700px) 100vw, 700px\" \/><\/a><\/p>\n<p>Was im Kino oder in Besprechungen sehr hilfreich sein kann, hat bei Apple-Watch-Besitzern, die ihre Uhr auch \u00fcber Nacht tragen, teils wenig erfreuliche Auswirkungen gehabt. So wurde, wenn man den Bildschirm versehentlich w\u00e4hrend des Schlafs abgedeckt hat, direkt auch ein gestellter Wecker mit stummgeschaltet. Dem will Apple mit der in watchOS 9.4 integrierten \u00c4nderung vorbeugen. In Zukunft kann es dann zwar weiterhin vorkommen, dass man die Uhr w\u00e4hrend des Schlafs versehentlich stummschaltet, ein aktiver Wecker wird aber weiterhin l\u00e4uten.<\/p>\n<h2>Auf dem iPhone schon immer so<\/h2>\n<p>Auf dem iPhone wurde dergleichen schon von Beginn an ber\u00fccksichtigt und Apple hat bereits von der ersten Generation des Ger\u00e4ts an darauf hingewiesen, dass der mechanische Stummschalter seitlich am Ger\u00e4t und auch die Funktion \u201eNicht st\u00f6ren\u201c keinen Einfluss auf den Weckton haben. Auf diese Weise wird beim iPhone sichergestellt, dass ein gestellter Wecker unabh\u00e4ngig davon, ob der Besitzer des Ger\u00e4ts ansonsten keine T\u00f6ne h\u00f6ren will, diesen sicher und zuverl\u00e4ssig weckt. Ausnahmen best\u00e4tigen allerdings auch hier die Regel. So hatte Apple diese Einstellung unter iOS 11 zeitweise versehentlich deaktiviert.<\/p>\n<p>Apple hat <a href=\"https:\/\/www.iphone-ticker.de\/ios-16-4-release-candidate-bereitet-finale-freigabe-vor-209552\/\">gestern<\/a> die letzten Vorabversionen von iOS 16.4, iPadOS 16.4, watchOS 9.4, macOS 13.3 und tvOS 16.4 f\u00fcr Entwickler freigegeben. Eine allgemeine Ver\u00f6ffentlichung in den n\u00e4chsten Tagen ist zu erwarten.<img loading=\"lazy\" decoding=\"async\" src=\"https:\/\/vg09.met.vgwort.de\/na\/51aa061415f1464ab12d80b28766d35e\" width=\"1\" height=\"1\" no-lazy class=\"tracking\"><\/p>\n<p><h8>Danke Niclas<\/h8><\/p>\n","protected":false},"excerpt":{"rendered":"<a href=\"https:\/\/www.iphone-ticker.de\/watchos-9-4-verhindert-versehentliches-verschlafen-209591\/\"><img width=\"150\" height=\"150\" src=\"https:\/\/images.iphone-ticker.de\/wp-content\/uploads\/2023\/03\/apple-watch-fuer-ton-aus-abdecken-150x150.jpg\" class=\"alignright tfe wp-post-image\" alt=\"Apple Watch Fuer Ton Aus Abdecken\" decoding=\"async\" loading=\"lazy\" \/><\/a><p>Die mit dem kommenden Update auf watchOS 9.4 verbundenen Verbesserungen f\u00fcr die Apple Watch beschr\u00e4nken sich &#8211; zumindest der offiziell von Apple ver\u00f6ffentlichten \u00dcbersicht zufolge &#8211; hierzulande auf einen einzigen Punkt. Damit wird dann allerdings ein Sachverhalt korrigiert, aufgrund dessen nicht wenige Besitzer der Uhr ab und an mal verschlafen haben. Aktive Wecker werden von [&hellip;]<\/p>\n","protected":false},"author":2,"featured_media":209595,"comment_status":"open","ping_status":"closed","sticky":false,"template":"","format":"standard","meta":{"footnotes":""},"categories":[1,1975],"tags":[2759,6376],"class_list":["post-209591","post","type-post","status-publish","format-standard","has-post-thumbnail","hentry","category-news","category-feature","tag-apple-watch","tag-watchos-9-4"],"aioseo_notices":[],"subheadline":["Wecker wird nicht mehr stummgeschaltet"],"featured_image":["https:\/\/images.iphone-ticker.de\/wp-content\/uploads\/2022\/04\/apple-watch-series-6-feature.jpg"],"rest_api_enabler":{"subheadline":"Wecker wird nicht mehr stummgeschaltet","featured_image":"https:\/\/images.iphone-ticker.de\/wp-content\/uploads\/2022\/04\/apple-watch-series-6-feature.jpg"},"_links":{"self":[{"href":"https:\/\/www.iphone-ticker.de\/apiv2\/wp\/v2\/posts\/209591","targetHints":{"allow":["GET"]}}],"collection":[{"href":"https:\/\/www.iphone-ticker.de\/apiv2\/wp\/v2\/posts"}],"about":[{"href":"https:\/\/www.iphone-ticker.de\/apiv2\/wp\/v2\/types\/post"}],"author":[{"embeddable":true,"href":"https:\/\/www.iphone-ticker.de\/apiv2\/wp\/v2\/users\/2"}],"replies":[{"embeddable":true,"href":"https:\/\/www.iphone-ticker.de\/apiv2\/wp\/v2\/comments?post=209591"}],"version-history":[{"count":5,"href":"https:\/\/www.iphone-ticker.de\/apiv2\/wp\/v2\/posts\/209591\/revisions"}],"predecessor-version":[{"id":209598,"href":"https:\/\/www.iphone-ticker.de\/apiv2\/wp\/v2\/posts\/209591\/revisions\/209598"}],"wp:featuredmedia":[{"embeddable":true,"href":"https:\/\/www.iphone-ticker.de\/apiv2\/wp\/v2\/media\/209595"}],"wp:attachment":[{"href":"https:\/\/www.iphone-ticker.de\/apiv2\/wp\/v2\/media?parent=209591"}],"wp:term":[{"taxonomy":"category","embeddable":true,"href":"https:\/\/www.iphone-ticker.de\/apiv2\/wp\/v2\/categories?post=209591"},{"taxonomy":"post_tag","embeddable":true,"href":"https:\/\/www.iphone-ticker.de\/apiv2\/wp\/v2\/tags?post=209591"}],"curies":[{"name":"wp","href":"https:\/\/api.w.org\/{rel}","templated":true}]}}