{"id":209199,"date":"2023-03-15T12:57:41","date_gmt":"2023-03-15T11:57:41","guid":{"rendered":"https:\/\/www.iphone-ticker.de\/?p=209199"},"modified":"2023-03-15T12:58:03","modified_gmt":"2023-03-15T11:58:03","slug":"macoun-2023-entwickler-konferenz-fuer-ios-und-macos","status":"publish","type":"post","link":"https:\/\/www.iphone-ticker.de\/macoun-2023-entwickler-konferenz-fuer-ios-und-macos-209199\/","title":{"rendered":"Macoun 2023: Entwickler-Konferenz f\u00fcr iOS und macOS"},"content":{"rendered":"<p><a href=\"https:\/\/macoun.de\/\">Die Macoun<\/a> ist zur\u00fcck. Nach l\u00e4ngerer Coronapause wird die deutsche Entwickler-Konferenz f\u00fcr iOS und macOS in diesem Herbst wieder in Frankfurt am Main stattfinden. Die Macher des 2008 gestarteten Fachtreffens haben jetzt die Termine bekanntgegeben, den Ticket-Vorverkauf gestartet und zur Einreichung von Vortragsthemen und Workshop-Ideen aufgerufen.<\/p>\n<p><a href=\"https:\/\/images.iphone-ticker.de\/wp-content\/uploads\/2023\/03\/macoun-archiv.jpg\"><img loading=\"lazy\" decoding=\"async\" class=\"aligncenter size-medium wp-image-209202\" src=\"https:\/\/images.iphone-ticker.de\/wp-content\/uploads\/2023\/03\/macoun-archiv-500x333.jpg\" alt=\"Macoun Archiv\" width=\"500\" height=\"333\" srcset=\"https:\/\/images.iphone-ticker.de\/wp-content\/uploads\/2023\/03\/macoun-archiv-500x333.jpg 500w, https:\/\/images.iphone-ticker.de\/wp-content\/uploads\/2023\/03\/macoun-archiv-700x466.jpg 700w, https:\/\/images.iphone-ticker.de\/wp-content\/uploads\/2023\/03\/macoun-archiv.jpg 1500w\" sizes=\"auto, (max-width: 500px) 100vw, 500px\" \/><\/a><\/p>\n<h2>Am 23. und 24. September 2023<\/h2>\n<p>Der so genannte &#8222;Call for Papers&#8220; und der begleitende &#8222;Call for Workshops&#8220; lassen grunds\u00e4tzlich interessierten Vortragsrednern noch bis Ende Juni Zeit, um ihre Themen als Konferenzmaterial vorzuschlagen.<\/p>\n<p>Die nach eigenen Angaben &#8222;gr\u00f6\u00dfte europ\u00e4ische Konferenz f\u00fcr iOS- und macOS-Entwickler&#8220; wird in diesem Jahr zwischen dem 23. und dem 24. September 2023 stattfinden und k\u00f6nnte damit das Gl\u00fcck haben direkt im Anschluss an die Vorstellung des iPhone 15 abgehalten zu werden.<\/p>\n<p>Im Frankfurter <a href=\"https:\/\/jugendherberge-frankfurt.de\/\">Haus der Jugend<\/a> werden Ende September um die 500 G\u00e4ste zur Macoun 2023 erwartet, die noch bis zum 19. Juli die M\u00f6glichkeit haben die angebotenen Einzel- und Firmentickets mit einem Fr\u00fchbucherrabatt zu ordern. So verlangt die Macoun in diesem Jahr regul\u00e4r 189 Euro f\u00fcr das Einzelticket und 249 Euro f\u00fcr das Firmenticket. Der Fr\u00fchbucherrabatt dr\u00fcckt die Preise auf 169 Euro (Einzelticket) und 199 Euro (Firmenticket).<\/p>\n<p>Studenten, Azubis und Konferenzbesucher die das 21. Lebensjahr noch nicht \u00fcberschritten haben, zahlen den erm\u00e4\u00dfigten Betrag von 99 Euro f\u00fcr die Karten.<\/p>\n<h2>Viele Konferenzvideos online<\/h2>\n<p>Wer sich f\u00fcr einen Eindruck von vergangenen Macoun Entwickler-Konferenzen interessiert, der sollte den <a href=\"https:\/\/www.youtube.com\/@MacounKonferenz\/videos\">YouTube-Kanal der Veranstalter<\/a> besuchen. Von der letzten Macoun-Konferenz vor drei Jahren stehen hier zahlreiche Videoaufzeichnungen zum Nachschauen zur Verf\u00fcgung, wie etwa <a href=\"https:\/\/www.youtube.com\/watch?v=9K19Loqh3Rw\">der 60 Minuten lange Vortrag<\/a> &#8222;Call me Baby: Eine Einf\u00fchrung in WebRTC und CallKit&#8220; von Christian Braun.<\/p>\n<p><div class=\"responsive-video\"><iframe loading=\"lazy\" title=\"Call me Baby: Eine Einf\u00fchrung in WebRTC und CallKit - Christian Braun &amp; Co.\" width=\"500\" height=\"281\" src=\"https:\/\/www.youtube-nocookie.com\/embed\/9K19Loqh3Rw?feature=oembed\" frameborder=\"0\" allow=\"accelerometer; autoplay; clipboard-write; encrypted-media; gyroscope; picture-in-picture; web-share\" referrerpolicy=\"strict-origin-when-cross-origin\" allowfullscreen><\/iframe><\/div><\/p>\n<p><img loading=\"lazy\" decoding=\"async\" src=\"https:\/\/vg06.met.vgwort.de\/na\/8422e3a40a194e2dbdcd1ee6db3eadc2\" width=\"1\" height=\"1\" no-lazy class=\"tracking\"><\/p>\n","protected":false},"excerpt":{"rendered":"<a href=\"https:\/\/www.iphone-ticker.de\/macoun-2023-entwickler-konferenz-fuer-ios-und-macos-209199\/\"><img width=\"150\" height=\"150\" src=\"https:\/\/images.iphone-ticker.de\/wp-content\/uploads\/2023\/03\/macoun-archiv-150x150.jpg\" class=\"alignright tfe wp-post-image\" alt=\"Macoun Archiv\" decoding=\"async\" loading=\"lazy\" \/><\/a><p>Die Macoun ist zur\u00fcck. Nach l\u00e4ngerer Coronapause wird die deutsche Entwickler-Konferenz f\u00fcr iOS und macOS in diesem Herbst wieder in Frankfurt am Main stattfinden. Die Macher des 2008 gestarteten Fachtreffens haben jetzt die Termine bekanntgegeben, den Ticket-Vorverkauf gestartet und zur Einreichung von Vortragsthemen und Workshop-Ideen aufgerufen. Am 23. und 24. September 2023 Der so genannte [&hellip;]<\/p>\n","protected":false},"author":1,"featured_media":209202,"comment_status":"open","ping_status":"closed","sticky":false,"template":"","format":"standard","meta":{"footnotes":""},"categories":[1],"tags":[3917,313],"class_list":["post-209199","post","type-post","status-publish","format-standard","has-post-thumbnail","hentry","category-news","tag-entwickler","tag-konferenz"],"aioseo_notices":[],"subheadline":["Viele Konferenzvideos online"],"featured_image":["https:\/\/images.iphone-ticker.de\/wp-content\/uploads\/2023\/03\/macoun-2023.jpg"],"rest_api_enabler":{"subheadline":"Viele Konferenzvideos online","featured_image":"https:\/\/images.iphone-ticker.de\/wp-content\/uploads\/2023\/03\/macoun-2023.jpg"},"_links":{"self":[{"href":"https:\/\/www.iphone-ticker.de\/apiv2\/wp\/v2\/posts\/209199","targetHints":{"allow":["GET"]}}],"collection":[{"href":"https:\/\/www.iphone-ticker.de\/apiv2\/wp\/v2\/posts"}],"about":[{"href":"https:\/\/www.iphone-ticker.de\/apiv2\/wp\/v2\/types\/post"}],"author":[{"embeddable":true,"href":"https:\/\/www.iphone-ticker.de\/apiv2\/wp\/v2\/users\/1"}],"replies":[{"embeddable":true,"href":"https:\/\/www.iphone-ticker.de\/apiv2\/wp\/v2\/comments?post=209199"}],"version-history":[{"count":2,"href":"https:\/\/www.iphone-ticker.de\/apiv2\/wp\/v2\/posts\/209199\/revisions"}],"predecessor-version":[{"id":209203,"href":"https:\/\/www.iphone-ticker.de\/apiv2\/wp\/v2\/posts\/209199\/revisions\/209203"}],"wp:featuredmedia":[{"embeddable":true,"href":"https:\/\/www.iphone-ticker.de\/apiv2\/wp\/v2\/media\/209202"}],"wp:attachment":[{"href":"https:\/\/www.iphone-ticker.de\/apiv2\/wp\/v2\/media?parent=209199"}],"wp:term":[{"taxonomy":"category","embeddable":true,"href":"https:\/\/www.iphone-ticker.de\/apiv2\/wp\/v2\/categories?post=209199"},{"taxonomy":"post_tag","embeddable":true,"href":"https:\/\/www.iphone-ticker.de\/apiv2\/wp\/v2\/tags?post=209199"}],"curies":[{"name":"wp","href":"https:\/\/api.w.org\/{rel}","templated":true}]}}