{"id":208439,"date":"2023-03-03T17:39:12","date_gmt":"2023-03-03T16:39:12","guid":{"rendered":"https:\/\/www.iphone-ticker.de\/?p=208439"},"modified":"2023-03-03T17:41:47","modified_gmt":"2023-03-03T16:41:47","slug":"zum-tag-des-hoerens-konversationsverstaerkung-live-mithoeren-co","status":"publish","type":"post","link":"https:\/\/www.iphone-ticker.de\/zum-tag-des-hoerens-konversationsverstaerkung-live-mithoeren-co-208439\/","title":{"rendered":"Zum Tag des H\u00f6rens: Live Mith\u00f6ren, Konversationsverst\u00e4rkung &#038; Co."},"content":{"rendered":"<p>Seit \u00fcber zehn Jahren nutzt die Weltgesundheitsorganisation WHO den heutigen 3. M\u00e4rz, den <a href=\"https:\/\/de.wikipedia.org\/wiki\/Welttag_des_H%C3%B6rens\">Welttag des H\u00f6rens<\/a>, um auf den Alltag von Menschen mit H\u00f6rminderungen aufmerksam zu machen und gleichzeitig zum pr\u00e4ventiven Umgang mit dem eigenen H\u00f6rverm\u00f6gen aufzurufen.<\/p>\n<p><a href=\"https:\/\/images.iphone-ticker.de\/wp-content\/uploads\/2023\/03\/laermgrenze-watch.jpg\"><img loading=\"lazy\" decoding=\"async\" class=\"aligncenter size-medium wp-image-208440\" src=\"https:\/\/images.iphone-ticker.de\/wp-content\/uploads\/2023\/03\/laermgrenze-watch-500x500.jpg\" alt=\"Laermgrenze Watch\" width=\"500\" height=\"500\" srcset=\"https:\/\/images.iphone-ticker.de\/wp-content\/uploads\/2023\/03\/laermgrenze-watch-500x500.jpg 500w, https:\/\/images.iphone-ticker.de\/wp-content\/uploads\/2023\/03\/laermgrenze-watch-700x700.jpg 700w, https:\/\/images.iphone-ticker.de\/wp-content\/uploads\/2023\/03\/laermgrenze-watch-150x150.jpg 150w, https:\/\/images.iphone-ticker.de\/wp-content\/uploads\/2023\/03\/laermgrenze-watch.jpg 1286w\" sizes=\"auto, (max-width: 500px) 100vw, 500px\" \/><\/a><\/p>\n<p>Ein Aktionstag, den wir zum Anlass nehmen wollen, auf die inzwischen an zahlreichen Stellen in iPhone und Apple Watch verf\u00fcgbaren Helfer hinzuweisen, die sich um das Wohl des eigenen Geh\u00f6rs k\u00fcmmern.<\/p>\n<h2>Apple Watch: Die Ger\u00e4usche-App<\/h2>\n<p>Wichtigstes Pr\u00e4ventionsfeature: Die so genannte <a href=\"https:\/\/support.apple.com\/de-de\/guide\/watch\/apd00a43a9cb\/watchos\">Ger\u00e4usche-App der Apple Watch<\/a>. Diese misst auch im Systemhintergrund die aktuelle Lautst\u00e4rkebelastung und warnt bei zu langen Aufenthalten in zu lauten Umgebung.<\/p>\n<h2>AirPods: Konversationsverst\u00e4rkung<\/h2>\n<p>Auf dem iPhone k\u00f6nnen Nutzer, die \u00fcber Apples AirPods Pro verf\u00fcgen, die so genannte Konversationsverst\u00e4rkung aktivieren und die ANC-Ohrh\u00f6rer damit zum deutlicheren H\u00f6ren das Gegen\u00fcbers in lauten Umgebung nutzen.<\/p>\n<p>Die Konversationverst\u00e4rkung l\u00e4sst sich direkt in den Einstellungen des iPhones aktivieren: <strong>Einstellungen &gt; Bedienungshilfen &gt; H\u00f6ren &gt; Audio\/Visuell &gt; Kopfh\u00f6rer-Anpassungen &gt; Transparenzmodus &gt; Konversationsverst\u00e4rkung aktivieren<\/strong>.<\/p>\n<p><a href=\"https:\/\/images.iphone-ticker.de\/wp-content\/uploads\/2021\/10\/konversationsverstaerkung.jpg\"><img loading=\"lazy\" decoding=\"async\" class=\"aligncenter size-large wp-image-180743\" src=\"https:\/\/images.iphone-ticker.de\/wp-content\/uploads\/2021\/10\/konversationsverstaerkung-700x259.jpg\" alt=\"Konversationsverstaerkung\" width=\"700\" height=\"259\" srcset=\"https:\/\/images.iphone-ticker.de\/wp-content\/uploads\/2021\/10\/konversationsverstaerkung-700x259.jpg 700w, https:\/\/images.iphone-ticker.de\/wp-content\/uploads\/2021\/10\/konversationsverstaerkung-500x185.jpg 500w, https:\/\/images.iphone-ticker.de\/wp-content\/uploads\/2021\/10\/konversationsverstaerkung.jpg 1125w\" sizes=\"auto, (max-width: 700px) 100vw, 700px\" \/><\/a><\/p>\n<h2>iPhone: Live mith\u00f6ren<\/h2>\n<p>Ebenfalls als H\u00f6rhilfe f\u00fcr laute Umgebung gedacht, sowie f\u00fcr Vortr\u00e4ge und B\u00fchnenpr\u00e4sentationen, bei denen man weit entfernt von den vortragenden Personen Platz nehmen muss, verwandelt die Systemfunktion Live mith\u00f6ren das iPhone zum externen Mikrofon.<\/p>\n<ul>\n<li><strong>Neu in iOS 12:<\/strong><a title=\"Neu in iOS 12: \u201eLive Mith\u00f6ren\u201c macht iPhone zum externen Mikrofon\" href=\"https:\/\/www.iphone-ticker.de\/neu-in-ios-12-live-mithoeren-macht-iphone-zum-externen-mikrofon-127005\/\">\u201eLive Mith\u00f6ren\u201c macht iPhone zum externen Mikrofon<\/a><\/li>\n<\/ul>\n<h2>AirPods per Audiogramm anpassen<\/h2>\n<p>Erw\u00e4hnenswert ist zudem, dass Nutzer der AirPods die Wiedergabe ihrer Ohr- beziehungsweise Kopfh\u00f6rer mit Hilfe eines vorhandenen Audiogramms an das eigene H\u00f6rverm\u00f6gen anpassen k\u00f6nnen.<\/p>\n<p><a href=\"https:\/\/images.iphone-ticker.de\/wp-content\/uploads\/2021\/05\/hoertest.jpeg\"><img loading=\"lazy\" decoding=\"async\" class=\"aligncenter size-large wp-image-174184\" src=\"https:\/\/images.iphone-ticker.de\/wp-content\/uploads\/2021\/05\/hoertest-700x517.jpeg\" alt=\"Hoertest\" width=\"700\" height=\"517\" srcset=\"https:\/\/images.iphone-ticker.de\/wp-content\/uploads\/2021\/05\/hoertest-700x517.jpeg 700w, https:\/\/images.iphone-ticker.de\/wp-content\/uploads\/2021\/05\/hoertest-500x369.jpeg 500w, https:\/\/images.iphone-ticker.de\/wp-content\/uploads\/2021\/05\/hoertest.jpeg 1125w\" sizes=\"auto, (max-width: 700px) 100vw, 700px\" \/><\/a><\/p>\n<p>Daf\u00fcr reicht ein kostenloser H\u00f6rtest \u00fcber <a rel=\"noindex, nofollow\" href=\"http:\/\/www.ifun.de\/app\/932496645\">die Mimi-App bereits aus<\/a>. Ist dieser in der Health-App gesichert l\u00e4sst sich  in den Einstellungen der AirPods im Bereich<b> Einstellungen &gt; Bedienungshilfen &gt; Audio\/Visuell &gt; Kopfh\u00f6rer-Anpassungen<\/b>  f\u00fcr eine eigene Audiokonfiguration verwenden.<\/p>\n<ul>\n<li><strong>Eigene Audiokonfiguration<\/strong>: <a href=\"https:\/\/www.iphone-ticker.de\/airpods-lautstaerke-erhoehen-eigene-audiokonfiguration-kann-helfen-171073\/\">AirPods-Lautst\u00e4rke anpassen<\/a><\/li>\n<\/ul>\n<p><img loading=\"lazy\" decoding=\"async\" src=\"https:\/\/vg04.met.vgwort.de\/na\/cf7b82a6ed484a6d936b81fbe5d5e4fc\" width=\"1\" height=\"1\" no-lazy class=\"tracking\"><\/p>\n","protected":false},"excerpt":{"rendered":"<a href=\"https:\/\/www.iphone-ticker.de\/zum-tag-des-hoerens-konversationsverstaerkung-live-mithoeren-co-208439\/\"><img width=\"150\" height=\"150\" src=\"https:\/\/images.iphone-ticker.de\/wp-content\/uploads\/2023\/03\/laermgrenze-watch-150x150.jpg\" class=\"alignright tfe wp-post-image\" alt=\"Laermgrenze Watch\" decoding=\"async\" loading=\"lazy\" srcset=\"https:\/\/images.iphone-ticker.de\/wp-content\/uploads\/2023\/03\/laermgrenze-watch-150x150.jpg 150w, https:\/\/images.iphone-ticker.de\/wp-content\/uploads\/2023\/03\/laermgrenze-watch-500x500.jpg 500w, https:\/\/images.iphone-ticker.de\/wp-content\/uploads\/2023\/03\/laermgrenze-watch-700x700.jpg 700w, https:\/\/images.iphone-ticker.de\/wp-content\/uploads\/2023\/03\/laermgrenze-watch.jpg 1286w\" sizes=\"auto, (max-width: 150px) 100vw, 150px\" \/><\/a><p>Seit \u00fcber zehn Jahren nutzt die Weltgesundheitsorganisation WHO den heutigen 3. M\u00e4rz, den Welttag des H\u00f6rens, um auf den Alltag von Menschen mit H\u00f6rminderungen aufmerksam zu machen und gleichzeitig zum pr\u00e4ventiven Umgang mit dem eigenen H\u00f6rverm\u00f6gen aufzurufen. Ein Aktionstag, den wir zum Anlass nehmen wollen, auf die inzwischen an zahlreichen Stellen in iPhone und Apple [&hellip;]<\/p>\n","protected":false},"author":1,"featured_media":208440,"comment_status":"open","ping_status":"closed","sticky":false,"template":"","format":"standard","meta":{"footnotes":""},"categories":[1],"tags":[3567,827],"class_list":["post-208439","post","type-post","status-publish","format-standard","has-post-thumbnail","hentry","category-news","tag-airpods","tag-horen"],"aioseo_notices":[],"featured_image":["https:\/\/images.iphone-ticker.de\/wp-content\/uploads\/2020\/02\/live-mithoeren-iphone.jpg"],"subheadline":["AirPods per Audiogramm anpassen"],"rest_api_enabler":{"featured_image":"https:\/\/images.iphone-ticker.de\/wp-content\/uploads\/2020\/02\/live-mithoeren-iphone.jpg","subheadline":"AirPods per Audiogramm anpassen"},"_links":{"self":[{"href":"https:\/\/www.iphone-ticker.de\/apiv2\/wp\/v2\/posts\/208439","targetHints":{"allow":["GET"]}}],"collection":[{"href":"https:\/\/www.iphone-ticker.de\/apiv2\/wp\/v2\/posts"}],"about":[{"href":"https:\/\/www.iphone-ticker.de\/apiv2\/wp\/v2\/types\/post"}],"author":[{"embeddable":true,"href":"https:\/\/www.iphone-ticker.de\/apiv2\/wp\/v2\/users\/1"}],"replies":[{"embeddable":true,"href":"https:\/\/www.iphone-ticker.de\/apiv2\/wp\/v2\/comments?post=208439"}],"version-history":[{"count":3,"href":"https:\/\/www.iphone-ticker.de\/apiv2\/wp\/v2\/posts\/208439\/revisions"}],"predecessor-version":[{"id":208462,"href":"https:\/\/www.iphone-ticker.de\/apiv2\/wp\/v2\/posts\/208439\/revisions\/208462"}],"wp:featuredmedia":[{"embeddable":true,"href":"https:\/\/www.iphone-ticker.de\/apiv2\/wp\/v2\/media\/208440"}],"wp:attachment":[{"href":"https:\/\/www.iphone-ticker.de\/apiv2\/wp\/v2\/media?parent=208439"}],"wp:term":[{"taxonomy":"category","embeddable":true,"href":"https:\/\/www.iphone-ticker.de\/apiv2\/wp\/v2\/categories?post=208439"},{"taxonomy":"post_tag","embeddable":true,"href":"https:\/\/www.iphone-ticker.de\/apiv2\/wp\/v2\/tags?post=208439"}],"curies":[{"name":"wp","href":"https:\/\/api.w.org\/{rel}","templated":true}]}}