{"id":207790,"date":"2023-02-21T18:08:29","date_gmt":"2023-02-21T17:08:29","guid":{"rendered":"https:\/\/www.iphone-ticker.de\/?p=207790"},"modified":"2023-02-21T18:10:47","modified_gmt":"2023-02-21T17:10:47","slug":"beats-fit-pro-drei-neue-farben-fuer-den-fruehling","status":"publish","type":"post","link":"https:\/\/www.iphone-ticker.de\/beats-fit-pro-drei-neue-farben-fuer-den-fruehling-207790\/","title":{"rendered":"Beats Fit Pro: Drei neue Farben f\u00fcr den Fr\u00fchling"},"content":{"rendered":"<p>Den Fr\u00fchling vor Augen hat die Apple-Tochter Beats neue Farben f\u00fcr ihre Ohrh\u00f6rer <a href=\"https:\/\/www.beatsbydre.com\/de\/earbuds\/beats-fit-pro\">Beats Fit Pro<\/a> vorgestellt. In K\u00fcrze werden die Farbvarianten Wellenblau, Korallenpink und Voltgelb die bisher schon erh\u00e4ltlichen Varianten Schwarz, Wei\u00df, Salbeigrau und Hellviolett erg\u00e4nzen.<\/p>\n<p>Bei den Beats Fit Pro handelt es sich um komplett kabellose Ohrh\u00f6rer mit aktiver Ger\u00e4uschunterdr\u00fcckung, die sich nicht nur wegen ihrer zus\u00e4tzlichen Farboptionen, sondern besonders auch aufgrund ihrer Ohrb\u00fcgel als Alternative zu den AirPods Pro platzieren. Die Ohrb\u00fcgel sorgen f\u00fcr besseren Halt beim Sport und sonstigen k\u00f6rperlichen Aktivit\u00e4ten sowie auch in Ohren, die sich mit den AirPods schwertun.<\/p>\n<p><a href=\"https:\/\/images.iphone-ticker.de\/wp-content\/uploads\/2023\/02\/beats-fit-pro-gelb.jpg\"><img loading=\"lazy\" decoding=\"async\" src=\"https:\/\/images.iphone-ticker.de\/wp-content\/uploads\/2023\/02\/beats-fit-pro-gelb-700x362.jpg\" alt=\"Beats Fit Pro Gelb\" width=\"700\" height=\"362\" class=\"alignnone size-large wp-image-207794\" srcset=\"https:\/\/images.iphone-ticker.de\/wp-content\/uploads\/2023\/02\/beats-fit-pro-gelb-700x362.jpg 700w, https:\/\/images.iphone-ticker.de\/wp-content\/uploads\/2023\/02\/beats-fit-pro-gelb-500x258.jpg 500w, https:\/\/images.iphone-ticker.de\/wp-content\/uploads\/2023\/02\/beats-fit-pro-gelb.jpg 983w\" sizes=\"auto, (max-width: 700px) 100vw, 700px\" \/><\/a><\/p>\n<h2>3D-Audio und Apples H1-Chip<\/h2>\n<p>Mit Blick auf ihren Klang sind die Beats Fit Pro mit den AirPods Pro vergleichbar. Die Ohrh\u00f6rer unterst\u00fctzen auch Apples 3D-Audio mit dynamischem Headtracking, bei dem der Klang auf Basis der von den integrierten Sensoren gelieferten Messwerte stetig angepasst wird, um ein mehrdimensionales Audioerlebnis zu bieten.<\/p>\n<p>Die Bedienung erfolgt \u00fcber ein Touchfeld direkt am Ohrh\u00f6rer. Der integrierte H1-Prozessor von Apple erlaubt zudem die Nutzung von iOS-Funktionen wie dem automatischen Umschalten zwischen Ger\u00e4ten, der Audiofreigabe im Zusammenspiel mit anderen Beats-H\u00f6rern oder AirPods und nicht zuletzt die Sprachsteuerung mithilfe von Siri.<\/p>\n<p><a href=\"https:\/\/images.iphone-ticker.de\/wp-content\/uploads\/2023\/02\/beats-fit-pro-blau-1.jpg\"><img loading=\"lazy\" decoding=\"async\" src=\"https:\/\/images.iphone-ticker.de\/wp-content\/uploads\/2023\/02\/beats-fit-pro-blau-1.jpg\" alt=\"Beats Fit Pro Blau\" width=\"700\" height=\"729\" class=\"alignnone size-full wp-image-207795\" srcset=\"https:\/\/images.iphone-ticker.de\/wp-content\/uploads\/2023\/02\/beats-fit-pro-blau-1.jpg 950w, https:\/\/images.iphone-ticker.de\/wp-content\/uploads\/2023\/02\/beats-fit-pro-blau-1-480x500.jpg 480w, https:\/\/images.iphone-ticker.de\/wp-content\/uploads\/2023\/02\/beats-fit-pro-blau-1-672x700.jpg 672w\" sizes=\"auto, (max-width: 700px) 100vw, 700px\" \/><\/a><\/p>\n<h2>Verkaufsstart f\u00fcr 249,95 Euro<\/h2>\n<p>Mit den Beats-Produkten hat Apple seit jeher schon auch einen Fu\u00df in der T\u00fcr zu Android-Nutzern. Die Beats Fit Pro lassen sich hier in erweitertem Umfang auch \u00fcber die Beats-App f\u00fcr Android anpassen, konfigurieren oder auch softwareseitig aktualisieren.<\/p>\n<p>Im Lieferumfang der mit einem offiziellen Preisschild \u00fcber 249,95 Euro ausgezeichneten Ohrh\u00f6rer befinden sich Ohreins\u00e4tze in drei Gr\u00f6\u00dfen, ein USB-C-Ladekabel sowie ein Akku-Case, mit dessen Hilfe sich die sechs Stunden Laufzeit der Beats Fit Pro um weitere 18 Stunden erh\u00f6hen l\u00e4sst. Einen Liefertermin f\u00fcr die drei neuen Farben hat Apple noch nicht bekanntgegeben. Die bereits auf dem Markt erh\u00e4ltlichen Modelle bekommt man mittlerweile durch die Bank schon <a rel=\"noindex, nofollow\" href=\"http:\/\/www.ifun.de\/amzn\/B09Q768ND9\">f\u00fcr rund 200 Euro<\/a>.<img loading=\"lazy\" decoding=\"async\" src=\"https:\/\/vg02.met.vgwort.de\/na\/7632eb4b46204448b242a42d2de9b0f2\" width=\"1\" height=\"1\" no-lazy class=\"tracking\"><\/p>\n","protected":false},"excerpt":{"rendered":"<a href=\"https:\/\/www.iphone-ticker.de\/beats-fit-pro-drei-neue-farben-fuer-den-fruehling-207790\/\"><img width=\"150\" height=\"150\" src=\"https:\/\/images.iphone-ticker.de\/wp-content\/uploads\/2023\/02\/beats-fit-pro-blau-1-150x150.jpg\" class=\"alignright tfe wp-post-image\" alt=\"Beats Fit Pro Blau\" decoding=\"async\" loading=\"lazy\" \/><\/a><p>Den Fr\u00fchling vor Augen hat die Apple-Tochter Beats neue Farben f\u00fcr ihre Ohrh\u00f6rer Beats Fit Pro vorgestellt. In K\u00fcrze werden die Farbvarianten Wellenblau, Korallenpink und Voltgelb die bisher schon erh\u00e4ltlichen Varianten Schwarz, Wei\u00df, Salbeigrau und Hellviolett erg\u00e4nzen. Bei den Beats Fit Pro handelt es sich um komplett kabellose Ohrh\u00f6rer mit aktiver Ger\u00e4uschunterdr\u00fcckung, die sich nicht [&hellip;]<\/p>\n","protected":false},"author":2,"featured_media":207795,"comment_status":"open","ping_status":"closed","sticky":false,"template":"","format":"standard","meta":{"footnotes":""},"categories":[1],"tags":[5937,208],"class_list":["post-207790","post","type-post","status-publish","format-standard","has-post-thumbnail","hentry","category-news","tag-beats-fit-pro","tag-ohrhorer"],"aioseo_notices":[],"featured_image":["https:\/\/images.iphone-ticker.de\/wp-content\/uploads\/2023\/02\/beats-fit-pro-feature.jpg"],"subheadline":["Alternative zu den AirPods Pro"],"rest_api_enabler":{"featured_image":"https:\/\/images.iphone-ticker.de\/wp-content\/uploads\/2023\/02\/beats-fit-pro-feature.jpg","subheadline":"Alternative zu den AirPods Pro"},"_links":{"self":[{"href":"https:\/\/www.iphone-ticker.de\/apiv2\/wp\/v2\/posts\/207790","targetHints":{"allow":["GET"]}}],"collection":[{"href":"https:\/\/www.iphone-ticker.de\/apiv2\/wp\/v2\/posts"}],"about":[{"href":"https:\/\/www.iphone-ticker.de\/apiv2\/wp\/v2\/types\/post"}],"author":[{"embeddable":true,"href":"https:\/\/www.iphone-ticker.de\/apiv2\/wp\/v2\/users\/2"}],"replies":[{"embeddable":true,"href":"https:\/\/www.iphone-ticker.de\/apiv2\/wp\/v2\/comments?post=207790"}],"version-history":[{"count":5,"href":"https:\/\/www.iphone-ticker.de\/apiv2\/wp\/v2\/posts\/207790\/revisions"}],"predecessor-version":[{"id":207802,"href":"https:\/\/www.iphone-ticker.de\/apiv2\/wp\/v2\/posts\/207790\/revisions\/207802"}],"wp:featuredmedia":[{"embeddable":true,"href":"https:\/\/www.iphone-ticker.de\/apiv2\/wp\/v2\/media\/207795"}],"wp:attachment":[{"href":"https:\/\/www.iphone-ticker.de\/apiv2\/wp\/v2\/media?parent=207790"}],"wp:term":[{"taxonomy":"category","embeddable":true,"href":"https:\/\/www.iphone-ticker.de\/apiv2\/wp\/v2\/categories?post=207790"},{"taxonomy":"post_tag","embeddable":true,"href":"https:\/\/www.iphone-ticker.de\/apiv2\/wp\/v2\/tags?post=207790"}],"curies":[{"name":"wp","href":"https:\/\/api.w.org\/{rel}","templated":true}]}}