{"id":206486,"date":"2023-01-31T18:28:04","date_gmt":"2023-01-31T17:28:04","guid":{"rendered":"https:\/\/www.iphone-ticker.de\/?p=206486"},"modified":"2023-02-07T07:26:04","modified_gmt":"2023-02-07T06:26:04","slug":"periskop-kamera-im-iphone-marktstart-erst-mit-dem-iphone-16","status":"publish","type":"post","link":"https:\/\/www.iphone-ticker.de\/periskop-kamera-im-iphone-marktstart-erst-mit-dem-iphone-16-206486\/","title":{"rendered":"Periskop-Kamera im iPhone: Marktstart erst mit dem iPhone 16"},"content":{"rendered":"<p>Der f\u00fcr seine hervorragenden Kontakte zu Apples Zulieferern bekannte Markt-Analyst Ming-Chi Kuo hat seine Prognosen zum Umstieg Apples auf eine g\u00e4nzlich neue Kamera-Technologie im iPhone aktualisiert und erwartet den Wechseln von herk\u00f6mmlichen optischen Komponenten hin zu einer so genannten Periskop-Kamera nun <a href=\"https:\/\/www.iphone-ticker.de\/iphone-periskop-kamera-ab-2023-zunaechst-fuer-pro-modelle-194538\/\">deutlich sp\u00e4ter als bislang<\/a>. Statt mit dem iPhone 15 in diesem Jahr soll Apple die neue Kamera-Technik erst im iPhone 16 verbauen.<\/p>\n<blockquote class=\"twitter-tweet\" data-conversation=\"none\" data-dnt=\"true\">\n<p dir=\"ltr\" lang=\"en\">(5\/5)<br \/>\nBut my latest survey indicates only one\/highest-end new iPhone 16 model in 2H24 will have the periscope camera, not the two models the market expected. Therefore, the contribution of the periscope camera to the demand for lens upgrades may be lower than the market consensus<\/p>\n<p>\u2014 \u90ed\u660e\u9324 (Ming-Chi Kuo) (@mingchikuo) <a href=\"https:\/\/twitter.com\/mingchikuo\/status\/1620469617859899393?ref_src=twsrc%5Etfw\">January 31, 2023<\/a><\/p><\/blockquote>\n<p><script async src=\"https:\/\/platform.twitter.com\/widgets.js\" charset=\"utf-8\"><\/script><\/p>\n<h2>Nur f\u00fcr das gro\u00dfe Pro Max<\/h2>\n<p>Zudem soll die neue Kamera-Technologie nicht beide Pro-Modelle des iPhone 16 erreichen, sondern vorerst ausschlie\u00dflich im High-End-Modell, also dem iPhone 16 Pro Max verf\u00fcgbar sein.<\/p>\n<p>Sollten <a href=\"https:\/\/twitter.com\/mingchikuo\/status\/1620469617859899393\">die Voraussagen Kuos<\/a> zutreffen, die dieser nach R\u00fccksprache mit den f\u00fcr Apple aktiven Fertigungsbetrieben getroffen hat, w\u00fcrde Apple die Pro-Modelle im kommenden Jahr wieder deutlicher voneinander differenzieren. Im vergangenen Jahr haben das iPhone 14 Pro und das iPhone 14 Pro Max auf signifikante Unterschiede beim Kamera-Modul verzichtet.<\/p>\n<h2>Warum Periskop-Kamera?<\/h2>\n<p>Dass Apple den Wechsel hin auf das so genannte Periskop-Design plant, soll schon l\u00e4nger feststehen und w\u00fcrde eine mehrstufige Teleobjektiv-Funktion erm\u00f6glichen ohne den &#8222;Kamerabuckel&#8220; des iPhones massiv zu vergr\u00f6\u00dfern.<\/p>\n<p>https:\/\/www.youtube.com\/watch?v=WVEN-N0SZnE<\/p>\n<p>Periskop-Kameras werden von ersten Mitbewerbern bereits angeboten und verbauen die optischen Komponenten nicht in direkter Sichtlinie, sondern \u00fcber Umwege: Statt vom iPhone in Blickrichtung der Kamera abzustehen, w\u00fcrden die so realisierten Teleobjektiv in einer R\u00f6hre im Inneren des Ger\u00e4tes platziert und die Au\u00dfenwelt nicht direkt sondern \u00fcber eine Reihe von Linsen und Spiegeln ablichten. Dies w\u00fcrde gleichzeitig die Integration besserer Kamera-Objektive bei schlankeren Ger\u00e4te-Bauformen erm\u00f6glichen.<\/p>\n<p><img loading=\"lazy\" decoding=\"async\" src=\"https:\/\/vg06.met.vgwort.de\/na\/1696936b37734ca0a089a33dcc5734ea\" width=\"1\" height=\"1\" no-lazy class=\"tracking\"><\/p>\n","protected":false},"excerpt":{"rendered":"<a href=\"https:\/\/www.iphone-ticker.de\/periskop-kamera-im-iphone-marktstart-erst-mit-dem-iphone-16-206486\/\"><img decoding=\"async\" width=\"150\" src=\"https:\/\/vg06.met.vgwort.de\/na\/1696936b37734ca0a089a33dcc5734ea\" class=\"alignright wp-post-image tfe\" alt=\"\" title=\"\" \/><\/a><p>Der f\u00fcr seine hervorragenden Kontakte zu Apples Zulieferern bekannte Markt-Analyst Ming-Chi Kuo hat seine Prognosen zum Umstieg Apples auf eine g\u00e4nzlich neue Kamera-Technologie im iPhone aktualisiert und erwartet den Wechseln von herk\u00f6mmlichen optischen Komponenten hin zu einer so genannten Periskop-Kamera nun deutlich sp\u00e4ter als bislang. Statt mit dem iPhone 15 in diesem Jahr soll Apple [&hellip;]<\/p>\n","protected":false},"author":1,"featured_media":0,"comment_status":"open","ping_status":"closed","sticky":false,"template":"","format":"standard","meta":{"footnotes":""},"categories":[1,1975],"tags":[2064,6332,3910],"class_list":["post-206486","post","type-post","status-publish","format-standard","hentry","category-news","category-feature","tag-geruechte","tag-iphone-16","tag-rumors"],"aioseo_notices":[],"subheadline":["Und dann nur f\u00fcr das gro\u00dfe Pro Max","Und dann nur f\u00fcr das gro\u00dfe Pro Max"],"featured_image":["https:\/\/images.iphone-ticker.de\/wp-content\/uploads\/2021\/09\/iphone-13-pro-kamera-feature.jpg"],"rest_api_enabler":{"subheadline":["Und dann nur f\u00fcr das gro\u00dfe Pro Max","Und dann nur f\u00fcr das gro\u00dfe Pro Max"],"featured_image":"https:\/\/images.iphone-ticker.de\/wp-content\/uploads\/2021\/09\/iphone-13-pro-kamera-feature.jpg"},"_links":{"self":[{"href":"https:\/\/www.iphone-ticker.de\/apiv2\/wp\/v2\/posts\/206486","targetHints":{"allow":["GET"]}}],"collection":[{"href":"https:\/\/www.iphone-ticker.de\/apiv2\/wp\/v2\/posts"}],"about":[{"href":"https:\/\/www.iphone-ticker.de\/apiv2\/wp\/v2\/types\/post"}],"author":[{"embeddable":true,"href":"https:\/\/www.iphone-ticker.de\/apiv2\/wp\/v2\/users\/1"}],"replies":[{"embeddable":true,"href":"https:\/\/www.iphone-ticker.de\/apiv2\/wp\/v2\/comments?post=206486"}],"version-history":[{"count":2,"href":"https:\/\/www.iphone-ticker.de\/apiv2\/wp\/v2\/posts\/206486\/revisions"}],"predecessor-version":[{"id":206488,"href":"https:\/\/www.iphone-ticker.de\/apiv2\/wp\/v2\/posts\/206486\/revisions\/206488"}],"wp:attachment":[{"href":"https:\/\/www.iphone-ticker.de\/apiv2\/wp\/v2\/media?parent=206486"}],"wp:term":[{"taxonomy":"category","embeddable":true,"href":"https:\/\/www.iphone-ticker.de\/apiv2\/wp\/v2\/categories?post=206486"},{"taxonomy":"post_tag","embeddable":true,"href":"https:\/\/www.iphone-ticker.de\/apiv2\/wp\/v2\/tags?post=206486"}],"curies":[{"name":"wp","href":"https:\/\/api.w.org\/{rel}","templated":true}]}}