{"id":205339,"date":"2023-01-12T18:58:11","date_gmt":"2023-01-12T17:58:11","guid":{"rendered":"https:\/\/www.iphone-ticker.de\/?p=205339"},"modified":"2023-01-12T18:58:50","modified_gmt":"2023-01-12T17:58:50","slug":"apple-will-mehr-informationen-zu-app-sperren-veroeffentlichen","status":"publish","type":"post","link":"https:\/\/www.iphone-ticker.de\/apple-will-mehr-informationen-zu-app-sperren-veroeffentlichen-205339\/","title":{"rendered":"Apple will mehr Informationen zu App-Sperren ver\u00f6ffentlichen"},"content":{"rendered":"<p>Apple will sich in Zukunft transparenter zeigen, wenn es um die Gr\u00fcnde f\u00fcr den Ausschluss bestimmter Apps aus dem Angebot regionaler App Stores geht. Wie die <a href=\"https:\/\/www.ft.com\/content\/678ee20b-8e11-443b-8bfe-a37162ab727f\">Financial Times<\/a> berichtet, beruht dies jedoch nicht auf einem Sinneswandel in der F\u00fchrungsetage des Konzerns, vielmehr kommt Apple damit einer Vereinbarung nach, die im Rahmen einer Aktion\u00e4rsversammlung im vergangenen Fr\u00fchjahr getroffen wurde.<\/p>\n<p>Ausschlaggebend waren Antr\u00e4ge von Investoren und Aktivisten, in denen Apple dazu aufgefordert wurde zu begr\u00fcnden, warum beispielsweise im Jahr 2021 verschiedene Bibel- und Koran-Apps aus dem chinesischen App Store verschwunden sind.<\/p>\n<p><a href=\"https:\/\/images.iphone-ticker.de\/wp-content\/uploads\/2019\/12\/tim-cook-keynote.jpg\"><img loading=\"lazy\" decoding=\"async\" src=\"https:\/\/images.iphone-ticker.de\/wp-content\/uploads\/2019\/12\/tim-cook-keynote.jpg\" alt=\"Tim Cook Keynote\" width=\"700\" height=\"377\" class=\"alignnone size-full wp-image-151292\" srcset=\"https:\/\/images.iphone-ticker.de\/wp-content\/uploads\/2019\/12\/tim-cook-keynote.jpg 700w, https:\/\/images.iphone-ticker.de\/wp-content\/uploads\/2019\/12\/tim-cook-keynote-500x269.jpg 500w\" sizes=\"auto, (max-width: 700px) 100vw, 700px\" \/><\/a><\/p>\n<h2>Apple als Zensur-Gehilfe?<\/h2>\n<p>Apple sah sich in diesem Zusammenhang einmal mehr mit dem Vorwurf konfrontiert, dass ausl\u00e4ndische Regierungen auf das Angebot in den jeweiligen App Stores Einfluss nehmen. Apple hat ja beispielsweise nicht nur Messenger-Apps wie WhatsApp oder Signal, sondern auch verschieden Nachrichten- und Social-Media-Apps, <a href=\"https:\/\/www.iphone-ticker.de\/zensur-in-china-apple-entfernt-apps-der-new-york-times-106559\/\" title=\"Zensur in China: Apple entfernt Apps der New York Times\">darunter auch Apps der New York Times<\/a>, auf Gehei\u00df von der chinesischen Regierung aus dem dortigen App Store entfernt.<\/p>\n<p>Ein gro\u00dfartiges Umdenken seitens Apple sollte man hier allerdings nicht erwarten. Das Unternehmen wird hier eher nur soweit n\u00f6tig seinen Pflichten nachkommen. Angek\u00fcndigt wurde etwa, dass man zus\u00e4tzliche Details wie die Anzahl der Apps nennt, deren Entfernung ein Land beantragt hat, und damit verbunden auch angibt, ob das Ersuchen auf einer Rechtsverletzung gr\u00fcndet und ob Apple dem Antrag nachgekommen ist.<\/p>\n<h2>Kritiker nicht zufrieden<\/h2>\n<p>Dementsprechend zeigen sich die Kritiker auch nicht sonderlich begeistert. Eine Sprecherin der kritischen Aktion\u00e4rsgruppe Tulipshare lie\u00df gegen\u00fcber der Financial Times verlauten, dass sich die von Apple gemachten Angaben nicht \u00fcberpr\u00fcfen lie\u00dfen. Zudem wird Apple den Informationen zufolge auch nicht erkl\u00e4ren, warum die jeweiligen Apps entfernt wurden.<\/p>\n<p>In den ersten sechs Monaten des Jahres 2021 hat China soweit bekannt 34 Rechtsverst\u00f6\u00dfe bei Apple gemeldet und die Entfernung von 89 Apps beantragt, offenbar ist Apple dem in vollem Umfang nachgekommen. <img loading=\"lazy\" decoding=\"async\" src=\"https:\/\/vg06.met.vgwort.de\/na\/0dbf1dd3c56b4f3a9f6c0566fc7dc5ba\" width=\"1\" height=\"1\" alt=\"\" no-lazy class=\"tracking\"><\/p>\n","protected":false},"excerpt":{"rendered":"<a href=\"https:\/\/www.iphone-ticker.de\/apple-will-mehr-informationen-zu-app-sperren-veroeffentlichen-205339\/\"><img decoding=\"async\" width=\"150\" src=\"https:\/\/images.iphone-ticker.de\/wp-content\/uploads\/2019\/12\/tim-cook-keynote.jpg\" class=\"alignright wp-post-image tfe\" alt=\"Tim Cook Keynote\" title=\"\" \/><\/a><p>Apple will sich in Zukunft transparenter zeigen, wenn es um die Gr\u00fcnde f\u00fcr den Ausschluss bestimmter Apps aus dem Angebot regionaler App Stores geht. Wie die Financial Times berichtet, beruht dies jedoch nicht auf einem Sinneswandel in der F\u00fchrungsetage des Konzerns, vielmehr kommt Apple damit einer Vereinbarung nach, die im Rahmen einer Aktion\u00e4rsversammlung im vergangenen [&hellip;]<\/p>\n","protected":false},"author":2,"featured_media":0,"comment_status":"open","ping_status":"closed","sticky":false,"template":"","format":"standard","meta":{"footnotes":""},"categories":[14],"tags":[3912,160,454],"class_list":["post-205339","post","type-post","status-publish","format-standard","hentry","category-apple","tag-apple","tag-china","tag-zensur"],"aioseo_notices":[],"subheadline":["Zensur-Kritiker weiterhin nicht zufrieden"],"featured_image":["https:\/\/images.iphone-ticker.de\/wp-content\/uploads\/2020\/09\/tim-cook-apple-event.jpg"],"rest_api_enabler":{"subheadline":"Zensur-Kritiker weiterhin nicht zufrieden","featured_image":"https:\/\/images.iphone-ticker.de\/wp-content\/uploads\/2020\/09\/tim-cook-apple-event.jpg"},"_links":{"self":[{"href":"https:\/\/www.iphone-ticker.de\/apiv2\/wp\/v2\/posts\/205339","targetHints":{"allow":["GET"]}}],"collection":[{"href":"https:\/\/www.iphone-ticker.de\/apiv2\/wp\/v2\/posts"}],"about":[{"href":"https:\/\/www.iphone-ticker.de\/apiv2\/wp\/v2\/types\/post"}],"author":[{"embeddable":true,"href":"https:\/\/www.iphone-ticker.de\/apiv2\/wp\/v2\/users\/2"}],"replies":[{"embeddable":true,"href":"https:\/\/www.iphone-ticker.de\/apiv2\/wp\/v2\/comments?post=205339"}],"version-history":[{"count":4,"href":"https:\/\/www.iphone-ticker.de\/apiv2\/wp\/v2\/posts\/205339\/revisions"}],"predecessor-version":[{"id":205344,"href":"https:\/\/www.iphone-ticker.de\/apiv2\/wp\/v2\/posts\/205339\/revisions\/205344"}],"wp:attachment":[{"href":"https:\/\/www.iphone-ticker.de\/apiv2\/wp\/v2\/media?parent=205339"}],"wp:term":[{"taxonomy":"category","embeddable":true,"href":"https:\/\/www.iphone-ticker.de\/apiv2\/wp\/v2\/categories?post=205339"},{"taxonomy":"post_tag","embeddable":true,"href":"https:\/\/www.iphone-ticker.de\/apiv2\/wp\/v2\/tags?post=205339"}],"curies":[{"name":"wp","href":"https:\/\/api.w.org\/{rel}","templated":true}]}}