{"id":20509,"date":"2011-04-26T10:52:40","date_gmt":"2011-04-26T08:52:40","guid":{"rendered":"http:\/\/www.iphone-ticker.de\/?p=20509"},"modified":"2011-04-28T06:23:21","modified_gmt":"2011-04-28T04:23:21","slug":"weises-iphone-4-angeblich-kurze-zeit-auf-der-telekom-webseite","status":"publish","type":"post","link":"https:\/\/www.iphone-ticker.de\/weises-iphone-4-angeblich-kurze-zeit-auf-der-telekom-webseite-20509\/","title":{"rendered":"Wei\u00dfes iPhone 4 angeblich kurze Zeit auf der Telekom-Webseite"},"content":{"rendered":"<p><img loading=\"lazy\" decoding=\"async\" src=\"http:\/\/www.iphone-ticker.de\/wp-content\/uploads\/2011\/04\/tcom_white.gif\" alt=\"\" title=\"tcom_white\" width=\"246\" height=\"158\" class=\"alignright size-full wp-image-20510\" \/>Wenn wir dem <a href=\"\">Blogeintrag von Basti Ruehl<\/a> Glauben schenken, bereitet sich inzwischen auch die Telekom auf den Vertrieb des wei\u00dfen iPhone vor. Angeblich war die f\u00fcr morgen erwartete Modellvariante gestern Abend f\u00fcr kurze Zeit auf der Telekom-Webseite zu sehen.<br \/>\n(Danke f\u00fcr eure Mails)<\/p>\n<p>Skeptisch macht uns allerdings die Tatsache, dass auf dem Bild lediglich das wei\u00dfe iPhone abgebildet ist. Der Screenshot zeigt die Einstiegsseite zum iPhone 4 und sollte demnach (sofern verf\u00fcgbar) beide Farbvarianten abbilden. Dar\u00fcber hinaus m\u00fcsste unseres Erachtens das Wort &#8222;Wei\u00df&#8220; im Slogan &#8222;Jetzt auch in wei\u00df&#8220; gro\u00df geschrieben werden.<\/p>\n","protected":false},"excerpt":{"rendered":"<a href=\"https:\/\/www.iphone-ticker.de\/weises-iphone-4-angeblich-kurze-zeit-auf-der-telekom-webseite-20509\/\"><img decoding=\"async\" width=\"150\" src=\"http:\/\/www.iphone-ticker.de\/wp-content\/uploads\/2011\/04\/tcom_white.gif\" class=\"alignright wp-post-image tfe\" alt=\"\" title=\"tcom_white\" \/><\/a><p>Wenn wir dem Blogeintrag von Basti Ruehl Glauben schenken, bereitet sich inzwischen auch die Telekom auf den Vertrieb des wei\u00dfen iPhone vor. Angeblich war die f\u00fcr morgen erwartete Modellvariante gestern Abend f\u00fcr kurze Zeit auf der Telekom-Webseite zu sehen. (Danke f\u00fcr eure Mails) Skeptisch macht uns allerdings die Tatsache, dass auf dem Bild lediglich das [&hellip;]<\/p>\n","protected":false},"author":2,"featured_media":0,"comment_status":"open","ping_status":"closed","sticky":false,"template":"","format":"standard","meta":{"footnotes":""},"categories":[6],"tags":[2064,635],"class_list":["post-20509","post","type-post","status-publish","format-standard","hentry","category-rumors","tag-geruechte","tag-iphone-4"],"aioseo_notices":[],"rest_api_enabler":[],"_links":{"self":[{"href":"https:\/\/www.iphone-ticker.de\/apiv2\/wp\/v2\/posts\/20509","targetHints":{"allow":["GET"]}}],"collection":[{"href":"https:\/\/www.iphone-ticker.de\/apiv2\/wp\/v2\/posts"}],"about":[{"href":"https:\/\/www.iphone-ticker.de\/apiv2\/wp\/v2\/types\/post"}],"author":[{"embeddable":true,"href":"https:\/\/www.iphone-ticker.de\/apiv2\/wp\/v2\/users\/2"}],"replies":[{"embeddable":true,"href":"https:\/\/www.iphone-ticker.de\/apiv2\/wp\/v2\/comments?post=20509"}],"version-history":[{"count":11,"href":"https:\/\/www.iphone-ticker.de\/apiv2\/wp\/v2\/posts\/20509\/revisions"}],"predecessor-version":[{"id":20610,"href":"https:\/\/www.iphone-ticker.de\/apiv2\/wp\/v2\/posts\/20509\/revisions\/20610"}],"wp:attachment":[{"href":"https:\/\/www.iphone-ticker.de\/apiv2\/wp\/v2\/media?parent=20509"}],"wp:term":[{"taxonomy":"category","embeddable":true,"href":"https:\/\/www.iphone-ticker.de\/apiv2\/wp\/v2\/categories?post=20509"},{"taxonomy":"post_tag","embeddable":true,"href":"https:\/\/www.iphone-ticker.de\/apiv2\/wp\/v2\/tags?post=20509"}],"curies":[{"name":"wp","href":"https:\/\/api.w.org\/{rel}","templated":true}]}}