{"id":204498,"date":"2022-12-29T08:51:27","date_gmt":"2022-12-29T07:51:27","guid":{"rendered":"https:\/\/www.iphone-ticker.de\/?p=204498"},"modified":"2023-01-04T08:04:59","modified_gmt":"2023-01-04T07:04:59","slug":"ladenhueter-iphone-14-plus-apple-denkt-ueber-neuausrichtung-nach","status":"publish","type":"post","link":"https:\/\/www.iphone-ticker.de\/ladenhueter-iphone-14-plus-apple-denkt-ueber-neuausrichtung-nach-204498\/","title":{"rendered":"Ladenh\u00fcter iPhone 14 Plus: Apple denkt \u00fcber Neuausrichtung nach"},"content":{"rendered":"<p>Das in diesem Jahr als Pendant zum iPhone 14 Pro Max neu ins iPhone-Lineup aufgenommene iPhone 14 Plus, soll sich <a href=\"https:\/\/medium.com\/@mingchikuo\/iphone-14-%E9%A6%96%E5%91%A8%E6%9C%AB%E7%B7%9A%E4%B8%8A%E9%A0%90%E8%B3%BC%E8%AA%BF%E6%9F%A5%E8%88%87%E5%88%86%E6%9E%90-%E6%A0%B9%E6%93%9Aapple%E5%9C%A8%E4%B8%BB%E8%A6%81%E5%B8%82%E5%A0%B4%E7%B7%9A%E4%B8%8A%E5%95%86%E5%BA%97%E7%9A%84%E4%BA%A4%E8%B2%A8%E6%99%82%E9%96%93-iphone-14-first-weekend-online-pre-order-survey-110411040b5d\">deutlich schlechter<\/a> als von Apple erhofft verkaufen. Die Absatzzahlen sollen Apple-intern bereits Diskussionen um einen Strategiewechsel <a href=\"https:\/\/m.blog.naver.com\/PostView.naver?blogId=yeux1122&amp;logNo=222962049242&amp;navType=by\">in Gang gesetzt haben<\/a>, was die preisliche Positionierung des 6,7 Zoll gro\u00dfen Ger\u00e4tes und den Abstand zwischen Pro-Familie und regul\u00e4ren iPhone-Modellen angeht.<\/p>\n<p><a href=\"https:\/\/images.iphone-ticker.de\/wp-content\/uploads\/2022\/10\/iphone-14-modelle.jpg\"><img loading=\"lazy\" decoding=\"async\" class=\"aligncenter size-medium wp-image-199716\" src=\"https:\/\/images.iphone-ticker.de\/wp-content\/uploads\/2022\/10\/iphone-14-modelle-500x348.jpg\" alt=\"Iphone 14 Modelle\" width=\"500\" height=\"348\" srcset=\"https:\/\/images.iphone-ticker.de\/wp-content\/uploads\/2022\/10\/iphone-14-modelle-500x348.jpg 500w, https:\/\/images.iphone-ticker.de\/wp-content\/uploads\/2022\/10\/iphone-14-modelle-700x487.jpg 700w, https:\/\/images.iphone-ticker.de\/wp-content\/uploads\/2022\/10\/iphone-14-modelle.jpg 1400w\" sizes=\"auto, (max-width: 500px) 100vw, 500px\" \/><\/a><\/p>\n<h2>Deutliche Funktions- aber nur kleine Preisunterschiede<\/h2>\n<p>Hier war Apple zuletzt dazu \u00fcbergegangenen die Unterschiede zwischen Pro-Ger\u00e4ten und herk\u00f6mmlichen iPhones noch deutlicher als bislang herauszuarbeiten und verzichtete im iPhone 14 sogar auf den Einbau des neuen A16 Bionic-Chips. W\u00e4hrend dieser den beiden Pro-Ger\u00e4ten vorbehalten blieb, setzten die regul\u00e4ren iPhone 14-Modell in diesem Jahr weiterhin auf den A15 Bionic, der bereits im iPhone 13 und im iPhone SE der 3. Generation seinen Dienst verrichtet.<\/p>\n<p>Preislich macht sich die schlechtere Ausstattung, die sich auch bei der Kamera und dem Display (das iPhone 14 Plus ist dunkler, hat kein Always-On-Display, kein Pro Motion und kein Dynamic Island) fortsetzt, jedoch kaum bemerkbar. Das Plus kostet mindestens 1.149 Euro, das iPhone 14 Pro mit seinem offiziellem Verkaufspreis von 1.299 kostet nur 150 Euro mehr.<\/p>\n<p><a href=\"https:\/\/images.iphone-ticker.de\/wp-content\/uploads\/2022\/12\/evolution-of-iphone-scaled.jpg\"><img loading=\"lazy\" decoding=\"async\" class=\"aligncenter size-large wp-image-204140\" src=\"https:\/\/images.iphone-ticker.de\/wp-content\/uploads\/2022\/12\/evolution-of-iphone-700x338.jpg\" alt=\"Evolution Of Iphone\" width=\"700\" height=\"338\" srcset=\"https:\/\/images.iphone-ticker.de\/wp-content\/uploads\/2022\/12\/evolution-of-iphone-700x338.jpg 700w, https:\/\/images.iphone-ticker.de\/wp-content\/uploads\/2022\/12\/evolution-of-iphone-500x241.jpg 500w, https:\/\/images.iphone-ticker.de\/wp-content\/uploads\/2022\/12\/evolution-of-iphone-1536x741.jpg 1536w, https:\/\/images.iphone-ticker.de\/wp-content\/uploads\/2022\/12\/evolution-of-iphone-2048x988.jpg 2048w\" sizes=\"auto, (max-width: 700px) 100vw, 700px\" \/><\/a><\/p>\n<h2>Differenzierung intensivieren<\/h2>\n<p>Entsprechend soll Apple dar\u00fcber nachdenken den Preis des n\u00e4chsten Plus-Modells deutlich zu nach unten zu korrigieren, um den Ger\u00e4t eine Daseinsberechtigung im eigenen Lineup zu geben. Damit einhergehen d\u00fcrfte dann auch einen Preiskorrektur beim regul\u00e4ren iPhone.<\/p>\n<p>Ebenfalls denkbar ist, dass Apple zur Differenzierung von Pro-Ger\u00e4ten und regul\u00e4rem iPhone wieder verst\u00e4rkt auf den Materialmix, die verf\u00fcgbaren Farben und das verbaute Kamera-Modul setzt und sich die beiden Ger\u00e4te-Familien in ihrem Inneren nur unwesentlich voneinander unterscheiden. Ausgeschlossen scheint momentan jedoch die R\u00fcckkehr eines iPhone mini.<\/p>\n<p><img loading=\"lazy\" decoding=\"async\" src=\"https:\/\/vg08.met.vgwort.de\/na\/3b0921998b5441f1aa656824204e300f\" width=\"1\" height=\"1\" no-lazy class=\"tracking\"><\/p>\n","protected":false},"excerpt":{"rendered":"<a href=\"https:\/\/www.iphone-ticker.de\/ladenhueter-iphone-14-plus-apple-denkt-ueber-neuausrichtung-nach-204498\/\"><img decoding=\"async\" width=\"150\" src=\"https:\/\/images.iphone-ticker.de\/wp-content\/uploads\/2022\/10\/iphone-14-modelle-500x348.jpg\" class=\"alignright wp-post-image tfe\" alt=\"Iphone 14 Modelle\" title=\"\" \/><\/a><p>Das in diesem Jahr als Pendant zum iPhone 14 Pro Max neu ins iPhone-Lineup aufgenommene iPhone 14 Plus, soll sich deutlich schlechter als von Apple erhofft verkaufen. Die Absatzzahlen sollen Apple-intern bereits Diskussionen um einen Strategiewechsel in Gang gesetzt haben, was die preisliche Positionierung des 6,7 Zoll gro\u00dfen Ger\u00e4tes und den Abstand zwischen Pro-Familie und [&hellip;]<\/p>\n","protected":false},"author":1,"featured_media":0,"comment_status":"open","ping_status":"closed","sticky":false,"template":"","format":"standard","meta":{"footnotes":""},"categories":[1,1975],"tags":[3912,344],"class_list":["post-204498","post","type-post","status-publish","format-standard","hentry","category-news","category-feature","tag-apple","tag-iphone"],"aioseo_notices":[],"featured_image":["https:\/\/images.iphone-ticker.de\/wp-content\/uploads\/2022\/10\/iphone-14-modelle-feature.jpg"],"subheadline":["Differenzierung intensivieren"],"rest_api_enabler":{"featured_image":"https:\/\/images.iphone-ticker.de\/wp-content\/uploads\/2022\/10\/iphone-14-modelle-feature.jpg","subheadline":"Differenzierung intensivieren"},"_links":{"self":[{"href":"https:\/\/www.iphone-ticker.de\/apiv2\/wp\/v2\/posts\/204498","targetHints":{"allow":["GET"]}}],"collection":[{"href":"https:\/\/www.iphone-ticker.de\/apiv2\/wp\/v2\/posts"}],"about":[{"href":"https:\/\/www.iphone-ticker.de\/apiv2\/wp\/v2\/types\/post"}],"author":[{"embeddable":true,"href":"https:\/\/www.iphone-ticker.de\/apiv2\/wp\/v2\/users\/1"}],"replies":[{"embeddable":true,"href":"https:\/\/www.iphone-ticker.de\/apiv2\/wp\/v2\/comments?post=204498"}],"version-history":[{"count":1,"href":"https:\/\/www.iphone-ticker.de\/apiv2\/wp\/v2\/posts\/204498\/revisions"}],"predecessor-version":[{"id":204499,"href":"https:\/\/www.iphone-ticker.de\/apiv2\/wp\/v2\/posts\/204498\/revisions\/204499"}],"wp:attachment":[{"href":"https:\/\/www.iphone-ticker.de\/apiv2\/wp\/v2\/media?parent=204498"}],"wp:term":[{"taxonomy":"category","embeddable":true,"href":"https:\/\/www.iphone-ticker.de\/apiv2\/wp\/v2\/categories?post=204498"},{"taxonomy":"post_tag","embeddable":true,"href":"https:\/\/www.iphone-ticker.de\/apiv2\/wp\/v2\/tags?post=204498"}],"curies":[{"name":"wp","href":"https:\/\/api.w.org\/{rel}","templated":true}]}}