{"id":204371,"date":"2022-12-27T11:06:28","date_gmt":"2022-12-27T10:06:28","guid":{"rendered":"https:\/\/www.iphone-ticker.de\/?p=204371"},"modified":"2022-12-27T11:06:28","modified_gmt":"2022-12-27T10:06:28","slug":"eu-smartphone-energielabel-werden-reparierbarkeit-zeigen","status":"publish","type":"post","link":"https:\/\/www.iphone-ticker.de\/eu-smartphone-energielabel-werden-reparierbarkeit-zeigen-204371\/","title":{"rendered":"EU: Smartphone-Energielabel werden Reparierbarkeit zeigen"},"content":{"rendered":"<p>\u00dcber die Pl\u00e4ne der Europ\u00e4ischen Union, nach Einf\u00fchrung des USB-C-Standards f\u00fcr den Ladeanschluss mobiler Ger\u00e4te auch verpflichtende Ersatzteil-Vorgaben und ein Energielabel f\u00fcr Smartphones einzuf\u00fchren, konnten wir auf ifun.de <a href=\"https:\/\/www.iphone-ticker.de\/eu-kommission-ersatzteilpflicht-und-energielabel-fuer-smartphones-197621\/\">bereits berichten<\/a>.<\/p>\n<p><a href=\"https:\/\/images.iphone-ticker.de\/wp-content\/uploads\/2022\/09\/energy-label.jpg\"><img loading=\"lazy\" decoding=\"async\" class=\"aligncenter size-medium wp-image-197624\" src=\"https:\/\/images.iphone-ticker.de\/wp-content\/uploads\/2022\/09\/energy-label-500x279.jpg\" alt=\"Energy Label\" width=\"500\" height=\"279\" srcset=\"https:\/\/images.iphone-ticker.de\/wp-content\/uploads\/2022\/09\/energy-label-500x279.jpg 500w, https:\/\/images.iphone-ticker.de\/wp-content\/uploads\/2022\/09\/energy-label-700x390.jpg 700w, https:\/\/images.iphone-ticker.de\/wp-content\/uploads\/2022\/09\/energy-label.jpg 1000w\" sizes=\"auto, (max-width: 500px) 100vw, 500px\" \/><\/a><br \/>\nDas Bundesministerium f\u00fcr Umwelt, Naturschutz, nukleare Sicherheit und Verbraucherschutz (BMUV) hat die Erwartungen in Sachen Smartphone-Energielabel k\u00fcrzlich etwas konkretisiert und dar\u00fcber informiert, dass dieses auch die Reparierbarkeit der Ger\u00e4te anzeigen wird.<\/p>\n<h2>F\u00fcnf Noten von A bis E<\/h2>\n<p>Abgebildet werden soll diese \u00fcber einen so genannten Reparierbarkeits-Index, der mit einer Skala von A bis E darstellt, wie gut die jeweiligen Ger\u00e4te zu reparieren sind. Geplant ist, dass die neuen Smartphone-Energielabel ab 2025 auf allen neuen Smartphones angebracht werden m\u00fcssen, die innerhalb der Europ\u00e4ischen Union neu in den Verkauf gehen. Der Reparierbarkeits-Index wird dabei durch ein Werkzeug-Icon dargestellt.<\/p>\n<p>Wie das BMUV mitteilt wird die Vergabe der Reparierbarkeits-Note von mehreren Kriterien abh\u00e4ngen. In die Gesamtbewertung einflie\u00dfen werden:<\/p>\n<ul>\n<li>Die Anzahl der Schritte, die zum Auseinandernehmen des jeweiligen Ger\u00e4tes ben\u00f6tigt werden.<\/li>\n<li>Die Verf\u00fcgbarkeit von Ersatzteilen.<\/li>\n<li>Die Verf\u00fcgbarkeit von Softwareupdates.<\/li>\n<\/ul>\n<h2>Ersatzteilpflicht und neue Akku-Vorgaben<\/h2>\n<p>Innerhalb der Europ\u00e4ischen Union hatte man sich erst <a href=\"https:\/\/www.iphone-ticker.de\/eu-kommission-ersatzteilpflicht-und-energielabel-fuer-smartphones-197621\/\">k\u00fcrzlich darauf verst\u00e4ndigt<\/a> Smartphone-Anbieter dazu zu verpflichten 15 Kernkomponenten moderner Ger\u00e4te f\u00fcr mindestens f\u00fcnf Jahre nach dem Marktstart zur Verf\u00fcgung stellen zu m\u00fcssen um Reparaturen zu gew\u00e4hrleisten und einen st\u00e4rkeren Fokus auf die Langlebigkeit der Ger\u00e4te zu legen.<\/p>\n<ul>\n<li><strong>Neue Akku-Vorgaben der EU: <\/strong><a title=\"Neue Akku-Vorgaben der EU: Fest verbaut geht bald nicht mehr\" href=\"https:\/\/www.ifun.de\/neue-akku-vorgaben-der-eu-fest-verbaut-geht-bald-nicht-mehr-200805\/\">Fest verbaut geht bald nicht mehr<\/a><\/li>\n<\/ul>\n<p>Zudem spielt die Europ\u00e4ische Union mit dem Gedanken die Smartphone-Hersteller fortan auch dazu zu verpflichten ihre Akkus nicht mehr fest in die Ger\u00e4te zu Verbauen, sondern einen einfachen Austausch der Stromspender durch die Anwender m\u00f6glich zu machen.<\/p>\n<p><img loading=\"lazy\" decoding=\"async\" src=\"https:\/\/vg08.met.vgwort.de\/na\/8778f42e30234127ae3f0e7978d2c295\" width=\"1\" height=\"1\" no-lazy class=\"tracking\"><\/p>\n","protected":false},"excerpt":{"rendered":"<a href=\"https:\/\/www.iphone-ticker.de\/eu-smartphone-energielabel-werden-reparierbarkeit-zeigen-204371\/\"><img width=\"150\" height=\"150\" src=\"https:\/\/images.iphone-ticker.de\/wp-content\/uploads\/2022\/12\/energielabel-iphone-eu-150x150.jpg\" class=\"alignright tfe wp-post-image\" alt=\"Energielabel Iphone Eu\" decoding=\"async\" loading=\"lazy\" \/><\/a><p>\u00dcber die Pl\u00e4ne der Europ\u00e4ischen Union, nach Einf\u00fchrung des USB-C-Standards f\u00fcr den Ladeanschluss mobiler Ger\u00e4te auch verpflichtende Ersatzteil-Vorgaben und ein Energielabel f\u00fcr Smartphones einzuf\u00fchren, konnten wir auf ifun.de bereits berichten. Das Bundesministerium f\u00fcr Umwelt, Naturschutz, nukleare Sicherheit und Verbraucherschutz (BMUV) hat die Erwartungen in Sachen Smartphone-Energielabel k\u00fcrzlich etwas konkretisiert und dar\u00fcber informiert, dass dieses auch [&hellip;]<\/p>\n","protected":false},"author":1,"featured_media":204372,"comment_status":"open","ping_status":"closed","sticky":false,"template":"","format":"standard","meta":{"footnotes":""},"categories":[1],"tags":[292,147,508],"class_list":["post-204371","post","type-post","status-publish","format-standard","has-post-thumbnail","hentry","category-news","tag-europa","tag-recht","tag-umwelt"],"aioseo_notices":[],"featured_image":["https:\/\/images.iphone-ticker.de\/wp-content\/uploads\/2022\/12\/energielabel-iphone-eu.jpg"],"subheadline":["Ersatzteilpflicht und neue Akku-Vorgaben"],"rest_api_enabler":{"featured_image":"https:\/\/images.iphone-ticker.de\/wp-content\/uploads\/2022\/12\/energielabel-iphone-eu.jpg","subheadline":"Ersatzteilpflicht und neue Akku-Vorgaben"},"_links":{"self":[{"href":"https:\/\/www.iphone-ticker.de\/apiv2\/wp\/v2\/posts\/204371","targetHints":{"allow":["GET"]}}],"collection":[{"href":"https:\/\/www.iphone-ticker.de\/apiv2\/wp\/v2\/posts"}],"about":[{"href":"https:\/\/www.iphone-ticker.de\/apiv2\/wp\/v2\/types\/post"}],"author":[{"embeddable":true,"href":"https:\/\/www.iphone-ticker.de\/apiv2\/wp\/v2\/users\/1"}],"replies":[{"embeddable":true,"href":"https:\/\/www.iphone-ticker.de\/apiv2\/wp\/v2\/comments?post=204371"}],"version-history":[{"count":1,"href":"https:\/\/www.iphone-ticker.de\/apiv2\/wp\/v2\/posts\/204371\/revisions"}],"predecessor-version":[{"id":204373,"href":"https:\/\/www.iphone-ticker.de\/apiv2\/wp\/v2\/posts\/204371\/revisions\/204373"}],"wp:featuredmedia":[{"embeddable":true,"href":"https:\/\/www.iphone-ticker.de\/apiv2\/wp\/v2\/media\/204372"}],"wp:attachment":[{"href":"https:\/\/www.iphone-ticker.de\/apiv2\/wp\/v2\/media?parent=204371"}],"wp:term":[{"taxonomy":"category","embeddable":true,"href":"https:\/\/www.iphone-ticker.de\/apiv2\/wp\/v2\/categories?post=204371"},{"taxonomy":"post_tag","embeddable":true,"href":"https:\/\/www.iphone-ticker.de\/apiv2\/wp\/v2\/tags?post=204371"}],"curies":[{"name":"wp","href":"https:\/\/api.w.org\/{rel}","templated":true}]}}