{"id":2042,"date":"2006-09-05T14:30:04","date_gmt":"2006-09-05T13:30:04","guid":{"rendered":"http:\/\/www.iphone-ticker.de\/2006\/09\/05\/scheinwerfer-im-geruchtenebel-apple-bestatigt-event\/"},"modified":"2009-07-15T22:21:30","modified_gmt":"2009-07-15T20:21:30","slug":"scheinwerfer-im-geruchtenebel-apple-bestatigt-event","status":"publish","type":"post","link":"https:\/\/www.iphone-ticker.de\/scheinwerfer-im-geruchtenebel-apple-bestatigt-event-2042\/","title":{"rendered":"Scheinwerfer im &#8222;Ger\u00fcchtenebel&#8220;: Apple best\u00e4tigt Event"},"content":{"rendered":"<p>Apple hat nun tats\u00e4chlich Einladungen f\u00fcr ein Special Event am 12. September verschickt. Die Wahl dieses Datums sorgt bereits seit erste Gr\u00fcchte dazu aufgetaucht sind f\u00fcr angeregte Diskussionen, am selben Tag startet in Paris mit der Apple Expo die gr\u00f6\u00dfte Apple-Messe in Europa. Es ist davon auszugehen, dass auf der mit &#8218;It&#8217;s Showtime&#8216; betitelten Veranstaltung das lange erwartete Spielfilmangebot im iTunes Music Store vorgestellt wird. Bislang ist nicht klar, ob die Veranstaltung nach Europa \u00fcbertragen wird. Jedenfalls ist es unwahrscheinlich, dass auf der Apple Expo bereits neue Produkte live zu sehen sind. Die Messe beginnt am Dienstag um 10 Uhr, das Apple Event dagegen erst um 19 Uhr MESZ. Von daher k\u00f6nnten Produktneuheiten zumindest nicht von Messebeginn an pr\u00e4sentiert werden.<\/p>\n<p>Ob es am 12. \u00fcberhaupt neue Hardware gibt bleibt weiterhin fraglich. Ein iMac mit gr\u00f6\u00dferem Screen <strike>geistert umher<\/strike> <a href=\"http:\/\/www.ifun.de\/content\/view\/2364\/50\/\">ist jetzt da<\/a>, neue iPods mit h\u00f6herer Speicherkapazit\u00e4t sind recht wahrscheinlich, k\u00f6nnten aber auch durchaus auch erst im Oktober kommen. Gewagtere Spekulationen drehen sich um die ewigen Themen iPhone oder iHome (Entertainment Center). Wir versorgen euch in jedem Fall mit allen aktuellen News.<\/p>\n","protected":false},"excerpt":{"rendered":"<p>Apple hat nun tats\u00e4chlich Einladungen f\u00fcr ein Special Event am 12. September verschickt. Die Wahl dieses Datums sorgt bereits seit erste Gr\u00fcchte dazu aufgetaucht sind f\u00fcr angeregte Diskussionen, am selben Tag startet in Paris mit der Apple Expo die gr\u00f6\u00dfte Apple-Messe in Europa. Es ist davon auszugehen, dass auf der mit &#8218;It&#8217;s Showtime&#8216; betitelten Veranstaltung [&hellip;]<\/p>\n","protected":false},"author":2,"featured_media":0,"comment_status":"open","ping_status":"open","sticky":false,"template":"","format":"standard","meta":{"footnotes":""},"categories":[1],"tags":[3912,3910],"class_list":["post-2042","post","type-post","status-publish","format-standard","hentry","category-news","tag-apple","tag-rumors"],"aioseo_notices":[],"rest_api_enabler":[],"_links":{"self":[{"href":"https:\/\/www.iphone-ticker.de\/apiv2\/wp\/v2\/posts\/2042","targetHints":{"allow":["GET"]}}],"collection":[{"href":"https:\/\/www.iphone-ticker.de\/apiv2\/wp\/v2\/posts"}],"about":[{"href":"https:\/\/www.iphone-ticker.de\/apiv2\/wp\/v2\/types\/post"}],"author":[{"embeddable":true,"href":"https:\/\/www.iphone-ticker.de\/apiv2\/wp\/v2\/users\/2"}],"replies":[{"embeddable":true,"href":"https:\/\/www.iphone-ticker.de\/apiv2\/wp\/v2\/comments?post=2042"}],"version-history":[{"count":0,"href":"https:\/\/www.iphone-ticker.de\/apiv2\/wp\/v2\/posts\/2042\/revisions"}],"wp:attachment":[{"href":"https:\/\/www.iphone-ticker.de\/apiv2\/wp\/v2\/media?parent=2042"}],"wp:term":[{"taxonomy":"category","embeddable":true,"href":"https:\/\/www.iphone-ticker.de\/apiv2\/wp\/v2\/categories?post=2042"},{"taxonomy":"post_tag","embeddable":true,"href":"https:\/\/www.iphone-ticker.de\/apiv2\/wp\/v2\/tags?post=2042"}],"curies":[{"name":"wp","href":"https:\/\/api.w.org\/{rel}","templated":true}]}}