{"id":202685,"date":"2022-11-24T16:59:56","date_gmt":"2022-11-24T15:59:56","guid":{"rendered":"https:\/\/www.iphone-ticker.de\/?p=202685"},"modified":"2022-11-24T17:00:19","modified_gmt":"2022-11-24T16:00:19","slug":"zukunft-2035-hoerspiel-grossprojekt-angekuendigt","status":"publish","type":"post","link":"https:\/\/www.iphone-ticker.de\/zukunft-2035-hoerspiel-grossprojekt-angekuendigt-202685\/","title":{"rendered":"Zukunft 2035: H\u00f6rspiel-Gro\u00dfprojekt angek\u00fcndigt"},"content":{"rendered":"<p>Die ARD und das Deutschlandradio haben heute den bevorstehenden Start des Gemeinschaftsprojektes &#8222;<a href=\"https:\/\/www.ard.de\/die-ard\/wie-sie-uns-erreichen\/ard-pressemeldungen\/2022\/11-24-Hoerspiel-Podcast-2035-Die-Zukunft-beginnt-jetzt-Grosses-Gemeinschaftsprojekt-von-ARD-und-Deutschlandradio-100\">2035 \u2013 Die Zukunft beginnt jetzt<\/a>&#8220; angek\u00fcndigt, das den gesamten Dezember hindurch f\u00fcr neue Audio- und H\u00f6rspiel-Inhalte sorgen soll, die sich mit dem Leben im Jahr 2035 auseinandersetzen.<\/p>\n<p><a href=\"https:\/\/images.iphone-ticker.de\/wp-content\/uploads\/2021\/11\/ard-audiothek.jpg\"><img loading=\"lazy\" decoding=\"async\" class=\"aligncenter size-medium wp-image-183006\" src=\"https:\/\/images.iphone-ticker.de\/wp-content\/uploads\/2021\/11\/ard-audiothek-500x472.jpg\" alt=\"Ard Audiothek\" width=\"500\" height=\"472\" srcset=\"https:\/\/images.iphone-ticker.de\/wp-content\/uploads\/2021\/11\/ard-audiothek-500x472.jpg 500w, https:\/\/images.iphone-ticker.de\/wp-content\/uploads\/2021\/11\/ard-audiothek-700x661.jpg 700w, https:\/\/images.iphone-ticker.de\/wp-content\/uploads\/2021\/11\/ard-audiothek.jpg 1500w\" sizes=\"auto, (max-width: 500px) 100vw, 500px\" \/><\/a><\/p>\n<h2>Ab 2. Dezember als Podcast&#8230;<\/h2>\n<p>Daf\u00fcr haben alle ARD-Landesrundfunkanstalten in Kooperation mit dem Deutschlandradio eigene H\u00f6r-Visionen produziert, die im Laufe des kommenden Monats sowohl als Podcast als auch in der ARD Audiothek und auf den jeweiligen H\u00f6rfunksendern der Rundfunkanstalten angeboten werden sollen.<\/p>\n<p>Der Podcast, der sich zum Monatswechsel wohl \u00fcberall dort abonnieren lassen wir, wo ihr auch sonst eure Podcasts bezieht, liefert die H\u00f6rspiele dann automatisch auf das iPhone. Verbunden sind die Audiofiktionen \u00fcber einen roten Faden: Aus der Zukunft berichten jeweils Personen des Abschlussjahrgangs 2022.<\/p>\n<p>Davon abgesehen soll es sich ansonsten eher um lose miteinander zusammenh\u00e4ngende Geschichten handeln, die sich nach Angaben der ARD mit Themenbereichen wie Naturkatastrophen, technologischer Entwicklung, K\u00fcnstlicher Intelligenz und sozialer Spaltungen auseinandersetzen.<\/p>\n<h2>&#8230; und in der Audiothek<\/h2>\n<p>Gerade in Zeiten in denen der \u00d6ffentlich-Rechtliche Rundfunk wegen des teils verschwenderischem Umgangs mit Geb\u00fchrengeldern in der Kritik steht, zeigt die abgestimmte Aktion gut, worauf sich eigentlich konzentriert werden sollte. Kultur, Bildung und Unterhaltung &#8211; dargeboten in halbwegs modernen Formaten.<\/p>\n<p>Die fiktionalen H\u00f6rspiel-Inhalte sollen in der ARD Audiothek von zahlreichen redaktionellen Inhalten begleitet werden, die die aufgegriffenen Themen durch zus\u00e4tzlichen Inhalte wissenschaftlich vertiefen sollen. Hier sind neben Reportagen auch Essays und Gespr\u00e4chsrunden angek\u00fcndigt.<\/p>\n<!-- WP-Appbox (Version: 4.5.9 \/\/ Store: appstore \/\/ ID: 1224607890) -->\t<!-- app-link -->\n\t<div id=\"article-single-app-preview\">\n\t\t<div id=\"article-single-app-preview-header\">\n\t\t\t<span class=\"title\">Laden im App Store<\/span>\n\t\t<\/div>\n\t\t<div id=\"article-single-app-preview-content\">\n\t\t\t<div id=\"article-single-app-preview-img\"><img loading=\"lazy\" decoding=\"async\" src=\"\/\/www.iphone-ticker.de\/wp-content\/cache\/wp-appbox\/6f16e9ede5398d3c15d92b3aaf8175e2\/ai-740db49665ec9aaceca227bc92872351\" alt=\"ARD Sounds\"  height=\"72\" width=\"72\" class=\"asl-icon-img\" \/><\/div>\n\t\t\t<div id=\"article-single-app-preview-desc\">\n\t\t\t\t<span class=\"name\">ARD Sounds<\/span><br \/>\n\t\t\t\t<span class=\"seller\">Entwickler: <a target=\"_blank\" rel=\"nofollow\" href=\"https:\/\/apps.apple.com\/de\/developer\/sudwestrundfunk-anstalt-des-offentlichen-rechts\/id610313722\">Sudwestrundfunk, Anstalt des offentlichen Rechts<\/a><\/span>\n\t\t\t<\/div>\n\t\t\t<a target=\"_blank\" rel=\"nofollow\" href=\"https:\/\/apps.apple.com\/de\/app\/ard-sounds\/id1224607890\"><div id=\"article-single-app-preview-download\">Preis: Kostenlos<br \/>\n\t\t\t<span class=\"size\">Laden<\/span><\/div><\/a>\n\t\t<\/div>\n\t\t<!-- <div id=\"article-single-app-preview-footer\"><\/div>\t-->\n\t<\/div>\n\t<!-- app-link\/ende --><!-- \/WP-Appbox -->\n<p>In der Inhaltsbeschreibung hei\u00dft es:<\/p>\n<blockquote><p>Da ist beispielsweise Emily, die als Projektleiterin eines Greentech-Konzerns die Erde vor zu starker Sonneneinstrahlung sch\u00fctzen will. Merles Heimatort wird vom steigenden Meeresspiegel bedroht. Mika verliert alle Videos der verstorbenen Mutter, weil der Annamox-K\u00e4fer mehrere Serverfarmen \u00fcberf\u00e4llt. Und Lulu lebt auf der Tetris \u2013 dort, wo nur noch Frauen, Kinder und Alte leben, seitdem die verschlammte Erde evakuiert wurde.<\/p>\n<p>Ist unser Planet im Jahr 2035 noch bewohnbar? Welche komplexen Herausforderungen kommen auf die j\u00fcngeren Generationen zu, welche Gef\u00fchle, Sehns\u00fcchte und \u00c4ngste treiben sie um? Ein faszinierendes H\u00f6rerlebnis, das die Zukunft erfahrbar macht.<\/p><\/blockquote>\n<h2>Die Radio-Termine im \u00dcberblick<\/h2>\n<ul>\n<li><strong>Daddy (rbb)<\/strong><br \/>\nrbbKultur: 2.12. um 19.00 Uhr, MDR KULTUR: 12.12. um 22.00 Uhr, Deutschlandfunk Kultur: 14.12. um 22.03 Uhr<\/li>\n<li><strong>F\u00fcr immer wir alle zusammen (MDR\/SR)<\/strong><br \/>\nSR2 Kulturradio: 4.12. um 17:04 Uhr, MDR KULTUR: 5.12. um 22 Uhr, Deutschlandfunk: 10.12. um 20.05 Uhr<\/li>\n<li><strong>Landunter (Radio Bremen)<\/strong><br \/>\nBremen Zwei: 4.12. um 18:05 Uhr, Deutschlandfunk Kultur: 15.12. um 22.03 Uhr<\/li>\n<li><strong>9 Dinge, die Du 2035 nicht erwartet h\u00e4ttest \u2013 #6 wird Dich umhauen! (HR)<\/strong><br \/>\nhr2-kultur: 4.12. um 22.00 Uhr, Deutschlandfunk Kultur: 16.12. um 00.05 Uhr<\/li>\n<li><strong>R\u00fcckw\u00e4rts-Hannah (BR)<\/strong><br \/>\nBayern 2: 4.12. um 15:05 Uhr, Deutschlandfunk: 10.12. um 20.05 Uhr<\/li>\n<li><strong>Emilys Reminder (WDR)<\/strong><br \/>\n1LIVE: 5.12. um 23:00 Uhr, Bayern 2: 9.12. um 21:05 Uhr, Deutschlandfunk Kultur: 12.12. um 22.03 Uhr<\/li>\n<li><strong>Die Tetris (NDR)<\/strong><br \/>\nNDR Kultur: 7.12. um 20.00 Uhr, Deutschlandfunk Kultur: 9.12. um 00.05 Uhr, Bayern 2: 16.12. um 21:05 Uhr<\/li>\n<li><strong>Ein K\u00e4fer, der Erinnerungen frisst (Deutschlandfunk Kultur)<\/strong><br \/>\nDeutschlandfunk Kultur: 8.12.2022 um 22.03 Uhr<\/li>\n<li><strong>Peak Meat (SWR)<\/strong><br \/>\nSWR2: 10.12. um 23:03 Uhr, Deutschlandfunk Kultur: 11.12. um 18.30 Uhr<\/li>\n<li><strong>Lost Generation!? (MDR)<\/strong><br \/>\nMDR KULTUR: 2023, tbc<\/li>\n<\/ul>\n<p><img loading=\"lazy\" decoding=\"async\" src=\"https:\/\/vg07.met.vgwort.de\/na\/404fb7c7d23b47959716195c739332c0\" width=\"1\" height=\"1\" no-lazy class=\"tracking\"><\/p>\n","protected":false},"excerpt":{"rendered":"<a href=\"https:\/\/www.iphone-ticker.de\/zukunft-2035-hoerspiel-grossprojekt-angekuendigt-202685\/\"><img width=\"150\" height=\"150\" src=\"https:\/\/images.iphone-ticker.de\/wp-content\/uploads\/2022\/11\/2035-zukunft-150x150.jpg\" class=\"alignright tfe wp-post-image\" alt=\"2035 Zukunft\" decoding=\"async\" loading=\"lazy\" \/><\/a><p>Die ARD und das Deutschlandradio haben heute den bevorstehenden Start des Gemeinschaftsprojektes &#8222;2035 \u2013 Die Zukunft beginnt jetzt&#8220; angek\u00fcndigt, das den gesamten Dezember hindurch f\u00fcr neue Audio- und H\u00f6rspiel-Inhalte sorgen soll, die sich mit dem Leben im Jahr 2035 auseinandersetzen. Ab 2. Dezember als Podcast&#8230; Daf\u00fcr haben alle ARD-Landesrundfunkanstalten in Kooperation mit dem Deutschlandradio eigene [&hellip;]<\/p>\n","protected":false},"author":1,"featured_media":202686,"comment_status":"open","ping_status":"closed","sticky":false,"template":"","format":"standard","meta":{"footnotes":""},"categories":[1],"tags":[514,165],"class_list":["post-202685","post","type-post","status-publish","format-standard","has-post-thumbnail","hentry","category-news","tag-ard","tag-podcast"],"aioseo_notices":[],"subheadline":["Ab Dezember als Podcast"],"featured_image":["https:\/\/images.iphone-ticker.de\/wp-content\/uploads\/2022\/11\/2035-zukunft.jpg"],"rest_api_enabler":{"subheadline":"Ab Dezember als Podcast","featured_image":"https:\/\/images.iphone-ticker.de\/wp-content\/uploads\/2022\/11\/2035-zukunft.jpg"},"_links":{"self":[{"href":"https:\/\/www.iphone-ticker.de\/apiv2\/wp\/v2\/posts\/202685","targetHints":{"allow":["GET"]}}],"collection":[{"href":"https:\/\/www.iphone-ticker.de\/apiv2\/wp\/v2\/posts"}],"about":[{"href":"https:\/\/www.iphone-ticker.de\/apiv2\/wp\/v2\/types\/post"}],"author":[{"embeddable":true,"href":"https:\/\/www.iphone-ticker.de\/apiv2\/wp\/v2\/users\/1"}],"replies":[{"embeddable":true,"href":"https:\/\/www.iphone-ticker.de\/apiv2\/wp\/v2\/comments?post=202685"}],"version-history":[{"count":1,"href":"https:\/\/www.iphone-ticker.de\/apiv2\/wp\/v2\/posts\/202685\/revisions"}],"predecessor-version":[{"id":202687,"href":"https:\/\/www.iphone-ticker.de\/apiv2\/wp\/v2\/posts\/202685\/revisions\/202687"}],"wp:featuredmedia":[{"embeddable":true,"href":"https:\/\/www.iphone-ticker.de\/apiv2\/wp\/v2\/media\/202686"}],"wp:attachment":[{"href":"https:\/\/www.iphone-ticker.de\/apiv2\/wp\/v2\/media?parent=202685"}],"wp:term":[{"taxonomy":"category","embeddable":true,"href":"https:\/\/www.iphone-ticker.de\/apiv2\/wp\/v2\/categories?post=202685"},{"taxonomy":"post_tag","embeddable":true,"href":"https:\/\/www.iphone-ticker.de\/apiv2\/wp\/v2\/tags?post=202685"}],"curies":[{"name":"wp","href":"https:\/\/api.w.org\/{rel}","templated":true}]}}