{"id":202114,"date":"2022-11-15T16:41:55","date_gmt":"2022-11-15T15:41:55","guid":{"rendered":"https:\/\/www.iphone-ticker.de\/?p=202114"},"modified":"2022-11-15T16:45:24","modified_gmt":"2022-11-15T15:45:24","slug":"airpods-gravur-mit-der-apple-store-app-auch-memojis-moeglich","status":"publish","type":"post","link":"https:\/\/www.iphone-ticker.de\/airpods-gravur-mit-der-apple-store-app-auch-memojis-moeglich-202114\/","title":{"rendered":"AirPods-Gravur: Mit der Apple-Store-App auch Memojis m\u00f6glich"},"content":{"rendered":"<p>Bereits bei der Vorstellung der <a href=\"https:\/\/apple.sjv.io\/n1dmGX\">AirPods Pro 2<\/a> im September angek\u00fcndigt, wirbt Apple mit der neuen Version der <a href=\"https:\/\/apps.apple.com\/de\/app\/apple-store\/id375380948\">Apple-Store-App<\/a> nun aktiv f\u00fcr die M\u00f6glichkeit, die Ladeh\u00fclle der Ohrh\u00f6rer ohne zus\u00e4tzliche Kosten nicht nur mit Text oder Emojis, sondern auch mit einem selbst erstellten Memoji zu verzieren.<\/p>\n<p>Diese erweiterte Version der Personalisierung steht nur f\u00fcr die AirPods der dritten Generation und die neuen AirPods Pro der zweiten Generation zur Verf\u00fcgung und ist zudem ausschlie\u00dflich \u00fcber die Apple-Store-App m\u00f6glich. Wer seine AirPods \u00fcber den Webbrowser bei Apple kauft, kann lediglich eine frei w\u00e4hlbare Kombination aus Emojis, Namen, Initialen und Zahlen gravieren lassen.<\/p>\n<p><a href=\"https:\/\/images.iphone-ticker.de\/wp-content\/uploads\/2022\/11\/memoji-gravur-airpods.jpg\"><img loading=\"lazy\" decoding=\"async\" src=\"https:\/\/images.iphone-ticker.de\/wp-content\/uploads\/2022\/11\/memoji-gravur-airpods-700x633.jpg\" alt=\"Memoji Gravur Airpods\" width=\"700\" height=\"633\" class=\"alignnone size-large wp-image-202118\" srcset=\"https:\/\/images.iphone-ticker.de\/wp-content\/uploads\/2022\/11\/memoji-gravur-airpods-700x633.jpg 700w, https:\/\/images.iphone-ticker.de\/wp-content\/uploads\/2022\/11\/memoji-gravur-airpods-500x452.jpg 500w, https:\/\/images.iphone-ticker.de\/wp-content\/uploads\/2022\/11\/memoji-gravur-airpods.jpg 1400w\" sizes=\"auto, (max-width: 700px) 100vw, 700px\" \/><\/a><\/p>\n<p>In der Apple-Store-App stehen stattdessen zus\u00e4tzlich zu den Emojis, Buchstaben und Zahlen auch Memojis zur Verf\u00fcgung und man kann hier entweder bereits vorhandene eigene verwenden oder auch neue erstellen &#8211; beispielsweise wenn man auf diese Weise ein Geschenk \u201ebasteln\u201c will.<\/p>\n<p>Das auf diese Weise erstellte oder ausgew\u00e4hlte Gravur-Motiv wird anschlie\u00dfend gesichert und mit der AirPods-Bestellung in Auftrag gegeben. Beachtet damit verbunden, dass sich die Lieferzeit der Ohrh\u00f6rer mit dem Hinzuf\u00fcgen einer Gravur um ein bis zwei Wochen erh\u00f6ht.<\/p>\n<!-- WP-Appbox (Version: 4.5.9 \/\/ Store: appstore \/\/ ID: 375380948) -->\t<!-- app-link -->\n\t<div id=\"article-single-app-preview\">\n\t\t<div id=\"article-single-app-preview-header\">\n\t\t\t<span class=\"title\">Laden im App Store<\/span>\n\t\t<\/div>\n\t\t<div id=\"article-single-app-preview-content\">\n\t\t\t<div id=\"article-single-app-preview-img\"><img loading=\"lazy\" decoding=\"async\" src=\"\/\/www.iphone-ticker.de\/wp-content\/cache\/wp-appbox\/10f16b0389ad2e907729428e90b5a037\/ai-68f566b7db97f045538139ccac37a9db\" alt=\"Unbekannte App\"  height=\"72\" width=\"72\" class=\"asl-icon-img\" \/><\/div>\n\t\t\t<div id=\"article-single-app-preview-desc\">\n\t\t\t\t<span class=\"name\">Unbekannte App<\/span><br \/>\n\t\t\t\t<span class=\"seller\">Entwickler: Unbekannt<\/span>\n\t\t\t<\/div>\n\t\t\t<a target=\"_blank\" rel=\"nofollow\" href=\"https:\/\/apps.apple.com\/cn\/iphone\/today\"><div id=\"article-single-app-preview-download\">Preis: Kostenlos<br \/>\n\t\t\t<span class=\"size\">Laden<\/span><\/div><\/a>\n\t\t<\/div>\n\t\t<!-- <div id=\"article-single-app-preview-footer\"><\/div>\t-->\n\t<\/div>\n\t<!-- app-link\/ende --><!-- \/WP-Appbox -->\n<h2>Gravur bei Apple kostenlos, daf\u00fcr AirPods teurer<\/h2>\n<p>W\u00e4hrend Apples kostenlose AirPods-Gravur nat\u00fcrlich ein sehr attraktives Feature ist, darf man die damit im Vergleich zum Kauf bei Drittanbietern verbundenen Mehrkosten nicht verschweigen. Apple selbst verlangt hier jeweils stets den vollen Standardpreis, der bei den AirPods Pro 2 bei satten 299 Euro liegt.<\/p>\n<p>Wer auf die Gravur verzichten und daf\u00fcr ein wenig sparen will, bekommt die AirPods Pro aktuell mit knapp 40 Euro Preisnachlass. Sowohl <a rel=\"noindex, nofollow\" href=\"http:\/\/www.ifun.de\/amzn\/B0BDJ37NF5\">Amazon Deutschland<\/a> als auch der Versender <a href=\"https:\/\/clk.tradedoubler.com\/click?p=302027&amp;a=747172&amp;url=https%3A%2F%2Fwww.galaxus.de%2Fde%2Fs1%2Fproduct%2Fapple-airpods-pro-2nd-gen-magsafe-case-anc-6-h-kopfhoerer-21993129\">Galaxus<\/a> listen die neue zweite Generation der Ohrh\u00f6rer derzeit f\u00fcr 262 Euro. Die normalen, inzwischen in der dritten Generation verf\u00fcgbaren AirPods kosten bei Apple regul\u00e4r 209 Euro, <a href=\"https:\/\/clk.tradedoubler.com\/click?p=302027&amp;a=747172&amp;url=https%3A%2F%2Fwww.galaxus.de%2Fde%2Fs1%2Fproduct%2Fapple-airpods-3rd-gen-magsafe-case-6-h-kopfhoerer-17080520\">Galaxus<\/a> bietet die Ohrh\u00f6rer derzeit f\u00fcr 189 Euro an.<img loading=\"lazy\" decoding=\"async\" src=\"https:\/\/vg06.met.vgwort.de\/na\/00fbe548940c46e693dbfc93a249b8db\" width=\"1\" height=\"1\" no-lazy class=\"tracking\"><\/p>\n","protected":false},"excerpt":{"rendered":"<a href=\"https:\/\/www.iphone-ticker.de\/airpods-gravur-mit-der-apple-store-app-auch-memojis-moeglich-202114\/\"><img width=\"150\" height=\"150\" src=\"https:\/\/images.iphone-ticker.de\/wp-content\/uploads\/2022\/11\/memoji-gravur-airpods-150x150.jpg\" class=\"alignright tfe wp-post-image\" alt=\"Memoji Gravur Airpods\" decoding=\"async\" loading=\"lazy\" \/><\/a><p>Bereits bei der Vorstellung der AirPods Pro 2 im September angek\u00fcndigt, wirbt Apple mit der neuen Version der Apple-Store-App nun aktiv f\u00fcr die M\u00f6glichkeit, die Ladeh\u00fclle der Ohrh\u00f6rer ohne zus\u00e4tzliche Kosten nicht nur mit Text oder Emojis, sondern auch mit einem selbst erstellten Memoji zu verzieren. Diese erweiterte Version der Personalisierung steht nur f\u00fcr die [&hellip;]<\/p>\n","protected":false},"author":2,"featured_media":202118,"comment_status":"open","ping_status":"closed","sticky":false,"template":"","format":"standard","meta":{"footnotes":""},"categories":[39],"tags":[3567,5754,4411],"class_list":["post-202114","post","type-post","status-publish","format-standard","has-post-thumbnail","hentry","category-apps","tag-airpods","tag-gravur","tag-memoji"],"aioseo_notices":[],"subheadline":["AirPods Pro 2 ab 262 Euro"],"featured_image":["https:\/\/images.iphone-ticker.de\/wp-content\/uploads\/2022\/11\/airpods-memoji-gravur-feature.jpg"],"rest_api_enabler":{"subheadline":"AirPods Pro 2 ab 262 Euro","featured_image":"https:\/\/images.iphone-ticker.de\/wp-content\/uploads\/2022\/11\/airpods-memoji-gravur-feature.jpg"},"_links":{"self":[{"href":"https:\/\/www.iphone-ticker.de\/apiv2\/wp\/v2\/posts\/202114","targetHints":{"allow":["GET"]}}],"collection":[{"href":"https:\/\/www.iphone-ticker.de\/apiv2\/wp\/v2\/posts"}],"about":[{"href":"https:\/\/www.iphone-ticker.de\/apiv2\/wp\/v2\/types\/post"}],"author":[{"embeddable":true,"href":"https:\/\/www.iphone-ticker.de\/apiv2\/wp\/v2\/users\/2"}],"replies":[{"embeddable":true,"href":"https:\/\/www.iphone-ticker.de\/apiv2\/wp\/v2\/comments?post=202114"}],"version-history":[{"count":7,"href":"https:\/\/www.iphone-ticker.de\/apiv2\/wp\/v2\/posts\/202114\/revisions"}],"predecessor-version":[{"id":202126,"href":"https:\/\/www.iphone-ticker.de\/apiv2\/wp\/v2\/posts\/202114\/revisions\/202126"}],"wp:featuredmedia":[{"embeddable":true,"href":"https:\/\/www.iphone-ticker.de\/apiv2\/wp\/v2\/media\/202118"}],"wp:attachment":[{"href":"https:\/\/www.iphone-ticker.de\/apiv2\/wp\/v2\/media?parent=202114"}],"wp:term":[{"taxonomy":"category","embeddable":true,"href":"https:\/\/www.iphone-ticker.de\/apiv2\/wp\/v2\/categories?post=202114"},{"taxonomy":"post_tag","embeddable":true,"href":"https:\/\/www.iphone-ticker.de\/apiv2\/wp\/v2\/tags?post=202114"}],"curies":[{"name":"wp","href":"https:\/\/api.w.org\/{rel}","templated":true}]}}