{"id":200544,"date":"2022-10-20T17:19:04","date_gmt":"2022-10-20T15:19:04","guid":{"rendered":"https:\/\/www.iphone-ticker.de\/?p=200544"},"modified":"2022-10-20T17:19:04","modified_gmt":"2022-10-20T15:19:04","slug":"fitness-ab-montag-ohne-apple-watch-und-mit-neuen-inhalten","status":"publish","type":"post","link":"https:\/\/www.iphone-ticker.de\/fitness-ab-montag-ohne-apple-watch-und-mit-neuen-inhalten-200544\/","title":{"rendered":"Fitness+ ab Montag ohne Apple Watch und mit neuen Inhalten"},"content":{"rendered":"<p>Apple bietet <a href=\"https:\/\/www.apple.com\/de\/apple-fitness-plus\/\">Fitness+<\/a> k\u00fcnftig auch f\u00fcr Kunden an, die keine Apple Watch besitzen. Auch wenn sich die Apple-Uhr inzwischen sehr gut verkauft, die Neuerung d\u00fcrfte die Zahl der potenziellen Kunden f\u00fcr das Fitness-Abonnement deutlich erweitern.<\/p>\n<p>Die \u00d6ffnung von Fitness+ f\u00fcr Apple-Kunden ohne Apple Watch wurde ja schon vor geraumer Zeit angek\u00fcndigt. Mit Blick auf den Start am Montag hat Apple nun ein paar zus\u00e4tzliche Details in diesem Zusammenhang bekanntgegeben. Die Erweiterung ist Bestandteil der f\u00fcr den 24. Oktober, also f\u00fcr Montag angek\u00fcndigten Freigabe von iOS 16.1.<\/p>\n<p><a href=\"https:\/\/images.iphone-ticker.de\/wp-content\/uploads\/2022\/10\/apple-fitness-plus-iphone.jpg\"><img loading=\"lazy\" decoding=\"async\" src=\"https:\/\/images.iphone-ticker.de\/wp-content\/uploads\/2022\/10\/apple-fitness-plus-iphone-700x355.jpg\" alt=\"Apple Fitness Plus Iphone\" width=\"700\" height=\"355\" class=\"alignnone size-large wp-image-200546\" srcset=\"https:\/\/images.iphone-ticker.de\/wp-content\/uploads\/2022\/10\/apple-fitness-plus-iphone-700x355.jpg 700w, https:\/\/images.iphone-ticker.de\/wp-content\/uploads\/2022\/10\/apple-fitness-plus-iphone-500x253.jpg 500w, https:\/\/images.iphone-ticker.de\/wp-content\/uploads\/2022\/10\/apple-fitness-plus-iphone.jpg 1400w\" sizes=\"auto, (max-width: 700px) 100vw, 700px\" \/><\/a><\/p>\n<p>Apple will die Attraktivit\u00e4t von Fitness+ f\u00fcr Bestandskunden und neue Abonnenten unter anderem mit verschiedenen Erweiterungen steigern. Als Werbetr\u00e4ger in der ersten Reihe muss hier einmal mehr Taylor Swift herhalten. Apple erg\u00e4nzt unter anderem aktuelle Titel aus dem f\u00fcr morgen angek\u00fcndigten neuen Taylor-Swift-Album \u201eMidnights\u201c und widmet der S\u00e4ngerin auch ein \u201eArtist Spotlight\u201c bei Fitness+.<\/p>\n<p><a href=\"https:\/\/images.iphone-ticker.de\/wp-content\/uploads\/2022\/10\/Apple-Fitness-Plus-Time-to-Walk-Hannah-Waddingham.jpg\"><img loading=\"lazy\" decoding=\"async\" src=\"https:\/\/images.iphone-ticker.de\/wp-content\/uploads\/2022\/10\/Apple-Fitness-Plus-Time-to-Walk-Hannah-Waddingham-700x481.jpg\" alt=\"Apple Fitness Plus Time To Walk Hannah Waddingham\" width=\"700\" height=\"481\" class=\"alignnone size-large wp-image-200547\" srcset=\"https:\/\/images.iphone-ticker.de\/wp-content\/uploads\/2022\/10\/Apple-Fitness-Plus-Time-to-Walk-Hannah-Waddingham-700x481.jpg 700w, https:\/\/images.iphone-ticker.de\/wp-content\/uploads\/2022\/10\/Apple-Fitness-Plus-Time-to-Walk-Hannah-Waddingham-500x344.jpg 500w, https:\/\/images.iphone-ticker.de\/wp-content\/uploads\/2022\/10\/Apple-Fitness-Plus-Time-to-Walk-Hannah-Waddingham.jpg 1400w\" sizes=\"auto, (max-width: 700px) 100vw, 700px\" \/><\/a><\/p>\n<p>Als neues Trainingsprogramm hat Apple f\u00fcr Montag \u201eYoga f\u00fcr L\u00e4ufer\u201c angek\u00fcndigt, das vom Ultramarathonl\u00e4ufer Scott Jurek begleitet wird. Wer der englischen Sprache ausreichend m\u00e4chtig ist, kann sich von der n\u00e4chsten Woche an zudem neue \u201eZeit f\u00fcrs Gehen\u201c-Episoden zu Gem\u00fcte f\u00fchren, darunter die mit dem Emmy ausgezeichnete Schauspielerin Hannah Waddingham, die S\u00e4ngerin Meghan Trainor und die ehemalige Astronautin Eileen M. Collins.<\/p>\n<p><a href=\"https:\/\/images.iphone-ticker.de\/wp-content\/uploads\/2022\/10\/apple-fitness-plus-sammlungen.jpg\"><img loading=\"lazy\" decoding=\"async\" src=\"https:\/\/images.iphone-ticker.de\/wp-content\/uploads\/2022\/10\/apple-fitness-plus-sammlungen-700x536.jpg\" alt=\"Apple Fitness Plus Sammlungen\" width=\"700\" height=\"536\" class=\"alignnone size-large wp-image-200548\" srcset=\"https:\/\/images.iphone-ticker.de\/wp-content\/uploads\/2022\/10\/apple-fitness-plus-sammlungen-700x536.jpg 700w, https:\/\/images.iphone-ticker.de\/wp-content\/uploads\/2022\/10\/apple-fitness-plus-sammlungen-500x383.jpg 500w, https:\/\/images.iphone-ticker.de\/wp-content\/uploads\/2022\/10\/apple-fitness-plus-sammlungen.jpg 1400w\" sizes=\"auto, (max-width: 700px) 100vw, 700px\" \/><\/a><\/p>\n<p>Obendrauf gibt es von Montag an noch drei neue Workout-Sammlungen auf Fitness+: \u201eTotally \u201980s Cycling\u201c, \u201eBest Mindful Cooldowns for Athletes\u201c und eine \u201e14-Day HIIT and Strength Challenge\u201c.<\/p>\n<p>Apples Fitness-Abo schl\u00e4gt pro Monat mit 9,99 Euro zu Buche, alternativ bietet hier Apple auch einen verg\u00fcnstigten Jahrespreis in H\u00f6he von 79,99 Euro an. Im Rahmen einer Sonderpromotion k\u00f6nnen Apple-Kunden Fitness+ beim Kauf eines neuen iPhone, iPad oder Apple TV drei Monate lang kostenlos nutzen.<img loading=\"lazy\" decoding=\"async\" src=\"https:\/\/vg02.met.vgwort.de\/na\/faa0550576ea4211a70f7f34bcaf28c6\" width=\"1\" height=\"1\" no-lazy class=\"tracking\"><\/p>\n","protected":false},"excerpt":{"rendered":"<a href=\"https:\/\/www.iphone-ticker.de\/fitness-ab-montag-ohne-apple-watch-und-mit-neuen-inhalten-200544\/\"><img width=\"150\" height=\"150\" src=\"https:\/\/images.iphone-ticker.de\/wp-content\/uploads\/2022\/10\/apple-fitness-plus-sammlungen-feature-150x150.jpg\" class=\"alignright tfe wp-post-image\" alt=\"Apple Fitness Plus Sammlungen Feature\" decoding=\"async\" loading=\"lazy\" \/><\/a><p>Apple bietet Fitness+ k\u00fcnftig auch f\u00fcr Kunden an, die keine Apple Watch besitzen. Auch wenn sich die Apple-Uhr inzwischen sehr gut verkauft, die Neuerung d\u00fcrfte die Zahl der potenziellen Kunden f\u00fcr das Fitness-Abonnement deutlich erweitern. Die \u00d6ffnung von Fitness+ f\u00fcr Apple-Kunden ohne Apple Watch wurde ja schon vor geraumer Zeit angek\u00fcndigt. Mit Blick auf den [&hellip;]<\/p>\n","protected":false},"author":2,"featured_media":200549,"comment_status":"open","ping_status":"closed","sticky":false,"template":"","format":"standard","meta":{"footnotes":""},"categories":[1],"tags":[3912,774],"class_list":["post-200544","post","type-post","status-publish","format-standard","has-post-thumbnail","hentry","category-news","tag-apple","tag-fitness"],"aioseo_notices":[],"subheadline":["Apple wirbt um neue Abonnenten"],"featured_image":["https:\/\/images.iphone-ticker.de\/wp-content\/uploads\/2022\/10\/apple-fitness-plus-sammlungen-feature.jpg"],"rest_api_enabler":{"subheadline":"Apple wirbt um neue Abonnenten","featured_image":"https:\/\/images.iphone-ticker.de\/wp-content\/uploads\/2022\/10\/apple-fitness-plus-sammlungen-feature.jpg"},"_links":{"self":[{"href":"https:\/\/www.iphone-ticker.de\/apiv2\/wp\/v2\/posts\/200544","targetHints":{"allow":["GET"]}}],"collection":[{"href":"https:\/\/www.iphone-ticker.de\/apiv2\/wp\/v2\/posts"}],"about":[{"href":"https:\/\/www.iphone-ticker.de\/apiv2\/wp\/v2\/types\/post"}],"author":[{"embeddable":true,"href":"https:\/\/www.iphone-ticker.de\/apiv2\/wp\/v2\/users\/2"}],"replies":[{"embeddable":true,"href":"https:\/\/www.iphone-ticker.de\/apiv2\/wp\/v2\/comments?post=200544"}],"version-history":[{"count":3,"href":"https:\/\/www.iphone-ticker.de\/apiv2\/wp\/v2\/posts\/200544\/revisions"}],"predecessor-version":[{"id":200551,"href":"https:\/\/www.iphone-ticker.de\/apiv2\/wp\/v2\/posts\/200544\/revisions\/200551"}],"wp:featuredmedia":[{"embeddable":true,"href":"https:\/\/www.iphone-ticker.de\/apiv2\/wp\/v2\/media\/200549"}],"wp:attachment":[{"href":"https:\/\/www.iphone-ticker.de\/apiv2\/wp\/v2\/media?parent=200544"}],"wp:term":[{"taxonomy":"category","embeddable":true,"href":"https:\/\/www.iphone-ticker.de\/apiv2\/wp\/v2\/categories?post=200544"},{"taxonomy":"post_tag","embeddable":true,"href":"https:\/\/www.iphone-ticker.de\/apiv2\/wp\/v2\/tags?post=200544"}],"curies":[{"name":"wp","href":"https:\/\/api.w.org\/{rel}","templated":true}]}}