{"id":200511,"date":"2022-10-20T10:35:16","date_gmt":"2022-10-20T08:35:16","guid":{"rendered":"https:\/\/www.iphone-ticker.de\/?p=200511"},"modified":"2022-10-20T10:35:16","modified_gmt":"2022-10-20T08:35:16","slug":"airtags-kosten-bei-apple-jetzt-4-euro-mehr","status":"publish","type":"post","link":"https:\/\/www.iphone-ticker.de\/airtags-kosten-bei-apple-jetzt-4-euro-mehr-200511\/","title":{"rendered":"AirTags kosten bei Apple jetzt 4 Euro mehr"},"content":{"rendered":"<p>Nach unserem gestrigen Bericht \u00fcber die <a href=\"https:\/\/www.ifun.de\/bis-zu-250-euro-teurer-so-viel-mehr-kosten-apples-neue-ipads-196889\/\" title=\"Bis zu 250 Euro teurer: So viel mehr kosten Apples neue iPads\">Preiserh\u00f6hungen bei den iPads<\/a> sind hier mehrere Hinweise auf die ebenfalls im Preis angehobenen <a href=\"https:\/\/apple.sjv.io\/9Wnmq3\">AirTags<\/a> eingelaufen. In der Tat hat Apple auch bei seinen \u201eDingefindern\u201c gut zehn Prozent im Preis aufgeschlagen, dies allerdings schon im vergangenen Monat. Apples AirTag kostet jetzt 39 Euro im Einzelkauf und f\u00fcr das Paket mit vier AirTags muss man direkt beim Hersteller 129 Euro hinlegen.<\/p>\n<p>Die Preiserh\u00f6hung darf man unter der Kategorie \u201ealles wird teurer\u201c einsortieren. Ganz besonders sind hier nat\u00fcrlich Produkte betroffen, die Elektronik beinhalten und bei denen zus\u00e4tzlich noch der schwache Euro-Kurs zum Tragen kommt. Apple hat bereits \u00fcber die vergangenen Wochen hinweg deutlich gemacht, dass es nicht auf den damit verbundenen Kosten sitzen bleiben will, sondern der Endkunde auch weiterhin f\u00fcr eine \u00fcppige Gewinnspanne sorgen soll.<\/p>\n<p><a href=\"https:\/\/images.iphone-ticker.de\/wp-content\/uploads\/2022\/10\/airtags-preis.jpg\"><img loading=\"lazy\" decoding=\"async\" src=\"https:\/\/images.iphone-ticker.de\/wp-content\/uploads\/2022\/10\/airtags-preis-700x439.jpg\" alt=\"Airtags Preis\" width=\"700\" height=\"439\" class=\"alignnone size-large wp-image-200514\" srcset=\"https:\/\/images.iphone-ticker.de\/wp-content\/uploads\/2022\/10\/airtags-preis-700x439.jpg 700w, https:\/\/images.iphone-ticker.de\/wp-content\/uploads\/2022\/10\/airtags-preis-500x314.jpg 500w, https:\/\/images.iphone-ticker.de\/wp-content\/uploads\/2022\/10\/airtags-preis.jpg 1400w\" sizes=\"auto, (max-width: 700px) 100vw, 700px\" \/><\/a><\/p>\n<p>Vor dem Hintergrund der letzten Apple-Preiserh\u00f6hungen darf man umso gespannter auf die f\u00fcr n\u00e4chsten Donnerstag angesetzte Ver\u00f6ffentlichung der Finanzergebnisse f\u00fcr das vierte Quartal im Apple-Gesch\u00e4ftsjahr 2022 blicken. Es ist davon auszugehen, dass das Unternehmen auch hier wieder mit satten Gewinnen vor seinen Aktion\u00e4ren gl\u00e4nzen kann.<\/p>\n<h2>Bei Apple ist fast alles teurer geworden<\/h2>\n<p>In der ersten Runde hat Apple bereits Anfang September die <a href=\"https:\/\/www.iphone-ticker.de\/apple-zieht-die-preise-an-watch-iphone-und-airpods-werden-teurer-198046\/\" title=\"Apple zieht die Preise an: Watch, iPhone und AirPods werden teurer\">Preise f\u00fcr das iPhone, die Apple Watch und die AirPods<\/a> sowie die <a href=\"https:\/\/www.iphone-ticker.de\/apple-watch-reparaturpreise-und-gebuehren-fuer-applecare-erhoeht-198140\/\" title=\"Apple Watch Reparaturpreise und Geb\u00fchren f\u00fcr AppleCare+ erh\u00f6ht\">Geb\u00fchren f\u00fcr Reparaturen und AppleCare+<\/a> angehoben. Zu Beginn dieses Monats kam dann die von uns bereits l\u00e4ngere Zeit bef\u00fcrchtete <a href=\"https:\/\/www.ifun.de\/neue-app-preise-final-cut-pro-kostet-jetzt-50-euro-mehr-196027\/\" title=\"Neue App-Preise: Final Cut Pro kostet jetzt 50 Euro mehr\">Preiserh\u00f6hung im App Store<\/a>, in deren Folge einzelne Apps und Abos f\u00fcr iPhone, iPad und den Mac f\u00fcr den Endkunden um teils mehr als 20 Prozent teurer wurden. Weiter ging es dann in dieser Woche mit den Preiserh\u00f6hungen im Bereich der iPads.<\/p>\n<p>Apple hat die AirTags im April vergangenen Jahres vorgestellt und damals einen Preis von 35 Euro im Einzelkauf oder 119 Euro f\u00fcr das Viererpack genannt. Schon kurz nach deren Verkaufsstart waren die AirTags allerdings durch die Bank bei Drittanbietern g\u00fcnstiger zu haben. Als einziges Argument f\u00fcr den Kauf bei Apple spricht die dort m\u00f6gliche kostenlose Gravur.<img loading=\"lazy\" decoding=\"async\" src=\"https:\/\/vg02.met.vgwort.de\/na\/ffb87dde39854601b5e03b9b1122b5e6\" width=\"1\" height=\"1\" no-lazy class=\"tracking\"><\/p>\n<script>\r\n  function open_amazon(link) {\r\n    if (navigator.userAgent.indexOf(\"Firefox\") != -1) {\r\n      window.open(link, '_blank');\r\n    } else {\r\n      var tag = document.createElement('a');\r\n      tag.setAttribute('href', link);\r\n      tag.innerHTML = \"amzn\";\r\n      tag.click();\r\n    }\r\n  }\r\n<\/script>\r\n    <div id=\"article-single-amazon-preview\" onclick=\"return open_amazon('https:\/\/www.amazon.de\/dp\/B0935DN1BN?tag=musicweb02&linkCode=ogi&th=1&psc=1');\">\n  <div id=\"article-single-amazon-preview-header\">\n    <span class=\"title\">Produkthinweis<\/span>\n      <\/div>\n  <div id=\"article-single-amazon-preview-content\">\n    <div id=\"article-single-amazon-preview-img\" style=\"background: url('https:\/\/m.media-amazon.com\/images\/I\/31ORFuz5OqL.jpg') center center no-repeat; background-size: cover;\"><\/div>\n    <div id=\"article-single-amazon-preview-desc\">\n      <span class=\"bezeichnung\"><a href=\"https:\/\/www.amazon.de\/dp\/B0935DN1BN?tag=musicweb02&linkCode=ogi&th=1&psc=1\" style=\"text-decoration: none; border-bottom: 0px; box-shadow: none;\">Apple AirTag (1. Generation) - Finde und behalte Deine Sachen im Blick: Schl\u00fcssel, Geldb\u00f6rsen, Gep\u00e4ck, Rucks\u00e4cke und...<\/a><\/span>\n      <span class=\"preis--aktuell\">33,90 Euro<\/span>\n      <span class=\"preis--alt\"><\/span>\n    <\/div>\n  <\/div>\n<\/div>\n","protected":false},"excerpt":{"rendered":"<a href=\"https:\/\/www.iphone-ticker.de\/airtags-kosten-bei-apple-jetzt-4-euro-mehr-200511\/\"><img width=\"150\" height=\"150\" src=\"https:\/\/images.iphone-ticker.de\/wp-content\/uploads\/2022\/10\/airtags-preis-150x150.jpg\" class=\"alignright tfe wp-post-image\" alt=\"Airtags Preis\" decoding=\"async\" loading=\"lazy\" \/><\/a><p>Nach unserem gestrigen Bericht \u00fcber die Preiserh\u00f6hungen bei den iPads sind hier mehrere Hinweise auf die ebenfalls im Preis angehobenen AirTags eingelaufen. In der Tat hat Apple auch bei seinen \u201eDingefindern\u201c gut zehn Prozent im Preis aufgeschlagen, dies allerdings schon im vergangenen Monat. Apples AirTag kostet jetzt 39 Euro im Einzelkauf und f\u00fcr das Paket [&hellip;]<\/p>\n","protected":false},"author":2,"featured_media":200514,"comment_status":"open","ping_status":"closed","sticky":false,"template":"","format":"standard","meta":{"footnotes":""},"categories":[24],"tags":[5031,3912],"class_list":["post-200511","post","type-post","status-publish","format-standard","has-post-thumbnail","hentry","category-zubehor","tag-airtags","tag-apple"],"aioseo_notices":[],"subheadline":["Alles wird teurer"],"featured_image":["https:\/\/images.iphone-ticker.de\/wp-content\/uploads\/2021\/04\/airtags-feature-1.jpg"],"rest_api_enabler":{"subheadline":"Alles wird teurer","featured_image":"https:\/\/images.iphone-ticker.de\/wp-content\/uploads\/2021\/04\/airtags-feature-1.jpg"},"_links":{"self":[{"href":"https:\/\/www.iphone-ticker.de\/apiv2\/wp\/v2\/posts\/200511","targetHints":{"allow":["GET"]}}],"collection":[{"href":"https:\/\/www.iphone-ticker.de\/apiv2\/wp\/v2\/posts"}],"about":[{"href":"https:\/\/www.iphone-ticker.de\/apiv2\/wp\/v2\/types\/post"}],"author":[{"embeddable":true,"href":"https:\/\/www.iphone-ticker.de\/apiv2\/wp\/v2\/users\/2"}],"replies":[{"embeddable":true,"href":"https:\/\/www.iphone-ticker.de\/apiv2\/wp\/v2\/comments?post=200511"}],"version-history":[{"count":4,"href":"https:\/\/www.iphone-ticker.de\/apiv2\/wp\/v2\/posts\/200511\/revisions"}],"predecessor-version":[{"id":200516,"href":"https:\/\/www.iphone-ticker.de\/apiv2\/wp\/v2\/posts\/200511\/revisions\/200516"}],"wp:featuredmedia":[{"embeddable":true,"href":"https:\/\/www.iphone-ticker.de\/apiv2\/wp\/v2\/media\/200514"}],"wp:attachment":[{"href":"https:\/\/www.iphone-ticker.de\/apiv2\/wp\/v2\/media?parent=200511"}],"wp:term":[{"taxonomy":"category","embeddable":true,"href":"https:\/\/www.iphone-ticker.de\/apiv2\/wp\/v2\/categories?post=200511"},{"taxonomy":"post_tag","embeddable":true,"href":"https:\/\/www.iphone-ticker.de\/apiv2\/wp\/v2\/tags?post=200511"}],"curies":[{"name":"wp","href":"https:\/\/api.w.org\/{rel}","templated":true}]}}