{"id":19986,"date":"2011-04-07T12:54:49","date_gmt":"2011-04-07T10:54:49","guid":{"rendered":"http:\/\/www.iphone-ticker.de\/?p=19986"},"modified":"2011-04-07T17:24:15","modified_gmt":"2011-04-07T15:24:15","slug":"discounter-iphone-4-bei-base-aldi-talk-mit-eigener-app","status":"publish","type":"post","link":"https:\/\/www.iphone-ticker.de\/discounter-iphone-4-bei-base-aldi-talk-mit-eigener-app-19986\/","title":{"rendered":"Discounter: iPhone 4 bei BASE &#8211; Aldi Talk mit eigener App"},"content":{"rendered":"<p>Seit dem <a href=\"http:\/\/www.iphone-ticker.de\/2010\/11\/05\/prognosen-und-werbe-budgets-schlechte-laune-bei-e-plus\/\">Handelsblatt-Artikel<\/a> vom 5. November hat E-Plus Chef, Torsten Dirks, seinen Spitznamen weg. Damals hatte sich &#8222;der Herr \u00fcber das schlechteste aller vier deutschen Mobilfunknetze\u201d an Apples iPhone-Vertrieb gest\u00f6rt und sowohl die Mindestabnahmemengen als auch das von Apple geforderte Werbebudget f\u00fcr das Smartphone aus Cupertino kritisiert. <\/p>\n<p>&#8222;Die Abnahmemengen seien angesichts der nachlassenden Nachfrage nach dem iPhone und des Preisbewusstseins der Kunden von E-Plus zu hoch&#8220; hie\u00df es.<\/p>\n<p><a href=\"http:\/\/www.iphone-ticker.de\/wp-content\/uploads\/2011\/04\/baseflat.jpg\"><img loading=\"lazy\" decoding=\"async\" src=\"http:\/\/www.iphone-ticker.de\/wp-content\/uploads\/2011\/04\/baseflat.jpg\" alt=\"\" title=\"baseflat\" width=\"464\" height=\"116\" class=\"aligncenter size-full wp-image-19988\" srcset=\"https:\/\/images.iphone-ticker.de\/wp-content\/uploads\/2011\/04\/baseflat.jpg 464w, https:\/\/images.iphone-ticker.de\/wp-content\/uploads\/2011\/04\/baseflat-300x75.jpg 300w\" sizes=\"auto, (max-width: 464px) 100vw, 464px\" \/><\/a><\/p>\n<p>Statements die bei dem belgischen Anbiter BASE niemanden zu st\u00f6ren scheinen. Statt die unfairen Marktbedingungen zu kritisieren, bewirbt der ebenfalls auf dem E-Plus Netz funkende Mobilfunk-Discounter nun das &#8222;<a href=\"http:\/\/ad.zanox.com\/ppc\/?18140524C1195331003T&#038;ULP=[[http:\/\/www.base.de\/Handys\/iPhone-4.aspx]]\">iPhone 4 f\u00fcr alle!<\/a>&#8220; und bietet das iPhone mit der BASE Internet-Flat <a href=\"http:\/\/www.mobilfunk-talk.de\/news\/33435-base-iphone-4-jetzt-auch-online-verfugbar\/\">jetzt<\/a> f\u00fcr monatlich 35\u20ac an. <\/p>\n<p><!--more--><\/p>\n<blockquote><p>Nur bei BASE: Das iPhone 4 mit der Internet Flat im Paket. Surfen Sie ohne Limit, erleben Sie geniale Apps und genie\u00dfen Sie Multimedia auf dem h\u00f6chstaufl\u00f6senden Handydisplay aller Zeiten. Und das Beste: Im einmalig g\u00fcnstigen Monatspreis ist die Internet Flat bereits inklusive!&#8220;\n<\/p><\/blockquote>\n<p><a href=\"http:\/\/www.iphone-ticker.de\/wp-content\/uploads\/2011\/04\/423979998.png\"><img loading=\"lazy\" decoding=\"async\" src=\"http:\/\/www.iphone-ticker.de\/wp-content\/uploads\/2011\/04\/423979998.png\" alt=\"\" title=\"423979998\" width=\"57\" height=\"57\" class=\"alignright size-full wp-image-19987\" \/><\/a>Schnitt. Da wir gerade bei den preiswerten Mobilfunkangeboten sind. ALDI Talk, der Handy-Tarif des Lebensmittel-Discounters, hat sich mittlerweile im AppStore platziert. Die Gratis-App (<a rel=\"noindex, nofollow\" href=\"http:\/\/www.ifun.de\/app\/423979998\">AppStore-Link<\/a>) erlaubt das Buchen von Zusatzpaketen, den Blick auf den eigenen Tarif und das Aufladen des ALDI Talk Guthabens. Sicher noch ausbauf\u00e4hig, in jedem Fall aber ein Pflicht-Download f\u00fcr ALDI-Kunden. <\/p>\n","protected":false},"excerpt":{"rendered":"<a href=\"https:\/\/www.iphone-ticker.de\/discounter-iphone-4-bei-base-aldi-talk-mit-eigener-app-19986\/\"><img width=\"150\" height=\"116\" src=\"https:\/\/images.iphone-ticker.de\/wp-content\/uploads\/2011\/04\/baseflat-150x116.jpg\" class=\"alignright tfe wp-post-image\" alt=\"\" decoding=\"async\" loading=\"lazy\" \/><\/a><p>Seit dem Handelsblatt-Artikel vom 5. November hat E-Plus Chef, Torsten Dirks, seinen Spitznamen weg. Damals hatte sich &#8222;der Herr \u00fcber das schlechteste aller vier deutschen Mobilfunknetze\u201d an Apples iPhone-Vertrieb gest\u00f6rt und sowohl die Mindestabnahmemengen als auch das von Apple geforderte Werbebudget f\u00fcr das Smartphone aus Cupertino kritisiert. &#8222;Die Abnahmemengen seien angesichts der nachlassenden Nachfrage nach [&hellip;]<\/p>\n","protected":false},"author":1,"featured_media":19988,"comment_status":"open","ping_status":"closed","sticky":false,"template":"","format":"standard","meta":{"footnotes":""},"categories":[749],"tags":[824,3914,823,299,48,124,12],"class_list":["post-19986","post","type-post","status-publish","format-standard","has-post-thumbnail","hentry","category-iphone-2","tag-aldi","tag-apps","tag-base","tag-eplus","tag-geld","tag-tarif","tag-vertrag"],"aioseo_notices":[],"rest_api_enabler":[],"_links":{"self":[{"href":"https:\/\/www.iphone-ticker.de\/apiv2\/wp\/v2\/posts\/19986","targetHints":{"allow":["GET"]}}],"collection":[{"href":"https:\/\/www.iphone-ticker.de\/apiv2\/wp\/v2\/posts"}],"about":[{"href":"https:\/\/www.iphone-ticker.de\/apiv2\/wp\/v2\/types\/post"}],"author":[{"embeddable":true,"href":"https:\/\/www.iphone-ticker.de\/apiv2\/wp\/v2\/users\/1"}],"replies":[{"embeddable":true,"href":"https:\/\/www.iphone-ticker.de\/apiv2\/wp\/v2\/comments?post=19986"}],"version-history":[{"count":2,"href":"https:\/\/www.iphone-ticker.de\/apiv2\/wp\/v2\/posts\/19986\/revisions"}],"predecessor-version":[{"id":20007,"href":"https:\/\/www.iphone-ticker.de\/apiv2\/wp\/v2\/posts\/19986\/revisions\/20007"}],"wp:featuredmedia":[{"embeddable":true,"href":"https:\/\/www.iphone-ticker.de\/apiv2\/wp\/v2\/media\/19988"}],"wp:attachment":[{"href":"https:\/\/www.iphone-ticker.de\/apiv2\/wp\/v2\/media?parent=19986"}],"wp:term":[{"taxonomy":"category","embeddable":true,"href":"https:\/\/www.iphone-ticker.de\/apiv2\/wp\/v2\/categories?post=19986"},{"taxonomy":"post_tag","embeddable":true,"href":"https:\/\/www.iphone-ticker.de\/apiv2\/wp\/v2\/tags?post=19986"}],"curies":[{"name":"wp","href":"https:\/\/api.w.org\/{rel}","templated":true}]}}