{"id":199740,"date":"2022-10-06T12:54:13","date_gmt":"2022-10-06T10:54:13","guid":{"rendered":"https:\/\/www.iphone-ticker.de\/?p=199740"},"modified":"2022-10-06T12:54:13","modified_gmt":"2022-10-06T10:54:13","slug":"kfz-ladegeraete-mit-usb-c-und-usb-a-oder-zweimal-usb-c-im-angebot","status":"publish","type":"post","link":"https:\/\/www.iphone-ticker.de\/kfz-ladegeraete-mit-usb-c-und-usb-a-oder-zweimal-usb-c-im-angebot-199740\/","title":{"rendered":"KFZ-Ladeger\u00e4te mit USB-C und USB-A oder zweimal USB-C im Angebot"},"content":{"rendered":"<p>Der mit jeweils einem Anschluss f\u00fcr USB-C und USB-A ausgestattete <a rel=\"noindex, nofollow\" href=\"http:\/\/www.ifun.de\/amzn\/B08VJ2VH2J\" title=\"KFZ-Adapter von INIU\">KFZ-Adapter von INIU<\/a> ist aktuell wieder f\u00fcr 9,99 Euro erh\u00e4ltlich. Mittlerweile nennt der Hersteller einen regul\u00e4ren Preis von 19,99 Euro f\u00fcr das Ger\u00e4t, dies stellen wir allerdings in Frage, in der Regel ist der Adapter sonst f\u00fcr 13 Euro zu haben.<\/p>\n<p>Definitiv kann man allerdings sagen, dass auch die Preise f\u00fcr derartige Kleinstger\u00e4te in den vergangenen Wochen deutlich angestiegen sind. W\u00e4hrend die aktuellen 10 Euro vor einiger Zeit beinahe noch Standard waren, ist dergleichen inzwischen eher die Seltenheit.<\/p>\n<p><a href=\"https:\/\/images.iphone-ticker.de\/wp-content\/uploads\/2021\/07\/inui-autoladegeraet-usb-c.jpg\"><img loading=\"lazy\" decoding=\"async\" src=\"https:\/\/images.iphone-ticker.de\/wp-content\/uploads\/2021\/07\/inui-autoladegeraet-usb-c-700x525.jpg\" alt=\"Inui Autoladegeraet Usb C\" width=\"700\" height=\"525\" class=\"alignnone size-large wp-image-177437\" srcset=\"https:\/\/images.iphone-ticker.de\/wp-content\/uploads\/2021\/07\/inui-autoladegeraet-usb-c-700x525.jpg 700w, https:\/\/images.iphone-ticker.de\/wp-content\/uploads\/2021\/07\/inui-autoladegeraet-usb-c-500x375.jpg 500w, https:\/\/images.iphone-ticker.de\/wp-content\/uploads\/2021\/07\/inui-autoladegeraet-usb-c.jpg 1400w\" sizes=\"auto, (max-width: 700px) 100vw, 700px\" \/><\/a><\/p>\n<p>Wir haben den kleinen Stecker nun schon seit mehreren Monaten selbst im Einsatz und laden damit unterwegs teils gleichzeitig ein iPad Air \u00fcber USB-C und ein iPhone \u00fcber USB-A.<\/p>\n<p>Der Hersteller gibt die Gesamtleistung des KFZ-Adapters mit satten 60 Watt an. Die tats\u00e4chlich \u00fcber die Anschl\u00fcsse bereitgestellte Leistung h\u00e4ngt von den verbundenen Ger\u00e4ten ab, zum schnellen Laden des iPhone werden \u00fcber USB-C beispielsweise 20 Watt PD ausgegeben.<\/p>\n<script>\r\n  function open_amazon(link) {\r\n    if (navigator.userAgent.indexOf(\"Firefox\") != -1) {\r\n      window.open(link, '_blank');\r\n    } else {\r\n      var tag = document.createElement('a');\r\n      tag.setAttribute('href', link);\r\n      tag.innerHTML = \"amzn\";\r\n      tag.click();\r\n    }\r\n  }\r\n<\/script>\r\n    <div id=\"article-single-amazon-preview\" onclick=\"return open_amazon('https:\/\/www.amazon.de\/dp\/B08VJ2VH2J?tag=musicweb02&linkCode=ogi&th=1&psc=1');\">\n  <div id=\"article-single-amazon-preview-header\">\n    <span class=\"title\">Produkthinweis<\/span>\n      <\/div>\n  <div id=\"article-single-amazon-preview-content\">\n    <div id=\"article-single-amazon-preview-img\" style=\"background: url('https:\/\/m.media-amazon.com\/images\/I\/41J52iEV1nL.jpg') center center no-repeat; background-size: cover;\"><\/div>\n    <div id=\"article-single-amazon-preview-desc\">\n      <span class=\"bezeichnung\"><a href=\"https:\/\/www.amazon.de\/dp\/B08VJ2VH2J?tag=musicweb02&linkCode=ogi&th=1&psc=1\" style=\"text-decoration: none; border-bottom: 0px; box-shadow: none;\">INIU Zigarettenanz\u00fcnder, [USB C 30W+USB A 30W] Auto Kfz Ladeger\u00e4t<\/a><\/span>\n      <span class=\"preis--aktuell\">Aktionspreis<\/span>\n      <span class=\"preis--alt\">10,98 EUR<\/span>\n    <\/div>\n  <\/div>\n<\/div>\n<h2>40 Watt und zweimal USB-C f\u00fcr 11 Euro<\/h2>\n<p>Als Alternative gibt es aktuell auch einen <a rel=\"noindex, nofollow\" href=\"http:\/\/www.ifun.de\/amzn\/B09LYHVB9M\">No-Name-KFZ-Adapter<\/a> mit zwei USB-C-Anschl\u00fcssen f\u00fcr beinahe den gleichen Preis. Hier m\u00fcsst ihr den Aktionsgutschein auf der Produktseite aktivieren, damit am Ende 10,99 Euro auf der Rechnung stehen.<\/p>\n<p>Die Gesamtleistung der beiden USB-C-Anschl\u00fcsse wird hier mit 40 Watt angegeben und die Bewertungen auf Amazon lassen annehmen, dass das Ger\u00e4t auch wie beschrieben funktioniert. Selbst hatten wir den Adapter allerdings noch nicht in den Fingern.<\/p>\n<script>\r\n  function open_amazon(link) {\r\n    if (navigator.userAgent.indexOf(\"Firefox\") != -1) {\r\n      window.open(link, '_blank');\r\n    } else {\r\n      var tag = document.createElement('a');\r\n      tag.setAttribute('href', link);\r\n      tag.innerHTML = \"amzn\";\r\n      tag.click();\r\n    }\r\n  }\r\n<\/script>\r\n    <div id=\"article-single-amazon-preview\" onclick=\"return open_amazon('https:\/\/www.amazon.de\/dp\/B09LYHVB9M?tag=musicweb02&linkCode=ogi&th=1&psc=1');\">\n  <div id=\"article-single-amazon-preview-header\">\n    <span class=\"title\">Produkthinweis<\/span>\n      <\/div>\n  <div id=\"article-single-amazon-preview-content\">\n    <div id=\"article-single-amazon-preview-img\" style=\"background: url('https:\/\/m.media-amazon.com\/images\/I\/31B4nr2LfCL.jpg') center center no-repeat; background-size: cover;\"><\/div>\n    <div id=\"article-single-amazon-preview-desc\">\n      <span class=\"bezeichnung\"><a href=\"https:\/\/www.amazon.de\/dp\/B09LYHVB9M?tag=musicweb02&linkCode=ogi&th=1&psc=1\" style=\"text-decoration: none; border-bottom: 0px; box-shadow: none;\">Kfz Ladeger\u00e4t USB C, 40W 2-Port Ganzmetall Auto Ladeger\u00e4t USB C, Fast PD USB C Autoladeger\u00e4t f\u00fcr iPhone...<\/a><\/span>\n      <span class=\"preis--aktuell\">Aktionspreis<\/span>\n      <span class=\"preis--alt\"><\/span>\n    <\/div>\n  <\/div>\n<\/div>\n","protected":false},"excerpt":{"rendered":"<a href=\"https:\/\/www.iphone-ticker.de\/kfz-ladegeraete-mit-usb-c-und-usb-a-oder-zweimal-usb-c-im-angebot-199740\/\"><img decoding=\"async\" width=\"150\" src=\"https:\/\/images.iphone-ticker.de\/wp-content\/uploads\/2021\/07\/inui-autoladegeraet-usb-c-700x525.jpg\" class=\"alignright wp-post-image tfe\" alt=\"Inui Autoladegeraet Usb C\" title=\"\" \/><\/a><p>Der mit jeweils einem Anschluss f\u00fcr USB-C und USB-A ausgestattete KFZ-Adapter von INIU ist aktuell wieder f\u00fcr 9,99 Euro erh\u00e4ltlich. Mittlerweile nennt der Hersteller einen regul\u00e4ren Preis von 19,99 Euro f\u00fcr das Ger\u00e4t, dies stellen wir allerdings in Frage, in der Regel ist der Adapter sonst f\u00fcr 13 Euro zu haben. Definitiv kann man allerdings [&hellip;]<\/p>\n","protected":false},"author":2,"featured_media":0,"comment_status":"open","ping_status":"closed","sticky":false,"template":"","format":"standard","meta":{"footnotes":""},"categories":[1],"tags":[],"class_list":["post-199740","post","type-post","status-publish","format-standard","hentry","category-news"],"aioseo_notices":[],"aioseo_head":"\n\t\t<!-- All in One SEO Pro 5.0.1 - aioseo.com -->\n\t<meta name=\"description\" content=\"Der mit jeweils einem Anschluss f\u00fcr USB-C und USB-A ausgestattete KFZ-Adapter von INIU ist aktuell wieder f\u00fcr 9,99 Euro erh\u00e4ltlich. Mittlerweile nennt der Hersteller einen regul\u00e4ren Preis von 19,99 Euro f\u00fcr das Ger\u00e4t, dies stellen wir allerdings in Frage, in der Regel ist der Adapter sonst f\u00fcr 13 Euro zu haben. Definitiv kann man allerdings\" \/>\n\t<meta name=\"robots\" content=\"max-image-preview:large\" \/>\n\t<meta name=\"author\" content=\"chris\"\/>\n\t<meta name=\"google-site-verification\" content=\"bRuV4_wqNuoQLypC9HVKibZ0X7EtNyELtju97qgyflM\" \/>\n\t<link rel=\"canonical\" href=\"https:\/\/www.iphone-ticker.de\/kfz-ladegeraete-mit-usb-c-und-usb-a-oder-zweimal-usb-c-im-angebot-199740\/\" \/>\n\t<meta name=\"generator\" content=\"All in One SEO Pro (AIOSEO) 5.0.1\" \/>\n\t\t<meta property=\"og:locale\" content=\"de_DE\" \/>\n\t\t<meta property=\"og:site_name\" content=\"iphone-ticker.de | Alles zum iPhone. Seit 2007.\" \/>\n\t\t<meta property=\"og:type\" content=\"article\" \/>\n\t\t<meta property=\"og:title\" content=\"KFZ-Ladeger\u00e4te mit USB-C und USB-A oder zweimal USB-C im Angebot | iphone-ticker.de\" \/>\n\t\t<meta property=\"og:description\" content=\"Der mit jeweils einem Anschluss f\u00fcr USB-C und USB-A ausgestattete KFZ-Adapter von INIU ist aktuell wieder f\u00fcr 9,99 Euro erh\u00e4ltlich. Mittlerweile nennt der Hersteller einen regul\u00e4ren Preis von 19,99 Euro f\u00fcr das Ger\u00e4t, dies stellen wir allerdings in Frage, in der Regel ist der Adapter sonst f\u00fcr 13 Euro zu haben. Definitiv kann man allerdings\" \/>\n\t\t<meta property=\"og:url\" content=\"https:\/\/www.iphone-ticker.de\/kfz-ladegeraete-mit-usb-c-und-usb-a-oder-zweimal-usb-c-im-angebot-199740\/\" \/>\n\t\t<meta property=\"article:published_time\" content=\"2022-10-06T10:54:13+00:00\" \/>\n\t\t<meta property=\"article:modified_time\" content=\"2022-10-06T10:54:13+00:00\" \/>\n\t\t<meta property=\"article:publisher\" content=\"https:\/\/facebook.com\/ifun.de\" \/>\n\t\t<meta name=\"twitter:card\" content=\"summary_large_image\" \/>\n\t\t<meta name=\"twitter:site\" content=\"@iphoneticker\" \/>\n\t\t<meta name=\"twitter:title\" content=\"KFZ-Ladeger\u00e4te mit USB-C und USB-A oder zweimal USB-C im Angebot | iphone-ticker.de\" \/>\n\t\t<meta name=\"twitter:description\" content=\"Der mit jeweils einem Anschluss f\u00fcr USB-C und USB-A ausgestattete KFZ-Adapter von INIU ist aktuell wieder f\u00fcr 9,99 Euro erh\u00e4ltlich. Mittlerweile nennt der Hersteller einen regul\u00e4ren Preis von 19,99 Euro f\u00fcr das Ger\u00e4t, dies stellen wir allerdings in Frage, in der Regel ist der Adapter sonst f\u00fcr 13 Euro zu haben. Definitiv kann man allerdings\" \/>\n\t\t<meta name=\"twitter:creator\" content=\"@iphoneticker\" \/>\n\t\t<script type=\"application\/ld+json\" class=\"aioseo-schema\">\n\t\t\t{\"@context\":\"https:\\\/\\\/schema.org\",\"@graph\":[{\"@type\":\"BreadcrumbList\",\"@id\":\"https:\\\/\\\/www.iphone-ticker.de\\\/kfz-ladegeraete-mit-usb-c-und-usb-a-oder-zweimal-usb-c-im-angebot-199740\\\/#breadcrumblist\",\"itemListElement\":[{\"@type\":\"ListItem\",\"@id\":\"https:\\\/\\\/www.iphone-ticker.de#listItem\",\"position\":1,\"name\":\"Home\",\"item\":\"https:\\\/\\\/www.iphone-ticker.de\",\"nextItem\":{\"@type\":\"ListItem\",\"@id\":\"https:\\\/\\\/www.iphone-ticker.de\\\/category\\\/news\\\/#listItem\",\"name\":\"News\"}},{\"@type\":\"ListItem\",\"@id\":\"https:\\\/\\\/www.iphone-ticker.de\\\/category\\\/news\\\/#listItem\",\"position\":2,\"name\":\"News\",\"item\":\"https:\\\/\\\/www.iphone-ticker.de\\\/category\\\/news\\\/\",\"nextItem\":{\"@type\":\"ListItem\",\"@id\":\"https:\\\/\\\/www.iphone-ticker.de\\\/kfz-ladegeraete-mit-usb-c-und-usb-a-oder-zweimal-usb-c-im-angebot-199740\\\/#listItem\",\"name\":\"KFZ-Ladeger\\u00e4te mit USB-C und USB-A oder zweimal USB-C im Angebot\"},\"previousItem\":{\"@type\":\"ListItem\",\"@id\":\"https:\\\/\\\/www.iphone-ticker.de#listItem\",\"name\":\"Home\"}},{\"@type\":\"ListItem\",\"@id\":\"https:\\\/\\\/www.iphone-ticker.de\\\/kfz-ladegeraete-mit-usb-c-und-usb-a-oder-zweimal-usb-c-im-angebot-199740\\\/#listItem\",\"position\":3,\"name\":\"KFZ-Ladeger\\u00e4te mit USB-C und USB-A oder zweimal USB-C im Angebot\",\"previousItem\":{\"@type\":\"ListItem\",\"@id\":\"https:\\\/\\\/www.iphone-ticker.de\\\/category\\\/news\\\/#listItem\",\"name\":\"News\"}}]},{\"@type\":\"NewsArticle\",\"@id\":\"https:\\\/\\\/www.iphone-ticker.de\\\/kfz-ladegeraete-mit-usb-c-und-usb-a-oder-zweimal-usb-c-im-angebot-199740\\\/#newsarticle\",\"name\":\"KFZ-Ladeger\\u00e4te mit USB-C und USB-A oder zweimal USB-C im Angebot | iphone-ticker.de\",\"headline\":\"KFZ-Ladeger\\u00e4te mit USB-C und USB-A oder zweimal USB-C im Angebot\",\"author\":{\"@id\":\"https:\\\/\\\/www.iphone-ticker.de\\\/author\\\/chris\\\/#author\"},\"publisher\":{\"@id\":\"https:\\\/\\\/www.iphone-ticker.de\\\/#organization\"},\"image\":{\"@type\":\"ImageObject\",\"url\":\"https:\\\/\\\/images.iphone-ticker.de\\\/wp-content\\\/uploads\\\/2021\\\/07\\\/inui-autoladegeraet-usb-c.jpg\",\"@id\":\"https:\\\/\\\/www.iphone-ticker.de\\\/kfz-ladegeraete-mit-usb-c-und-usb-a-oder-zweimal-usb-c-im-angebot-199740\\\/#articleImage\",\"width\":1400,\"height\":1050,\"caption\":\"Inui Autoladegeraet Usb C\"},\"datePublished\":\"2022-10-06T12:54:13+02:00\",\"dateModified\":\"2022-10-06T12:54:13+02:00\",\"inLanguage\":\"de-DE\",\"commentCount\":8,\"mainEntityOfPage\":{\"@id\":\"https:\\\/\\\/www.iphone-ticker.de\\\/kfz-ladegeraete-mit-usb-c-und-usb-a-oder-zweimal-usb-c-im-angebot-199740\\\/#webpage\"},\"isPartOf\":{\"@id\":\"https:\\\/\\\/www.iphone-ticker.de\\\/kfz-ladegeraete-mit-usb-c-und-usb-a-oder-zweimal-usb-c-im-angebot-199740\\\/#webpage\"},\"articleSection\":\"News\",\"dateline\":\"Ver\\u00f6ffentlicht am Oktober 6, 2022.\"},{\"@type\":\"Organization\",\"@id\":\"https:\\\/\\\/www.iphone-ticker.de\\\/#organization\",\"name\":\"aketo GmbH\",\"description\":\"Die aketo GmbH versorgt das deutschsprachige Internet mit den f\\u00fchrenden Nachrichtenangeboten zu Apple, dem iPhone, dem iPad und Apples Lifestyle-Produkten. Konzepte, Redaktion, Recherchen und Archiv.\",\"url\":\"https:\\\/\\\/www.iphone-ticker.de\\\/\",\"email\":\"ifun.de@gmail.com\",\"telephone\":\"+493057707123\",\"foundingDate\":\"2007-01-01\",\"logo\":{\"@type\":\"ImageObject\",\"url\":\"https:\\\/\\\/images.iphone-ticker.de\\\/wp-content\\\/uploads\\\/2026\\\/02\\\/apple-touch-icon.png\",\"@id\":\"https:\\\/\\\/www.iphone-ticker.de\\\/kfz-ladegeraete-mit-usb-c-und-usb-a-oder-zweimal-usb-c-im-angebot-199740\\\/#organizationLogo\",\"width\":1024,\"height\":1024,\"caption\":\"Apple Touch Icon\"},\"image\":{\"@id\":\"https:\\\/\\\/www.iphone-ticker.de\\\/kfz-ladegeraete-mit-usb-c-und-usb-a-oder-zweimal-usb-c-im-angebot-199740\\\/#organizationLogo\"},\"sameAs\":[\"https:\\\/\\\/facebook.com\\\/ifun.de\",\"https:\\\/\\\/x.com\\\/iphoneticker\"]},{\"@type\":\"Person\",\"@id\":\"https:\\\/\\\/www.iphone-ticker.de\\\/author\\\/chris\\\/#author\",\"url\":\"https:\\\/\\\/www.iphone-ticker.de\\\/author\\\/chris\\\/\",\"name\":\"chris\"},{\"@type\":\"WebPage\",\"@id\":\"https:\\\/\\\/www.iphone-ticker.de\\\/kfz-ladegeraete-mit-usb-c-und-usb-a-oder-zweimal-usb-c-im-angebot-199740\\\/#webpage\",\"url\":\"https:\\\/\\\/www.iphone-ticker.de\\\/kfz-ladegeraete-mit-usb-c-und-usb-a-oder-zweimal-usb-c-im-angebot-199740\\\/\",\"name\":\"KFZ-Ladeger\\u00e4te mit USB-C und USB-A oder zweimal USB-C im Angebot | iphone-ticker.de\",\"description\":\"Der mit jeweils einem Anschluss f\\u00fcr USB-C und USB-A ausgestattete KFZ-Adapter von INIU ist aktuell wieder f\\u00fcr 9,99 Euro erh\\u00e4ltlich. Mittlerweile nennt der Hersteller einen regul\\u00e4ren Preis von 19,99 Euro f\\u00fcr das Ger\\u00e4t, dies stellen wir allerdings in Frage, in der Regel ist der Adapter sonst f\\u00fcr 13 Euro zu haben. Definitiv kann man allerdings\",\"inLanguage\":\"de-DE\",\"isPartOf\":{\"@id\":\"https:\\\/\\\/www.iphone-ticker.de\\\/#website\"},\"breadcrumb\":{\"@id\":\"https:\\\/\\\/www.iphone-ticker.de\\\/kfz-ladegeraete-mit-usb-c-und-usb-a-oder-zweimal-usb-c-im-angebot-199740\\\/#breadcrumblist\"},\"author\":{\"@id\":\"https:\\\/\\\/www.iphone-ticker.de\\\/author\\\/chris\\\/#author\"},\"creator\":{\"@id\":\"https:\\\/\\\/www.iphone-ticker.de\\\/author\\\/chris\\\/#author\"},\"datePublished\":\"2022-10-06T12:54:13+02:00\",\"dateModified\":\"2022-10-06T12:54:13+02:00\"},{\"@type\":\"WebSite\",\"@id\":\"https:\\\/\\\/www.iphone-ticker.de\\\/#website\",\"url\":\"https:\\\/\\\/www.iphone-ticker.de\\\/\",\"name\":\"iphone-ticker.de\",\"description\":\"Alles zum iPhone. Seit 2007.\",\"inLanguage\":\"de-DE\",\"publisher\":{\"@id\":\"https:\\\/\\\/www.iphone-ticker.de\\\/#organization\"}}]}\n\t\t<\/script>\n\t\t<!-- All in One SEO Pro -->\r\n\t\t<title>KFZ-Ladeger\u00e4te mit USB-C und USB-A oder zweimal USB-C im Angebot | iphone-ticker.de<\/title>\n\n","aioseo_head_json":{"title":"KFZ-Ladeger\u00e4te mit USB-C und USB-A oder zweimal USB-C im Angebot | iphone-ticker.de","description":"Der mit jeweils einem Anschluss f\u00fcr USB-C und USB-A ausgestattete KFZ-Adapter von INIU ist aktuell wieder f\u00fcr 9,99 Euro erh\u00e4ltlich. Mittlerweile nennt der Hersteller einen regul\u00e4ren Preis von 19,99 Euro f\u00fcr das Ger\u00e4t, dies stellen wir allerdings in Frage, in der Regel ist der Adapter sonst f\u00fcr 13 Euro zu haben. Definitiv kann man allerdings","canonical_url":"https:\/\/www.iphone-ticker.de\/kfz-ladegeraete-mit-usb-c-und-usb-a-oder-zweimal-usb-c-im-angebot-199740\/","robots":"max-image-preview:large","keywords":"","webmasterTools":{"google-site-verification":"bRuV4_wqNuoQLypC9HVKibZ0X7EtNyELtju97qgyflM","miscellaneous":""},"schema":{"@context":"https:\/\/schema.org","@graph":[{"@type":"BreadcrumbList","@id":"https:\/\/www.iphone-ticker.de\/kfz-ladegeraete-mit-usb-c-und-usb-a-oder-zweimal-usb-c-im-angebot-199740\/#breadcrumblist","itemListElement":[{"@type":"ListItem","@id":"https:\/\/www.iphone-ticker.de#listItem","position":1,"name":"Home","item":"https:\/\/www.iphone-ticker.de","nextItem":{"@type":"ListItem","@id":"https:\/\/www.iphone-ticker.de\/category\/news\/#listItem","name":"News"}},{"@type":"ListItem","@id":"https:\/\/www.iphone-ticker.de\/category\/news\/#listItem","position":2,"name":"News","item":"https:\/\/www.iphone-ticker.de\/category\/news\/","nextItem":{"@type":"ListItem","@id":"https:\/\/www.iphone-ticker.de\/kfz-ladegeraete-mit-usb-c-und-usb-a-oder-zweimal-usb-c-im-angebot-199740\/#listItem","name":"KFZ-Ladeger\u00e4te mit USB-C und USB-A oder zweimal USB-C im Angebot"},"previousItem":{"@type":"ListItem","@id":"https:\/\/www.iphone-ticker.de#listItem","name":"Home"}},{"@type":"ListItem","@id":"https:\/\/www.iphone-ticker.de\/kfz-ladegeraete-mit-usb-c-und-usb-a-oder-zweimal-usb-c-im-angebot-199740\/#listItem","position":3,"name":"KFZ-Ladeger\u00e4te mit USB-C und USB-A oder zweimal USB-C im Angebot","previousItem":{"@type":"ListItem","@id":"https:\/\/www.iphone-ticker.de\/category\/news\/#listItem","name":"News"}}]},{"@type":"NewsArticle","@id":"https:\/\/www.iphone-ticker.de\/kfz-ladegeraete-mit-usb-c-und-usb-a-oder-zweimal-usb-c-im-angebot-199740\/#newsarticle","name":"KFZ-Ladeger\u00e4te mit USB-C und USB-A oder zweimal USB-C im Angebot | iphone-ticker.de","headline":"KFZ-Ladeger\u00e4te mit USB-C und USB-A oder zweimal USB-C im Angebot","author":{"@id":"https:\/\/www.iphone-ticker.de\/author\/chris\/#author"},"publisher":{"@id":"https:\/\/www.iphone-ticker.de\/#organization"},"image":{"@type":"ImageObject","url":"https:\/\/images.iphone-ticker.de\/wp-content\/uploads\/2021\/07\/inui-autoladegeraet-usb-c.jpg","@id":"https:\/\/www.iphone-ticker.de\/kfz-ladegeraete-mit-usb-c-und-usb-a-oder-zweimal-usb-c-im-angebot-199740\/#articleImage","width":1400,"height":1050,"caption":"Inui Autoladegeraet Usb C"},"datePublished":"2022-10-06T12:54:13+02:00","dateModified":"2022-10-06T12:54:13+02:00","inLanguage":"de-DE","commentCount":8,"mainEntityOfPage":{"@id":"https:\/\/www.iphone-ticker.de\/kfz-ladegeraete-mit-usb-c-und-usb-a-oder-zweimal-usb-c-im-angebot-199740\/#webpage"},"isPartOf":{"@id":"https:\/\/www.iphone-ticker.de\/kfz-ladegeraete-mit-usb-c-und-usb-a-oder-zweimal-usb-c-im-angebot-199740\/#webpage"},"articleSection":"News","dateline":"Ver\u00f6ffentlicht am Oktober 6, 2022."},{"@type":"Organization","@id":"https:\/\/www.iphone-ticker.de\/#organization","name":"aketo GmbH","description":"Die aketo GmbH versorgt das deutschsprachige Internet mit den f\u00fchrenden Nachrichtenangeboten zu Apple, dem iPhone, dem iPad und Apples Lifestyle-Produkten. Konzepte, Redaktion, Recherchen und Archiv.","url":"https:\/\/www.iphone-ticker.de\/","email":"ifun.de@gmail.com","telephone":"+493057707123","foundingDate":"2007-01-01","logo":{"@type":"ImageObject","url":"https:\/\/images.iphone-ticker.de\/wp-content\/uploads\/2026\/02\/apple-touch-icon.png","@id":"https:\/\/www.iphone-ticker.de\/kfz-ladegeraete-mit-usb-c-und-usb-a-oder-zweimal-usb-c-im-angebot-199740\/#organizationLogo","width":1024,"height":1024,"caption":"Apple Touch Icon"},"image":{"@id":"https:\/\/www.iphone-ticker.de\/kfz-ladegeraete-mit-usb-c-und-usb-a-oder-zweimal-usb-c-im-angebot-199740\/#organizationLogo"},"sameAs":["https:\/\/facebook.com\/ifun.de","https:\/\/x.com\/iphoneticker"]},{"@type":"Person","@id":"https:\/\/www.iphone-ticker.de\/author\/chris\/#author","url":"https:\/\/www.iphone-ticker.de\/author\/chris\/","name":"chris"},{"@type":"WebPage","@id":"https:\/\/www.iphone-ticker.de\/kfz-ladegeraete-mit-usb-c-und-usb-a-oder-zweimal-usb-c-im-angebot-199740\/#webpage","url":"https:\/\/www.iphone-ticker.de\/kfz-ladegeraete-mit-usb-c-und-usb-a-oder-zweimal-usb-c-im-angebot-199740\/","name":"KFZ-Ladeger\u00e4te mit USB-C und USB-A oder zweimal USB-C im Angebot | iphone-ticker.de","description":"Der mit jeweils einem Anschluss f\u00fcr USB-C und USB-A ausgestattete KFZ-Adapter von INIU ist aktuell wieder f\u00fcr 9,99 Euro erh\u00e4ltlich. Mittlerweile nennt der Hersteller einen regul\u00e4ren Preis von 19,99 Euro f\u00fcr das Ger\u00e4t, dies stellen wir allerdings in Frage, in der Regel ist der Adapter sonst f\u00fcr 13 Euro zu haben. Definitiv kann man allerdings","inLanguage":"de-DE","isPartOf":{"@id":"https:\/\/www.iphone-ticker.de\/#website"},"breadcrumb":{"@id":"https:\/\/www.iphone-ticker.de\/kfz-ladegeraete-mit-usb-c-und-usb-a-oder-zweimal-usb-c-im-angebot-199740\/#breadcrumblist"},"author":{"@id":"https:\/\/www.iphone-ticker.de\/author\/chris\/#author"},"creator":{"@id":"https:\/\/www.iphone-ticker.de\/author\/chris\/#author"},"datePublished":"2022-10-06T12:54:13+02:00","dateModified":"2022-10-06T12:54:13+02:00"},{"@type":"WebSite","@id":"https:\/\/www.iphone-ticker.de\/#website","url":"https:\/\/www.iphone-ticker.de\/","name":"iphone-ticker.de","description":"Alles zum iPhone. Seit 2007.","inLanguage":"de-DE","publisher":{"@id":"https:\/\/www.iphone-ticker.de\/#organization"}}]},"og:locale":"de_DE","og:site_name":"iphone-ticker.de | Alles zum iPhone. Seit 2007.","og:type":"article","og:title":"KFZ-Ladeger\u00e4te mit USB-C und USB-A oder zweimal USB-C im Angebot | iphone-ticker.de","og:description":"Der mit jeweils einem Anschluss f\u00fcr USB-C und USB-A ausgestattete KFZ-Adapter von INIU ist aktuell wieder f\u00fcr 9,99 Euro erh\u00e4ltlich. Mittlerweile nennt der Hersteller einen regul\u00e4ren Preis von 19,99 Euro f\u00fcr das Ger\u00e4t, dies stellen wir allerdings in Frage, in der Regel ist der Adapter sonst f\u00fcr 13 Euro zu haben. Definitiv kann man allerdings","og:url":"https:\/\/www.iphone-ticker.de\/kfz-ladegeraete-mit-usb-c-und-usb-a-oder-zweimal-usb-c-im-angebot-199740\/","article:published_time":"2022-10-06T10:54:13+00:00","article:modified_time":"2022-10-06T10:54:13+00:00","article:publisher":"https:\/\/facebook.com\/ifun.de","twitter:card":"summary_large_image","twitter:site":"@iphoneticker","twitter:title":"KFZ-Ladeger\u00e4te mit USB-C und USB-A oder zweimal USB-C im Angebot | iphone-ticker.de","twitter:description":"Der mit jeweils einem Anschluss f\u00fcr USB-C und USB-A ausgestattete KFZ-Adapter von INIU ist aktuell wieder f\u00fcr 9,99 Euro erh\u00e4ltlich. Mittlerweile nennt der Hersteller einen regul\u00e4ren Preis von 19,99 Euro f\u00fcr das Ger\u00e4t, dies stellen wir allerdings in Frage, in der Regel ist der Adapter sonst f\u00fcr 13 Euro zu haben. Definitiv kann man allerdings","twitter:creator":"@iphoneticker"},"aioseo_meta_data":{"post_id":"199740","title":null,"description":null,"keywords":null,"keyphrases":null,"primary_term":null,"canonical_url":null,"og_title":null,"og_description":null,"og_object_type":"default","og_image_type":"default","og_image_url":null,"og_image_width":null,"og_image_height":null,"og_image_custom_url":null,"og_image_custom_fields":null,"og_video":null,"og_custom_url":null,"og_article_section":null,"og_article_tags":null,"twitter_use_og":false,"twitter_card":"default","twitter_image_type":"default","twitter_image_url":null,"twitter_image_custom_url":null,"twitter_image_custom_fields":null,"twitter_title":null,"twitter_description":null,"schema":{"blockGraphs":[],"customGraphs":[],"default":{"data":{"Article":[],"Course":[],"Dataset":[],"FAQPage":[],"Movie":[],"Person":[],"Product":[],"ProductReview":[],"Car":[],"Recipe":[],"Service":[],"SoftwareApplication":[],"WebPage":[]},"graphName":"NewsArticle","isEnabled":true},"graphs":[]},"schema_type":"default","schema_type_options":null,"pillar_content":false,"robots_default":true,"robots_noindex":false,"robots_noarchive":false,"robots_nosnippet":false,"robots_nofollow":false,"robots_noimageindex":false,"robots_noodp":false,"robots_notranslate":false,"robots_max_snippet":null,"robots_max_videopreview":null,"robots_max_imagepreview":"large","priority":null,"frequency":null,"local_seo":null,"seo_analyzer_scan_date":null,"breadcrumb_settings":null,"limit_modified_date":false,"open_ai":null,"ai":null,"created":"2026-02-19 21:30:38","updated":"2026-03-10 02:04:15","focus_keyword":null,"additional_keywords":null,"truseo_locale":null},"aioseo_breadcrumb":"<div class=\"aioseo-breadcrumbs\"><span class=\"aioseo-breadcrumb\">\n\t<a href=\"https:\/\/www.iphone-ticker.de\" title=\"Home\">Home<\/a>\n<\/span><span class=\"aioseo-breadcrumb-separator\">\u00bb<\/span><span class=\"aioseo-breadcrumb\">\n\t<a href=\"https:\/\/www.iphone-ticker.de\/category\/news\/\" title=\"News\">News<\/a>\n<\/span><span class=\"aioseo-breadcrumb-separator\">\u00bb<\/span><span class=\"aioseo-breadcrumb\">\n\tKFZ-Ladeger\u00e4te mit USB-C und USB-A oder zweimal USB-C im Angebot\n<\/span><\/div>","aioseo_breadcrumb_json":[{"label":"Home","link":"https:\/\/www.iphone-ticker.de"},{"label":"News","link":"https:\/\/www.iphone-ticker.de\/category\/news\/"},{"label":"KFZ-Ladeger\u00e4te mit USB-C und USB-A oder zweimal USB-C im Angebot","link":"https:\/\/www.iphone-ticker.de\/kfz-ladegeraete-mit-usb-c-und-usb-a-oder-zweimal-usb-c-im-angebot-199740\/"}],"featured_image":["https:\/\/images.iphone-ticker.de\/wp-content\/uploads\/2021\/06\/usb-c-kfz.innui_.jpg"],"subheadline":["Ab 10 Euro"],"rest_api_enabler":{"featured_image":"https:\/\/images.iphone-ticker.de\/wp-content\/uploads\/2021\/06\/usb-c-kfz.innui_.jpg","subheadline":"Ab 10 Euro"},"_links":{"self":[{"href":"https:\/\/www.iphone-ticker.de\/apiv2\/wp\/v2\/posts\/199740","targetHints":{"allow":["GET"]}}],"collection":[{"href":"https:\/\/www.iphone-ticker.de\/apiv2\/wp\/v2\/posts"}],"about":[{"href":"https:\/\/www.iphone-ticker.de\/apiv2\/wp\/v2\/types\/post"}],"author":[{"embeddable":true,"href":"https:\/\/www.iphone-ticker.de\/apiv2\/wp\/v2\/users\/2"}],"replies":[{"embeddable":true,"href":"https:\/\/www.iphone-ticker.de\/apiv2\/wp\/v2\/comments?post=199740"}],"version-history":[{"count":3,"href":"https:\/\/www.iphone-ticker.de\/apiv2\/wp\/v2\/posts\/199740\/revisions"}],"predecessor-version":[{"id":199743,"href":"https:\/\/www.iphone-ticker.de\/apiv2\/wp\/v2\/posts\/199740\/revisions\/199743"}],"wp:attachment":[{"href":"https:\/\/www.iphone-ticker.de\/apiv2\/wp\/v2\/media?parent=199740"}],"wp:term":[{"taxonomy":"category","embeddable":true,"href":"https:\/\/www.iphone-ticker.de\/apiv2\/wp\/v2\/categories?post=199740"},{"taxonomy":"post_tag","embeddable":true,"href":"https:\/\/www.iphone-ticker.de\/apiv2\/wp\/v2\/tags?post=199740"}],"curies":[{"name":"wp","href":"https:\/\/api.w.org\/{rel}","templated":true}]}}