{"id":198924,"date":"2022-09-22T14:40:29","date_gmt":"2022-09-22T12:40:29","guid":{"rendered":"https:\/\/www.iphone-ticker.de\/?p=198924"},"modified":"2022-09-22T14:40:29","modified_gmt":"2022-09-22T12:40:29","slug":"airpods-pro-2-und-die-apple-watch-ultra-sind-unterwegs","status":"publish","type":"post","link":"https:\/\/www.iphone-ticker.de\/airpods-pro-2-und-die-apple-watch-ultra-sind-unterwegs-198924\/","title":{"rendered":"AirPods Pro 2 und die Apple Watch Ultra sind unterwegs"},"content":{"rendered":"<p>Nachdem Apples wichtigster Verkaufsstart in diesem Herbst mit drei der vier neuen iPhone-Modelle bereits vergangene Woche \u00fcber die B\u00fchne gegangen ist, geht es morgen weiter. Fr\u00fche Besteller haben inzwischen auch die Versandbenachrichtigungen f\u00fcr die <a href=\"https:\/\/apple.sjv.io\/QOD1qa\">zweite Generation der AirPods<\/a> und Apples neues Uhren-Flaggschiff, die <a href=\"https:\/\/www.apple.com\/de\/shop\/buy-watch\/apple-watch-ultra\">Apple Watch Ultra<\/a> erhalten.<\/p>\n<p>Als ersten Verkaufstag f\u00fcr diese beiden, ebenfalls auf dem Apple-Event vor zwei Wochen vorgestellten Produktneuheiten hat Apple den morgigen 23. September angesetzt. Von da an werden die neuen AirPods Pro 2 und die verschiedenen Modelle der Apple Watch Ultra auch bei Apples Vertriebspartnern erh\u00e4ltlich sein.<\/p>\n<p><a href=\"https:\/\/images.iphone-ticker.de\/wp-content\/uploads\/2022\/09\/apple-versand-apple-watch-ultra-airpods-pro.jpg\"><img loading=\"lazy\" decoding=\"async\" src=\"https:\/\/images.iphone-ticker.de\/wp-content\/uploads\/2022\/09\/apple-versand-apple-watch-ultra-airpods-pro-700x633.jpg\" alt=\"Apple Versand Apple Watch Ultra Airpods Pro\" width=\"700\" height=\"633\" class=\"alignnone size-large wp-image-198925\" srcset=\"https:\/\/images.iphone-ticker.de\/wp-content\/uploads\/2022\/09\/apple-versand-apple-watch-ultra-airpods-pro-700x633.jpg 700w, https:\/\/images.iphone-ticker.de\/wp-content\/uploads\/2022\/09\/apple-versand-apple-watch-ultra-airpods-pro-500x452.jpg 500w, https:\/\/images.iphone-ticker.de\/wp-content\/uploads\/2022\/09\/apple-versand-apple-watch-ultra-airpods-pro.jpg 1400w\" sizes=\"auto, (max-width: 700px) 100vw, 700px\" \/><\/a><\/p>\n<p>Wer die beiden Produktneuheiten jetzt erst bestellen will, muss allerdings ein wenig warten. F\u00fcr die AirPods Pro 2 listet Apple aktuell eine Lieferzeit von sechs bis zw\u00f6lf Tagen und die Apple Watch Ultra ist direkt beim Hersteller abh\u00e4ngig von der gew\u00e4hlten Variante und Armbandgr\u00f6\u00dfe erst wieder Mitte Oktober bis Anfang November erh\u00e4ltlich.<\/p>\n<h2>Abholung im Apple Store als Option<\/h2>\n<p>Wenn ihr einen Apple Store in eurer N\u00e4he habt und vielleicht doch noch kurzfristig zum Zug kommen wollt, lohnt es sich m\u00f6glicherweise, morgen Vormittag vor Ort nachzufragen. In der Regel werden die Apple-Ladengesch\u00e4fte zum Verkaufsstart von neuen Produkten mit einem grundlegenden Lagerbestand ausgestattet. Vermutlich ebenfalls morgen im Laufe des Tages sollte die Verf\u00fcgbarkeit der neuen Artikel in den Apple Stores dann auch online auf den jeweiligen Bestellseiten angezeigt werden.<\/p>\n<p>Apple betreibt in Deutschland aktuell 16 Ladengesch\u00e4fte in acht Bundesl\u00e4ndern. Eine \u00dcbersicht aller Apple Stores in Deutschland k\u00f6nnt ihr euch <a href=\"https:\/\/www.apple.com\/de\/retail\/\">hier anzeigen lassen<\/a>. Auf den dort jeweils verlinkten separaten Webseiten der einzelnen Ladengesch\u00e4fte findet ihr dann auch die jeweiligen \u00d6ffnungszeiten &#8211; in der Regel haben die Apple-Gesch\u00e4fte in Deutschland zwischen 10 Uhr und 20 Uhr ge\u00f6ffnet.<img loading=\"lazy\" decoding=\"async\" src=\"https:\/\/vg05.met.vgwort.de\/na\/7d8d21ad25ff4638b963b2b3920818f3\" width=\"1\" height=\"1\" no-lazy class=\"tracking\"><\/p>\n","protected":false},"excerpt":{"rendered":"<a href=\"https:\/\/www.iphone-ticker.de\/airpods-pro-2-und-die-apple-watch-ultra-sind-unterwegs-198924\/\"><img width=\"150\" height=\"150\" src=\"https:\/\/images.iphone-ticker.de\/wp-content\/uploads\/2022\/09\/apple-versand-apple-watch-ultra-airpods-pro-150x150.jpg\" class=\"alignright tfe wp-post-image\" alt=\"Apple Versand Apple Watch Ultra Airpods Pro\" decoding=\"async\" loading=\"lazy\" \/><\/a><p>Nachdem Apples wichtigster Verkaufsstart in diesem Herbst mit drei der vier neuen iPhone-Modelle bereits vergangene Woche \u00fcber die B\u00fchne gegangen ist, geht es morgen weiter. Fr\u00fche Besteller haben inzwischen auch die Versandbenachrichtigungen f\u00fcr die zweite Generation der AirPods und Apples neues Uhren-Flaggschiff, die Apple Watch Ultra erhalten. Als ersten Verkaufstag f\u00fcr diese beiden, ebenfalls auf [&hellip;]<\/p>\n","protected":false},"author":2,"featured_media":198925,"comment_status":"open","ping_status":"closed","sticky":false,"template":"","format":"standard","meta":{"footnotes":""},"categories":[14],"tags":[],"class_list":["post-198924","post","type-post","status-publish","format-standard","has-post-thumbnail","hentry","category-apple"],"aioseo_notices":[],"subheadline":["Apple-Versandbenachrichtigungen"],"featured_image":["https:\/\/images.iphone-ticker.de\/wp-content\/uploads\/2022\/09\/airpods-pro-2-feature.jpg"],"rest_api_enabler":{"subheadline":"Apple-Versandbenachrichtigungen","featured_image":"https:\/\/images.iphone-ticker.de\/wp-content\/uploads\/2022\/09\/airpods-pro-2-feature.jpg"},"_links":{"self":[{"href":"https:\/\/www.iphone-ticker.de\/apiv2\/wp\/v2\/posts\/198924","targetHints":{"allow":["GET"]}}],"collection":[{"href":"https:\/\/www.iphone-ticker.de\/apiv2\/wp\/v2\/posts"}],"about":[{"href":"https:\/\/www.iphone-ticker.de\/apiv2\/wp\/v2\/types\/post"}],"author":[{"embeddable":true,"href":"https:\/\/www.iphone-ticker.de\/apiv2\/wp\/v2\/users\/2"}],"replies":[{"embeddable":true,"href":"https:\/\/www.iphone-ticker.de\/apiv2\/wp\/v2\/comments?post=198924"}],"version-history":[{"count":2,"href":"https:\/\/www.iphone-ticker.de\/apiv2\/wp\/v2\/posts\/198924\/revisions"}],"predecessor-version":[{"id":198927,"href":"https:\/\/www.iphone-ticker.de\/apiv2\/wp\/v2\/posts\/198924\/revisions\/198927"}],"wp:featuredmedia":[{"embeddable":true,"href":"https:\/\/www.iphone-ticker.de\/apiv2\/wp\/v2\/media\/198925"}],"wp:attachment":[{"href":"https:\/\/www.iphone-ticker.de\/apiv2\/wp\/v2\/media?parent=198924"}],"wp:term":[{"taxonomy":"category","embeddable":true,"href":"https:\/\/www.iphone-ticker.de\/apiv2\/wp\/v2\/categories?post=198924"},{"taxonomy":"post_tag","embeddable":true,"href":"https:\/\/www.iphone-ticker.de\/apiv2\/wp\/v2\/tags?post=198924"}],"curies":[{"name":"wp","href":"https:\/\/api.w.org\/{rel}","templated":true}]}}