{"id":19832,"date":"2011-04-03T14:10:07","date_gmt":"2011-04-03T12:10:07","guid":{"rendered":"http:\/\/www.iphone-ticker.de\/?p=19832"},"modified":"2011-04-04T08:33:45","modified_gmt":"2011-04-04T06:33:45","slug":"8mp-kamera-im-iphone-5-sony-versprecher-deutet-auf-zusammenarbeit-mit-apple-hin","status":"publish","type":"post","link":"https:\/\/www.iphone-ticker.de\/8mp-kamera-im-iphone-5-sony-versprecher-deutet-auf-zusammenarbeit-mit-apple-hin-19832\/","title":{"rendered":"8MP Kamera im iPhone 5: Sony-Versprecher deutet auf Zusammenarbeit mit Apple hin"},"content":{"rendered":"<p><a href=\"http:\/\/www.iphone-ticker.de\/wp-content\/uploads\/2011\/04\/kameraobj.jpg\"><img loading=\"lazy\" decoding=\"async\" src=\"http:\/\/www.iphone-ticker.de\/wp-content\/uploads\/2011\/04\/kameraobj.jpg\" alt=\"\" title=\"kameraobj\" width=\"120\" height=\"120\" class=\"alignright size-full wp-image-19833\" \/><\/a>Gibt es bessere Quellen als das leicht umformulierte Ged\u00e4chtnisprotokoll einer \u00f6ffentlichen Talkshow? Eben. So solltet auch ihr den von Seth Weintraub <a href=\"http:\/\/www.9to5mac.com\/59019\/howard-stringer-says-sony-image-sensors-delayed-for-apples-ipad\/\">niedergeschriebenen Dialog<\/a> zwischen Sonys CEO Howard Stringer und Walt Mossberg vom Wall Street Journal nicht f\u00fcr bare M\u00fcnze nehmen &#8211; als Aufh\u00e4nger f\u00fcr Spekulationen zum anstehenden iPhone-Update eignet sich der kurze Zweizeiler aber allemal.<br \/>\n<!--more--><br \/>\nSo soll Stringer auf dem Panel &#8222;Talking Tech with Sony&#8220; von bevorstehenden Lieferproblemen eines Sony Kamera-Werks in Japan gesprochen haben, die sich unter anderem auf das japanische Erdbeben <a href=\"http:\/\/www.tagesschau.de\/ausland\/erdbebentokio100.html\">vom 11. M\u00e4rz<\/a> zur\u00fcckf\u00fchren lassen. Auf Deutsch: <\/p>\n<blockquote><p>Unsere beste Sensortechnologie wird in einem der Werke produziert, die durch den Tsunami betroffen sind. Die Teile gehen, f\u00fcr die iPad bzw. iPhone-Ger\u00e4te, direkt an Apple. Isn\u2019t that something? Diese kaufen unsere besten Sensoren. <\/p><\/blockquote>\n<p>Ein Satz der eure Aufmerksamkeit nicht verdient h\u00e4tte, w\u00fcrde Sony bereits seit Jahren als Apple-Zulieferer fungieren. Dem ist jedoch nicht so. Bislang <a href=\"http:\/\/www.iphone-ticker.de\/2009\/12\/23\/nachste-iphone-generation-5-megapixel-kameramodul-im-gesprach\/\">stattet OmniVision<\/a> die iPods und Apples iOS-Ger\u00e4te mit Kamera-Modulen aus &#8211; k\u00f6nnte, Ger\u00fcchte zufolge, zuk\u00fcnftig jedoch durch besseres Material von Sony ersetzt werden. <\/p>\n<p>Eine Theorie die auch von dem Finanznachrichten-Portal &#8222;The Street&#8220; gest\u00fctzt wird. So berichtete &#8222;The Street&#8220; <a href=\"http:\/\/www.thestreet.com\/_yahoo\/story\/10724495\/1\/new-focus-for-apple-iphone-exclusive.html\">bereits im April 2010<\/a> \u00fcber den m\u00f6glichen Einbau 8-Megapixel starker Kamera-Module in das iPhone 5 und nannte Sony bereits damals als wahrscheinlichen Zulieferer. Eine gewichtige Prognose, da The Street auch den 5-Megapixel Sensor der 4. iPhone-Generation treffsicher vorhersagte. <\/p>\n<p>Long story short: Sollte Apple auf die Vorstellung der 5. iPhone Generation zur diesj\u00e4hrigen WWDC verzichten, k\u00f6nnte das japanische Erdbeben eine Mitschuld treffen. Ohne die 8MP Kamera-Module kein iPhone 5.  <\/p>\n","protected":false},"excerpt":{"rendered":"<a href=\"https:\/\/www.iphone-ticker.de\/8mp-kamera-im-iphone-5-sony-versprecher-deutet-auf-zusammenarbeit-mit-apple-hin-19832\/\"><img decoding=\"async\" width=\"150\" src=\"http:\/\/www.iphone-ticker.de\/wp-content\/uploads\/2011\/04\/kameraobj.jpg\" class=\"alignright wp-post-image tfe\" alt=\"\" title=\"kameraobj\" \/><\/a><p>Gibt es bessere Quellen als das leicht umformulierte Ged\u00e4chtnisprotokoll einer \u00f6ffentlichen Talkshow? Eben. So solltet auch ihr den von Seth Weintraub niedergeschriebenen Dialog zwischen Sonys CEO Howard Stringer und Walt Mossberg vom Wall Street Journal nicht f\u00fcr bare M\u00fcnze nehmen &#8211; als Aufh\u00e4nger f\u00fcr Spekulationen zum anstehenden iPhone-Update eignet sich der kurze Zweizeiler aber allemal.<\/p>\n","protected":false},"author":1,"featured_media":0,"comment_status":"open","ping_status":"closed","sticky":false,"template":"","format":"standard","meta":{"footnotes":""},"categories":[6],"tags":[3912,737,139,3910,593],"class_list":["post-19832","post","type-post","status-publish","format-standard","hentry","category-rumors","tag-apple","tag-iphone-5","tag-kamera","tag-rumors","tag-sony"],"aioseo_notices":[],"rest_api_enabler":[],"_links":{"self":[{"href":"https:\/\/www.iphone-ticker.de\/apiv2\/wp\/v2\/posts\/19832","targetHints":{"allow":["GET"]}}],"collection":[{"href":"https:\/\/www.iphone-ticker.de\/apiv2\/wp\/v2\/posts"}],"about":[{"href":"https:\/\/www.iphone-ticker.de\/apiv2\/wp\/v2\/types\/post"}],"author":[{"embeddable":true,"href":"https:\/\/www.iphone-ticker.de\/apiv2\/wp\/v2\/users\/1"}],"replies":[{"embeddable":true,"href":"https:\/\/www.iphone-ticker.de\/apiv2\/wp\/v2\/comments?post=19832"}],"version-history":[{"count":2,"href":"https:\/\/www.iphone-ticker.de\/apiv2\/wp\/v2\/posts\/19832\/revisions"}],"predecessor-version":[{"id":19845,"href":"https:\/\/www.iphone-ticker.de\/apiv2\/wp\/v2\/posts\/19832\/revisions\/19845"}],"wp:attachment":[{"href":"https:\/\/www.iphone-ticker.de\/apiv2\/wp\/v2\/media?parent=19832"}],"wp:term":[{"taxonomy":"category","embeddable":true,"href":"https:\/\/www.iphone-ticker.de\/apiv2\/wp\/v2\/categories?post=19832"},{"taxonomy":"post_tag","embeddable":true,"href":"https:\/\/www.iphone-ticker.de\/apiv2\/wp\/v2\/tags?post=19832"}],"curies":[{"name":"wp","href":"https:\/\/api.w.org\/{rel}","templated":true}]}}