{"id":197871,"date":"2022-09-07T09:50:35","date_gmt":"2022-09-07T07:50:35","guid":{"rendered":"https:\/\/www.iphone-ticker.de\/?p=197871"},"modified":"2022-09-07T09:53:15","modified_gmt":"2022-09-07T07:53:15","slug":"apple-watch-pro-so-soll-sie-aussehen","status":"publish","type":"post","link":"https:\/\/www.iphone-ticker.de\/apple-watch-pro-so-soll-sie-aussehen-197871\/","title":{"rendered":"Apple Watch Pro: So soll sie aussehen"},"content":{"rendered":"<p>Auf dem am Wochenende aufgetauchten <a href=\"https:\/\/www.iphone-ticker.de\/apple-watch-series-8-pro-cases-und-3d-renderings-zeigen-neue-taste-197735\/\">H\u00fcllen und 3D-Skizzen<\/a> basierend, hat der Designer <a href=\"https:\/\/twitter.com\/ianzelbo\/status\/1567185029519785986\">Ian Zelbo<\/a> ansprechende Grafiken von der f\u00fcr heute Abend prognostizierten Apple Watch Pro erstellt &#8211; beziehungsweise was wir nach aktuellem Informationsstand diesbez\u00fcglich erwarten.<\/p>\n<p><img loading=\"lazy\" decoding=\"async\" src=\"https:\/\/images.iphone-ticker.de\/wp-content\/uploads\/2022\/09\/rendering-apple-watch-pro-500x334.jpg\" alt=\"Rendering Apple Watch Pro\" width=\"500\" height=\"334\" class=\"alignnone size-medium wp-image-197873\" srcset=\"https:\/\/images.iphone-ticker.de\/wp-content\/uploads\/2022\/09\/rendering-apple-watch-pro-500x334.jpg 500w, https:\/\/images.iphone-ticker.de\/wp-content\/uploads\/2022\/09\/rendering-apple-watch-pro-700x467.jpg 700w, https:\/\/images.iphone-ticker.de\/wp-content\/uploads\/2022\/09\/rendering-apple-watch-pro.jpg 920w\" sizes=\"auto, (max-width: 500px) 100vw, 500px\" \/><\/p>\n<p>Bis wir von 19 Uhr an dann sehen, ob Apple diese Erwartungen tats\u00e4chlich erf\u00fcllen kann, d\u00fcrft ihr euch an den auf den Illustrationen gezeigten markanten Verbesserungen im Vergleich zum Standardmodell der Uhr freuen. Allem voran f\u00e4llt hier der gr\u00f6\u00dfere Bildschirm und die robuste und zus\u00e4tzlich gesch\u00fctzte digitale Krone auf. Die zus\u00e4tzliche Taste auf der linken Seite der Uhr hatten wir ja bereits zum Thema.<\/p>\n<p>Damit verbunden wollen wir aber auch gleich nochmal daran erinnern, dass sich der Preis f\u00fcr das Pro-Modell der Apple Watch wohl deutlich von den Standardmodellen der Uhr absetzen wird. Man geht davon aus, dass Apple damit die bislang als \u201eEdition\u201c klassifizierten teuren Versionen der Uhr abl\u00f6sen wird.<\/p>\n<p><img loading=\"lazy\" decoding=\"async\" src=\"https:\/\/images.iphone-ticker.de\/wp-content\/uploads\/2022\/09\/zelbo-apple-watch-pro-700x399.jpg\" alt=\"Zelbo Apple Watch Pro\" width=\"700\" height=\"399\" class=\"alignnone size-large wp-image-197874\" srcset=\"https:\/\/images.iphone-ticker.de\/wp-content\/uploads\/2022\/09\/zelbo-apple-watch-pro-700x399.jpg 700w, https:\/\/images.iphone-ticker.de\/wp-content\/uploads\/2022\/09\/zelbo-apple-watch-pro-500x285.jpg 500w, https:\/\/images.iphone-ticker.de\/wp-content\/uploads\/2022\/09\/zelbo-apple-watch-pro.jpg 1400w\" sizes=\"auto, (max-width: 700px) 100vw, 700px\" \/><\/p>\n","protected":false},"excerpt":{"rendered":"<a href=\"https:\/\/www.iphone-ticker.de\/apple-watch-pro-so-soll-sie-aussehen-197871\/\"><img width=\"150\" height=\"150\" src=\"https:\/\/images.iphone-ticker.de\/wp-content\/uploads\/2022\/09\/zelbo-apple-watch-pro-150x150.jpg\" class=\"alignright tfe wp-post-image\" alt=\"Zelbo Apple Watch Pro\" decoding=\"async\" loading=\"lazy\" \/><\/a><p>Auf dem am Wochenende aufgetauchten H\u00fcllen und 3D-Skizzen basierend, hat der Designer Ian Zelbo ansprechende Grafiken von der f\u00fcr heute Abend prognostizierten Apple Watch Pro erstellt &#8211; beziehungsweise was wir nach aktuellem Informationsstand diesbez\u00fcglich erwarten. Bis wir von 19 Uhr an dann sehen, ob Apple diese Erwartungen tats\u00e4chlich erf\u00fcllen kann, d\u00fcrft ihr euch an den [&hellip;]<\/p>\n","protected":false},"author":2,"featured_media":197874,"comment_status":"open","ping_status":"closed","sticky":false,"template":"","format":"standard","meta":{"footnotes":""},"categories":[1],"tags":[5308],"class_list":["post-197871","post","type-post","status-publish","format-standard","has-post-thumbnail","hentry","category-news","tag-apple-watch-pro"],"aioseo_notices":[],"subheadline":["Detaillierte Renderings"],"featured_image":["https:\/\/images.iphone-ticker.de\/wp-content\/uploads\/2022\/09\/rendering-apple-watch-pro-feature.jpg"],"rest_api_enabler":{"subheadline":"Detaillierte Renderings","featured_image":"https:\/\/images.iphone-ticker.de\/wp-content\/uploads\/2022\/09\/rendering-apple-watch-pro-feature.jpg"},"_links":{"self":[{"href":"https:\/\/www.iphone-ticker.de\/apiv2\/wp\/v2\/posts\/197871","targetHints":{"allow":["GET"]}}],"collection":[{"href":"https:\/\/www.iphone-ticker.de\/apiv2\/wp\/v2\/posts"}],"about":[{"href":"https:\/\/www.iphone-ticker.de\/apiv2\/wp\/v2\/types\/post"}],"author":[{"embeddable":true,"href":"https:\/\/www.iphone-ticker.de\/apiv2\/wp\/v2\/users\/2"}],"replies":[{"embeddable":true,"href":"https:\/\/www.iphone-ticker.de\/apiv2\/wp\/v2\/comments?post=197871"}],"version-history":[{"count":6,"href":"https:\/\/www.iphone-ticker.de\/apiv2\/wp\/v2\/posts\/197871\/revisions"}],"predecessor-version":[{"id":197885,"href":"https:\/\/www.iphone-ticker.de\/apiv2\/wp\/v2\/posts\/197871\/revisions\/197885"}],"wp:featuredmedia":[{"embeddable":true,"href":"https:\/\/www.iphone-ticker.de\/apiv2\/wp\/v2\/media\/197874"}],"wp:attachment":[{"href":"https:\/\/www.iphone-ticker.de\/apiv2\/wp\/v2\/media?parent=197871"}],"wp:term":[{"taxonomy":"category","embeddable":true,"href":"https:\/\/www.iphone-ticker.de\/apiv2\/wp\/v2\/categories?post=197871"},{"taxonomy":"post_tag","embeddable":true,"href":"https:\/\/www.iphone-ticker.de\/apiv2\/wp\/v2\/tags?post=197871"}],"curies":[{"name":"wp","href":"https:\/\/api.w.org\/{rel}","templated":true}]}}