{"id":197851,"date":"2022-09-07T08:59:22","date_gmt":"2022-09-07T06:59:22","guid":{"rendered":"https:\/\/www.iphone-ticker.de\/?p=197851"},"modified":"2022-09-07T09:02:52","modified_gmt":"2022-09-07T07:02:52","slug":"apple-darf-das-iphone-in-brasilien-nicht-mehr-ohne-ladegeraet-verkaufen","status":"publish","type":"post","link":"https:\/\/www.iphone-ticker.de\/apple-darf-das-iphone-in-brasilien-nicht-mehr-ohne-ladegeraet-verkaufen-197851\/","title":{"rendered":"Apple darf das iPhone in Brasilien nicht mehr ohne Ladeger\u00e4t verkaufen"},"content":{"rendered":"<p>Apple muss den Verkauf seiner aktuellen iPhone-Modelle in Brasilien stoppen. Das Justizministerium des Landes hat eine Geldstrafe von umgerechnet knapp 2,4 Millionen Euro gegen das Unternehmen verh\u00e4ngt und zudem die Auflage erteilt, den Verkauf aller iPhone-Modelle ohne Ladeger\u00e4t auszusetzen.<\/p>\n<p>Die im Amtsblatt des Landes <a href=\"https:\/\/www-gov-br.translate.goog\/mj\/pt-br\/assuntos\/noticias\/suspensa-a-venda-de-iphones-sem-carregador-no-brasil?_x_tr_sl=auto&amp;_x_tr_tl=de&amp;_x_tr_hl=de&amp;_x_tr_pto=wapp\">ver\u00f6ffentlichte<\/a> Entscheidung wird damit begr\u00fcndet, dass mit dem Ladeger\u00e4t ein wesentlicher Bestandteil nicht im Lieferumfang enthalten sei. Die Beh\u00f6rde unterstellt Apple somit den Verkauf eines unvollst\u00e4ndigen Produkts und damit verbunden ein diskriminierendes Verhalten gegen\u00fcber Verbrauchern.<\/p>\n<p>Damit verbunden wurde auch Apples Argumentation, man wolle auf diese Weise den CO2-Austausch reduzieren, zur\u00fcckgewiesen. Es gebe keine Beweise daf\u00fcr, dass der Verkauf eines Smartphones ohne Ladeger\u00e4t dem Schutz der Umwelt diene.<\/p>\n<p><img loading=\"lazy\" decoding=\"async\" src=\"https:\/\/images.iphone-ticker.de\/wp-content\/uploads\/2022\/09\/iphone-brasilien-kaufen-700x484.jpg\" alt=\"Iphone Brasilien Kaufen\" width=\"700\" height=\"484\" class=\"alignnone size-large wp-image-197854\" srcset=\"https:\/\/images.iphone-ticker.de\/wp-content\/uploads\/2022\/09\/iphone-brasilien-kaufen-700x484.jpg 700w, https:\/\/images.iphone-ticker.de\/wp-content\/uploads\/2022\/09\/iphone-brasilien-kaufen-500x346.jpg 500w, https:\/\/images.iphone-ticker.de\/wp-content\/uploads\/2022\/09\/iphone-brasilien-kaufen.jpg 1400w\" sizes=\"auto, (max-width: 700px) 100vw, 700px\" \/><\/p>\n<h2>Apple hat Berufung angek\u00fcndigt<\/h2>\n<p>Der Nachrichtenagentur <a href=\"https:\/\/www.reuters.com\/technology\/brazil-orders-apple-suspend-iphone-sales-without-charger-2022-09-06\/\">Reuters<\/a> zufolge will Apple Berufung gegen die Entscheidung einlegen und zugleich weiterhin mit den brasilianischen Verbrauchersch\u00fctzern zusammenarbeiten, um deren Bedenken beizulegen. Man habe in Brasilien bereits mehrere Gerichtsverfahren in dieser Angelegenheit gewonnen und sei zuversichtlich, dass die iPhone-K\u00e4ufer sich der verschiedenen M\u00f6glichkeiten, ihre Ger\u00e4te aufzuladen und zu verbinden, bewusst sind.<\/p>\n<p>Bei Apple d\u00fcrfte diese Entscheidung kurz vor der Vorstellung der neuen iPhone-Modelle die Alarmglocken klingeln lassen. Mit dem Verkaufsstop und der verh\u00e4ngten Strafe verbunden wurde zudem angeordnet, dass die Registrierung beim brasilianischen Markenregister ab dem iPhone 12 aufw\u00e4rts gel\u00f6scht wird. Apple hat bei dem im Oktober 2020 vorgestellten iPhone 12 erstmals das Ladeger\u00e4t weggelassen und die Entscheidung mit umweltpolitischen Gedanken begr\u00fcndet.<\/p>\n<p>Wie die Ma\u00dfnahmen nun genau umgesetzt werden, muss sich zeigen. Der Anordnung nach sollen brasilianische Beh\u00f6rden nun den weiteren Verlauf \u00fcberwachen und die Ma\u00dfnahmen ergreifen, die sie f\u00fcr angemessen handeln. Wenn es bei den Verst\u00f6\u00dfen bleibt, k\u00f6nne Apple als Wiederholungst\u00e4ter betrachtet werden, was mit der Anordnung neuer und noch h\u00e4rterer Strafen verbunden sei. Aktuell l\u00e4sst sich das iPhone im brasilianischen Apple Store noch bestellen. Es bleibt abzuwarten, ob Apple damit die Entscheidung ignoriert oder den Lieferumfang bis zu einer Kl\u00e4rung jeweils um ein Ladeger\u00e4t erweitert.<img loading=\"lazy\" decoding=\"async\" src=\"https:\/\/vg05.met.vgwort.de\/na\/eb4584528ae84272afb1bb66ca1bed5d\" width=\"1\" height=\"1\" no-lazy class=\"tracking\"><\/p>\n","protected":false},"excerpt":{"rendered":"<a href=\"https:\/\/www.iphone-ticker.de\/apple-darf-das-iphone-in-brasilien-nicht-mehr-ohne-ladegeraet-verkaufen-197851\/\"><img width=\"150\" height=\"150\" src=\"https:\/\/images.iphone-ticker.de\/wp-content\/uploads\/2022\/09\/iphone-12-mini-feature-150x150.jpg\" class=\"alignright tfe wp-post-image\" alt=\"Iphone 12 Mini Feature\" decoding=\"async\" loading=\"lazy\" \/><\/a><p>Apple muss den Verkauf seiner aktuellen iPhone-Modelle in Brasilien stoppen. Das Justizministerium des Landes hat eine Geldstrafe von umgerechnet knapp 2,4 Millionen Euro gegen das Unternehmen verh\u00e4ngt und zudem die Auflage erteilt, den Verkauf aller iPhone-Modelle ohne Ladeger\u00e4t auszusetzen. Die im Amtsblatt des Landes ver\u00f6ffentlichte Entscheidung wird damit begr\u00fcndet, dass mit dem Ladeger\u00e4t ein wesentlicher [&hellip;]<\/p>\n","protected":false},"author":2,"featured_media":197855,"comment_status":"open","ping_status":"closed","sticky":false,"template":"","format":"standard","meta":{"footnotes":""},"categories":[749],"tags":[274,344],"class_list":["post-197851","post","type-post","status-publish","format-standard","has-post-thumbnail","hentry","category-iphone-2","tag-brasilien","tag-iphone"],"aioseo_notices":[],"subheadline":["Millionenstrafe und Markenl\u00f6schung angedroht"],"featured_image":["https:\/\/images.iphone-ticker.de\/wp-content\/uploads\/2022\/09\/iphone-12-mini-feature.jpg"],"rest_api_enabler":{"subheadline":"Millionenstrafe und Markenl\u00f6schung angedroht","featured_image":"https:\/\/images.iphone-ticker.de\/wp-content\/uploads\/2022\/09\/iphone-12-mini-feature.jpg"},"_links":{"self":[{"href":"https:\/\/www.iphone-ticker.de\/apiv2\/wp\/v2\/posts\/197851","targetHints":{"allow":["GET"]}}],"collection":[{"href":"https:\/\/www.iphone-ticker.de\/apiv2\/wp\/v2\/posts"}],"about":[{"href":"https:\/\/www.iphone-ticker.de\/apiv2\/wp\/v2\/types\/post"}],"author":[{"embeddable":true,"href":"https:\/\/www.iphone-ticker.de\/apiv2\/wp\/v2\/users\/2"}],"replies":[{"embeddable":true,"href":"https:\/\/www.iphone-ticker.de\/apiv2\/wp\/v2\/comments?post=197851"}],"version-history":[{"count":10,"href":"https:\/\/www.iphone-ticker.de\/apiv2\/wp\/v2\/posts\/197851\/revisions"}],"predecessor-version":[{"id":197869,"href":"https:\/\/www.iphone-ticker.de\/apiv2\/wp\/v2\/posts\/197851\/revisions\/197869"}],"wp:featuredmedia":[{"embeddable":true,"href":"https:\/\/www.iphone-ticker.de\/apiv2\/wp\/v2\/media\/197855"}],"wp:attachment":[{"href":"https:\/\/www.iphone-ticker.de\/apiv2\/wp\/v2\/media?parent=197851"}],"wp:term":[{"taxonomy":"category","embeddable":true,"href":"https:\/\/www.iphone-ticker.de\/apiv2\/wp\/v2\/categories?post=197851"},{"taxonomy":"post_tag","embeddable":true,"href":"https:\/\/www.iphone-ticker.de\/apiv2\/wp\/v2\/tags?post=197851"}],"curies":[{"name":"wp","href":"https:\/\/api.w.org\/{rel}","templated":true}]}}