{"id":197371,"date":"2022-08-31T11:58:56","date_gmt":"2022-08-31T09:58:56","guid":{"rendered":"https:\/\/www.iphone-ticker.de\/?p=197371"},"modified":"2022-08-31T12:03:34","modified_gmt":"2022-08-31T10:03:34","slug":"so-in-etwa-die-herbstfarben-des-iphone-14","status":"publish","type":"post","link":"https:\/\/www.iphone-ticker.de\/so-in-etwa-die-herbstfarben-des-iphone-14-197371\/","title":{"rendered":"So in etwa: Die Herbstfarben des iPhone 14"},"content":{"rendered":"<p>Heute in einer Woche wird Apple das iPhone 14 und das iPhone 14 Pro pr\u00e4sentieren und dann auch das Geheimnis um die neuen Farben der diesj\u00e4hrigen Ger\u00e4te-Generation l\u00fcften.<\/p>\n<h2>iPhone 13 Pro in 5 Farben<\/h2>\n<p>Diese k\u00f6nnten, verglichen mit dem zur\u00fcckliegenden Jahr, nicht nur etwas frischer, sondern auch etwas satter als noch 2021 ausfallen. Zur Erinnerung: Das iPhone 13 Pro wurde in den Farbvarianten Silber, Gold, Graphit und Sierrablau in den Markt eingef\u00fchrt. Im M\u00e4rz dieses Jahres erweiterte Apple die Ger\u00e4tefamilie dann um die Zusatzfarbe Alpingr\u00fcn.<\/p>\n<p><a href=\"https:\/\/images.iphone-ticker.de\/wp-content\/uploads\/2022\/08\/iphone-13-pro-max-finish-unselect-gallery-1-202207_GEO_EMEA-scaled.jpg\"><img loading=\"lazy\" decoding=\"async\" class=\"aligncenter size-large wp-image-197373\" src=\"https:\/\/images.iphone-ticker.de\/wp-content\/uploads\/2022\/08\/iphone-13-pro-max-finish-unselect-gallery-1-202207_GEO_EMEA-700x503.jpg\" alt=\"Iphone 13 Pro Max Finish Unselect Gallery 1 202207 GEO EMEA\" width=\"700\" height=\"503\" srcset=\"https:\/\/images.iphone-ticker.de\/wp-content\/uploads\/2022\/08\/iphone-13-pro-max-finish-unselect-gallery-1-202207_GEO_EMEA-700x503.jpg 700w, https:\/\/images.iphone-ticker.de\/wp-content\/uploads\/2022\/08\/iphone-13-pro-max-finish-unselect-gallery-1-202207_GEO_EMEA-500x359.jpg 500w, https:\/\/images.iphone-ticker.de\/wp-content\/uploads\/2022\/08\/iphone-13-pro-max-finish-unselect-gallery-1-202207_GEO_EMEA-1536x1103.jpg 1536w, https:\/\/images.iphone-ticker.de\/wp-content\/uploads\/2022\/08\/iphone-13-pro-max-finish-unselect-gallery-1-202207_GEO_EMEA-2048x1471.jpg 2048w\" sizes=\"auto, (max-width: 700px) 100vw, 700px\" \/><\/a><\/p>\n<h2>iPhone 13 in 6 Farben<\/h2>\n<p>Noch etwas gr\u00f6\u00dfer war und ist die Farbauswahl beim regul\u00e4ren iPhone 13. Dieses ist seit dem vergangenen Herbst in den Farbvariationen Ros\u00e9, Blau, Mitternacht, Polarstern, Gr\u00fcnd und Rot verf\u00fcgbar.<\/p>\n<p><a href=\"https:\/\/images.iphone-ticker.de\/wp-content\/uploads\/2022\/08\/iphone-13-max-finish-unselect-gallery-1-202207_GEO_EMEA-scaled.jpg\"><img loading=\"lazy\" decoding=\"async\" class=\"aligncenter size-large wp-image-197374\" src=\"https:\/\/images.iphone-ticker.de\/wp-content\/uploads\/2022\/08\/iphone-13-max-finish-unselect-gallery-1-202207_GEO_EMEA-700x503.jpg\" alt=\"Iphone 13 Max Finish Unselect Gallery 1 202207 GEO EMEA\" width=\"700\" height=\"503\" srcset=\"https:\/\/images.iphone-ticker.de\/wp-content\/uploads\/2022\/08\/iphone-13-max-finish-unselect-gallery-1-202207_GEO_EMEA-700x503.jpg 700w, https:\/\/images.iphone-ticker.de\/wp-content\/uploads\/2022\/08\/iphone-13-max-finish-unselect-gallery-1-202207_GEO_EMEA-500x359.jpg 500w, https:\/\/images.iphone-ticker.de\/wp-content\/uploads\/2022\/08\/iphone-13-max-finish-unselect-gallery-1-202207_GEO_EMEA-1536x1103.jpg 1536w, https:\/\/images.iphone-ticker.de\/wp-content\/uploads\/2022\/08\/iphone-13-max-finish-unselect-gallery-1-202207_GEO_EMEA-2048x1471.jpg 2048w\" sizes=\"auto, (max-width: 700px) 100vw, 700px\" \/><\/a><\/p>\n<h2>iPhone 14 mit Violett und Marineblau<\/h2>\n<p>Was das iPhone 14 Pro angeht, k\u00f6nnte Apples neuestes iPhone in diesem Jahr erstmals auf Violett und Marineblau setzen. Entsprechende Ger\u00fcchte halten sich seit dem <a href=\"https:\/\/www.iphone-ticker.de\/iphone-14-pro-violett-und-marineblau-sollen-alpingruen-und-sierra-ersetzen-197038\/\">Auftauchen erster Videos<\/a> und vermeintlich authentischer Schnappsch\u00fcsse auf dem chinesischen Kurznachrichten-Portal Weibo.<\/p>\n<p><a href=\"https:\/\/images.iphone-ticker.de\/wp-content\/uploads\/2022\/08\/iphone-14-small.jpg\"><img loading=\"lazy\" decoding=\"async\" class=\"aligncenter size-large wp-image-197375\" src=\"https:\/\/images.iphone-ticker.de\/wp-content\/uploads\/2022\/08\/iphone-14-small-700x467.jpg\" alt=\"Iphone 14 Small\" width=\"700\" height=\"467\" srcset=\"https:\/\/images.iphone-ticker.de\/wp-content\/uploads\/2022\/08\/iphone-14-small-700x467.jpg 700w, https:\/\/images.iphone-ticker.de\/wp-content\/uploads\/2022\/08\/iphone-14-small-500x333.jpg 500w, https:\/\/images.iphone-ticker.de\/wp-content\/uploads\/2022\/08\/iphone-14-small-1536x1024.jpg 1536w, https:\/\/images.iphone-ticker.de\/wp-content\/uploads\/2022\/08\/iphone-14-small.jpg 1800w\" sizes=\"auto, (max-width: 700px) 100vw, 700px\" \/><\/a><\/p>\n<p>Sollten die Informationen zutreffen, wird auch das iPhone 14 Pro in den Farbt\u00f6nen Silber, Gold, Graphit angeboten werden. Violett und Marineblau sollen das Portfolio dann als zus\u00e4tzliche Varianten erg\u00e4nzen.<\/p>\n<p>Wie Apples Farbpalette dann ab dem \u00fcbern\u00e4chsten Freitag, zum voraussichtlichen Start der iPhone-Vorbestellungen aussehen k\u00f6nnte, zeigt der Grafikdesigner <a href=\"https:\/\/twitter.com\/ianzelbo\/status\/1564694495740002305\/photo\/1\">Ian Zelbo<\/a> auf der Kurznachrichtenplattform Twitter.<\/p>\n<p><a href=\"https:\/\/images.iphone-ticker.de\/wp-content\/uploads\/2022\/08\/iphone-14-pro.jpg\"><img loading=\"lazy\" decoding=\"async\" class=\"aligncenter size-large wp-image-197376\" src=\"https:\/\/images.iphone-ticker.de\/wp-content\/uploads\/2022\/08\/iphone-14-pro-700x477.jpg\" alt=\"Iphone 14 Pro\" width=\"700\" height=\"477\" srcset=\"https:\/\/images.iphone-ticker.de\/wp-content\/uploads\/2022\/08\/iphone-14-pro-700x477.jpg 700w, https:\/\/images.iphone-ticker.de\/wp-content\/uploads\/2022\/08\/iphone-14-pro-500x341.jpg 500w, https:\/\/images.iphone-ticker.de\/wp-content\/uploads\/2022\/08\/iphone-14-pro-1536x1047.jpg 1536w, https:\/\/images.iphone-ticker.de\/wp-content\/uploads\/2022\/08\/iphone-14-pro-2048x1396.jpg 2048w\" sizes=\"auto, (max-width: 700px) 100vw, 700px\" \/><\/a><\/p>\n<p>Dort hat Zelbo zwei Illustrationen ver\u00f6ffentlicht, die die m\u00f6gliche Auswahl bereits sieben Tage vor Apples &#8222;Far out&#8220;-Veranstaltung zeigen, der ihr am kommenden Mittwoch, den 7. September um 19 Uhr deutscher Zeit im Livestream beiwohnen k\u00f6nnt.<\/p>\n<p>Apple wird die iPhone 14-Vorstellung sowohl <a href=\"https:\/\/www.youtube.com\/watch?v=ux6zXguiqxM\">auf YouTube<\/a> als auch auf <a href=\"https:\/\/www.apple.com\/apple-events\/\">apple.com\/events<\/a> \u00fcbertragen.<\/p>\n<p><img loading=\"lazy\" decoding=\"async\" src=\"https:\/\/vg07.met.vgwort.de\/na\/2cf40fccb8b94d468ae6cbf2f6d6cee6\" width=\"1\" height=\"1\" no-lazy class=\"tracking\"><\/p>\n","protected":false},"excerpt":{"rendered":"<a href=\"https:\/\/www.iphone-ticker.de\/so-in-etwa-die-herbstfarben-des-iphone-14-197371\/\"><img width=\"150\" height=\"150\" src=\"https:\/\/images.iphone-ticker.de\/wp-content\/uploads\/2022\/08\/iphone-14-pro-150x150.jpg\" class=\"alignright tfe wp-post-image\" alt=\"Iphone 14 Pro\" decoding=\"async\" loading=\"lazy\" \/><\/a><p>Heute in einer Woche wird Apple das iPhone 14 und das iPhone 14 Pro pr\u00e4sentieren und dann auch das Geheimnis um die neuen Farben der diesj\u00e4hrigen Ger\u00e4te-Generation l\u00fcften. iPhone 13 Pro in 5 Farben Diese k\u00f6nnten, verglichen mit dem zur\u00fcckliegenden Jahr, nicht nur etwas frischer, sondern auch etwas satter als noch 2021 ausfallen. Zur Erinnerung: [&hellip;]<\/p>\n","protected":false},"author":1,"featured_media":197376,"comment_status":"open","ping_status":"closed","sticky":false,"template":"","format":"standard","meta":{"footnotes":""},"categories":[1],"tags":[1710,2064,5781,3910],"class_list":["post-197371","post","type-post","status-publish","format-standard","has-post-thumbnail","hentry","category-news","tag-farben","tag-geruechte","tag-iphone-14","tag-rumors"],"aioseo_notices":[],"featured_image":["https:\/\/images.iphone-ticker.de\/wp-content\/uploads\/2022\/08\/iphone-14-farben-fix.jpg"],"subheadline":["Mit Violett und Marineblau"],"rest_api_enabler":{"featured_image":"https:\/\/images.iphone-ticker.de\/wp-content\/uploads\/2022\/08\/iphone-14-farben-fix.jpg","subheadline":"Mit Violett und Marineblau"},"_links":{"self":[{"href":"https:\/\/www.iphone-ticker.de\/apiv2\/wp\/v2\/posts\/197371","targetHints":{"allow":["GET"]}}],"collection":[{"href":"https:\/\/www.iphone-ticker.de\/apiv2\/wp\/v2\/posts"}],"about":[{"href":"https:\/\/www.iphone-ticker.de\/apiv2\/wp\/v2\/types\/post"}],"author":[{"embeddable":true,"href":"https:\/\/www.iphone-ticker.de\/apiv2\/wp\/v2\/users\/1"}],"replies":[{"embeddable":true,"href":"https:\/\/www.iphone-ticker.de\/apiv2\/wp\/v2\/comments?post=197371"}],"version-history":[{"count":3,"href":"https:\/\/www.iphone-ticker.de\/apiv2\/wp\/v2\/posts\/197371\/revisions"}],"predecessor-version":[{"id":197383,"href":"https:\/\/www.iphone-ticker.de\/apiv2\/wp\/v2\/posts\/197371\/revisions\/197383"}],"wp:featuredmedia":[{"embeddable":true,"href":"https:\/\/www.iphone-ticker.de\/apiv2\/wp\/v2\/media\/197376"}],"wp:attachment":[{"href":"https:\/\/www.iphone-ticker.de\/apiv2\/wp\/v2\/media?parent=197371"}],"wp:term":[{"taxonomy":"category","embeddable":true,"href":"https:\/\/www.iphone-ticker.de\/apiv2\/wp\/v2\/categories?post=197371"},{"taxonomy":"post_tag","embeddable":true,"href":"https:\/\/www.iphone-ticker.de\/apiv2\/wp\/v2\/tags?post=197371"}],"curies":[{"name":"wp","href":"https:\/\/api.w.org\/{rel}","templated":true}]}}