{"id":194121,"date":"2022-07-08T07:32:38","date_gmt":"2022-07-08T05:32:38","guid":{"rendered":"https:\/\/www.iphone-ticker.de\/?p=194121"},"modified":"2022-07-08T07:32:38","modified_gmt":"2022-07-08T05:32:38","slug":"ios-16-optimiert-hintergruende-und-bringt-den-clownfisch-zurueck","status":"publish","type":"post","link":"https:\/\/www.iphone-ticker.de\/ios-16-optimiert-hintergruende-und-bringt-den-clownfisch-zurueck-194121\/","title":{"rendered":"iOS 16 optimiert Hintergr\u00fcnde und bringt den Clownfisch zur\u00fcck"},"content":{"rendered":"<p>Die j\u00fcngste Vorabversion des n\u00e4chsten iPhone-Betriebssystems bringt eine \u00dcberraschung in der Auswahl der verf\u00fcgbaren Hintergrundbilder: 15 Jahre nach dem Verkaufsstart des allerersten iPhones hat Apple das damals voreingestellte Standard-Hintergrundbild neu aufgelegt.<\/p>\n<blockquote class=\"twitter-tweet\">\n<p dir=\"ltr\" lang=\"en\">Has anyone else noticed this in iOS 16 Beta 3? <a href=\"https:\/\/t.co\/ywiC0MsfJr\">pic.twitter.com\/ywiC0MsfJr<\/a><\/p>\n<p>\u2014 Jack Roberts (@jacklroberts) <a href=\"https:\/\/twitter.com\/jacklroberts\/status\/1544740154191101955?ref_src=twsrc%5Etfw\">July 6, 2022<\/a><\/p><\/blockquote>\n<p><script async src=\"https:\/\/platform.twitter.com\/widgets.js\" charset=\"utf-8\"><\/script><\/p>\n<p>Wie aktive Betatester berichten, enth\u00e4lt iOS 16 in der seit vorgestern verf\u00fcgbaren Beta 3 nun eine hochaufl\u00f6sende Ausgabe der Clownfisch-Hintergrundgrafik, die in den Einstellungen des iPhone-Betriebssystems angeboten wird.<\/p>\n<p>Allerdings taucht der bekannte Clownfisch nicht auf allen Ger\u00e4te-Modellen auf, sondern scheint auf die j\u00fcngsten iPhone-Generationen beschr\u00e4nkt zu sein.<\/p>\n<h2>Homescreens mit vielen Detail-Verbesserungen<\/h2>\n<p>\u00dcberhaupt hat die dritte Vorabversion von iOS 16 mehrere Eingriffe im Bereich der Hintergrundgestaltung vorgenommen und scheint der g\u00e4nzlich neuen Homescreen-Konfiguration in dieser Runde der Betaphase eine besondere Aufmerksamkeit zukommen lassen.<\/p>\n<p><a href=\"https:\/\/images.iphone-ticker.de\/wp-content\/uploads\/2022\/07\/ios-16-mond.jpg\"><img loading=\"lazy\" decoding=\"async\" class=\"aligncenter size-large wp-image-194125\" src=\"https:\/\/images.iphone-ticker.de\/wp-content\/uploads\/2022\/07\/ios-16-mond-700x689.jpg\" alt=\"Ios 16 Mond\" width=\"700\" height=\"689\" srcset=\"https:\/\/images.iphone-ticker.de\/wp-content\/uploads\/2022\/07\/ios-16-mond-700x689.jpg 700w, https:\/\/images.iphone-ticker.de\/wp-content\/uploads\/2022\/07\/ios-16-mond-500x492.jpg 500w, https:\/\/images.iphone-ticker.de\/wp-content\/uploads\/2022\/07\/ios-16-mond.jpg 1500w\" sizes=\"auto, (max-width: 700px) 100vw, 700px\" \/><\/a><\/p>\n<p>W\u00e4hlt man im Bereich Astronomie etwa die Erdansicht aus, blockieren die Widgets nicht mehr den Blick auf den blauen Planeten, sondern versetzen diesen leicht nach unten und r\u00e4umen damit einen Kritikpunkt von Beta 2 aus dem Weg.<\/p>\n<p>Auch die Auswahl der zur Homescreen-Gestaltung verf\u00fcgbaren Schriftarten wurde erweitert und baut die Auswahl der insgesamt verf\u00fcgbaren Schriften, die zur Individualisierung des Sperrbildschirms zur Verf\u00fcgung stehen, um zwei neue Kandidaten aus.<\/p>\n<p><a href=\"https:\/\/images.iphone-ticker.de\/wp-content\/uploads\/2022\/07\/ios-16-schriften.jpg\"><img loading=\"lazy\" decoding=\"async\" class=\"aligncenter size-large wp-image-194123\" src=\"https:\/\/images.iphone-ticker.de\/wp-content\/uploads\/2022\/07\/ios-16-schriften-700x689.jpg\" alt=\"Ios 16 Schriften\" width=\"700\" height=\"689\" srcset=\"https:\/\/images.iphone-ticker.de\/wp-content\/uploads\/2022\/07\/ios-16-schriften-700x689.jpg 700w, https:\/\/images.iphone-ticker.de\/wp-content\/uploads\/2022\/07\/ios-16-schriften-500x492.jpg 500w, https:\/\/images.iphone-ticker.de\/wp-content\/uploads\/2022\/07\/ios-16-schriften.jpg 1500w\" sizes=\"auto, (max-width: 700px) 100vw, 700px\" \/><\/a><\/p>\n<h2>Privates wird ausgeblendet<\/h2>\n<p>Wer Widgets mit Kalendereintr\u00e4gen auf seinem Homebildschirm positioniert kann sich in Beta 3 nun dar\u00fcber freuen, dass diese so lang verdeckt werden, bis die Identifikation des Anwenders \u00fcber das Face-ID-Modul abgeschlossen ist. Erst wenn das Gesicht erkannt wurde, werden die Kalender-Eintr\u00e4ge im Widget wieder lesbar dargestellt.<\/p>\n<p><a href=\"https:\/\/images.iphone-ticker.de\/wp-content\/uploads\/2022\/07\/ios-16-privat.jpg\"><img loading=\"lazy\" decoding=\"async\" class=\"aligncenter size-large wp-image-194124\" src=\"https:\/\/images.iphone-ticker.de\/wp-content\/uploads\/2022\/07\/ios-16-privat-700x689.jpg\" alt=\"Ios 16 Privat\" width=\"700\" height=\"689\" srcset=\"https:\/\/images.iphone-ticker.de\/wp-content\/uploads\/2022\/07\/ios-16-privat-700x689.jpg 700w, https:\/\/images.iphone-ticker.de\/wp-content\/uploads\/2022\/07\/ios-16-privat-500x492.jpg 500w, https:\/\/images.iphone-ticker.de\/wp-content\/uploads\/2022\/07\/ios-16-privat.jpg 1500w\" sizes=\"auto, (max-width: 700px) 100vw, 700px\" \/><\/a><\/p>\n<p><img loading=\"lazy\" decoding=\"async\" src=\"https:\/\/vg02.met.vgwort.de\/na\/d5adee14b5254087804061007ad92fbb\" width=\"1\" height=\"1\" no-lazy class=\"tracking\"><\/p>\n","protected":false},"excerpt":{"rendered":"<a href=\"https:\/\/www.iphone-ticker.de\/ios-16-optimiert-hintergruende-und-bringt-den-clownfisch-zurueck-194121\/\"><img width=\"150\" height=\"150\" src=\"https:\/\/images.iphone-ticker.de\/wp-content\/uploads\/2022\/07\/hintergrund-kalender-ios16-150x150.jpg\" class=\"alignright tfe wp-post-image\" alt=\"Hintergrund Kalender Ios16\" decoding=\"async\" loading=\"lazy\" \/><\/a><p>Die j\u00fcngste Vorabversion des n\u00e4chsten iPhone-Betriebssystems bringt eine \u00dcberraschung in der Auswahl der verf\u00fcgbaren Hintergrundbilder: 15 Jahre nach dem Verkaufsstart des allerersten iPhones hat Apple das damals voreingestellte Standard-Hintergrundbild neu aufgelegt. Has anyone else noticed this in iOS 16 Beta 3? pic.twitter.com\/ywiC0MsfJr \u2014 Jack Roberts (@jacklroberts) July 6, 2022 Wie aktive Betatester berichten, enth\u00e4lt iOS [&hellip;]<\/p>\n","protected":false},"author":1,"featured_media":194126,"comment_status":"open","ping_status":"closed","sticky":false,"template":"","format":"standard","meta":{"footnotes":""},"categories":[1],"tags":[78,6032,6087,69],"class_list":["post-194121","post","type-post","status-publish","format-standard","has-post-thumbnail","hentry","category-news","tag-design","tag-ios-16","tag-neu-in-ios-16","tag-wallpaper"],"aioseo_notices":[],"subheadline":["Privates wird ausgeblendet","Privates wird ausgeblendet"],"featured_image":["https:\/\/images.iphone-ticker.de\/wp-content\/uploads\/2022\/07\/hintergrund-kalender-ios16.jpg"],"rest_api_enabler":{"subheadline":["Privates wird ausgeblendet","Privates wird ausgeblendet"],"featured_image":"https:\/\/images.iphone-ticker.de\/wp-content\/uploads\/2022\/07\/hintergrund-kalender-ios16.jpg"},"_links":{"self":[{"href":"https:\/\/www.iphone-ticker.de\/apiv2\/wp\/v2\/posts\/194121","targetHints":{"allow":["GET"]}}],"collection":[{"href":"https:\/\/www.iphone-ticker.de\/apiv2\/wp\/v2\/posts"}],"about":[{"href":"https:\/\/www.iphone-ticker.de\/apiv2\/wp\/v2\/types\/post"}],"author":[{"embeddable":true,"href":"https:\/\/www.iphone-ticker.de\/apiv2\/wp\/v2\/users\/1"}],"replies":[{"embeddable":true,"href":"https:\/\/www.iphone-ticker.de\/apiv2\/wp\/v2\/comments?post=194121"}],"version-history":[{"count":2,"href":"https:\/\/www.iphone-ticker.de\/apiv2\/wp\/v2\/posts\/194121\/revisions"}],"predecessor-version":[{"id":194127,"href":"https:\/\/www.iphone-ticker.de\/apiv2\/wp\/v2\/posts\/194121\/revisions\/194127"}],"wp:featuredmedia":[{"embeddable":true,"href":"https:\/\/www.iphone-ticker.de\/apiv2\/wp\/v2\/media\/194126"}],"wp:attachment":[{"href":"https:\/\/www.iphone-ticker.de\/apiv2\/wp\/v2\/media?parent=194121"}],"wp:term":[{"taxonomy":"category","embeddable":true,"href":"https:\/\/www.iphone-ticker.de\/apiv2\/wp\/v2\/categories?post=194121"},{"taxonomy":"post_tag","embeddable":true,"href":"https:\/\/www.iphone-ticker.de\/apiv2\/wp\/v2\/tags?post=194121"}],"curies":[{"name":"wp","href":"https:\/\/api.w.org\/{rel}","templated":true}]}}