{"id":193675,"date":"2022-06-30T06:42:31","date_gmt":"2022-06-30T04:42:31","guid":{"rendered":"https:\/\/www.iphone-ticker.de\/?p=193675"},"modified":"2022-06-30T06:42:31","modified_gmt":"2022-06-30T04:42:31","slug":"letzte-funktionserweiterungen-fuer-die-corona-warn-app","status":"publish","type":"post","link":"https:\/\/www.iphone-ticker.de\/letzte-funktionserweiterungen-fuer-die-corona-warn-app-193675\/","title":{"rendered":"Letzte Funktionserweiterungen f\u00fcr die Corona-Warn-App"},"content":{"rendered":"<p>Mit der <a href=\"https:\/\/www.iphone-ticker.de\/corona-warn-app-letzte-verlaengerung-bis-ende-mai-2023-193407\/\">k\u00fcrzlich beschlossenen Einstellung<\/a> der offiziellen Corona-Warn-App der Bundesregierung im kommenden Fr\u00fchjahr, sind die Tage des Downloads zur Kontakterfassung bereits gez\u00e4hlt. Letztmalig bis Mai 2023 wurden die Arbeiten an dem Download von Bundesgesundheitsminister Prof. Dr. Karl Lauterbach verl\u00e4ngert, danach soll das bislang gut 150 Millionen Euro teure Digitalprojekt auf Eis gelegt werden.<\/p>\n<p><a href=\"https:\/\/images.iphone-ticker.de\/wp-content\/uploads\/2022\/06\/export-funktion-1400.jpg\"><img loading=\"lazy\" decoding=\"async\" class=\"aligncenter size-medium wp-image-193676\" src=\"https:\/\/images.iphone-ticker.de\/wp-content\/uploads\/2022\/06\/export-funktion-1400-500x472.jpg\" alt=\"Export Funktion 1400\" width=\"500\" height=\"472\" srcset=\"https:\/\/images.iphone-ticker.de\/wp-content\/uploads\/2022\/06\/export-funktion-1400-500x472.jpg 500w, https:\/\/images.iphone-ticker.de\/wp-content\/uploads\/2022\/06\/export-funktion-1400-700x661.jpg 700w, https:\/\/images.iphone-ticker.de\/wp-content\/uploads\/2022\/06\/export-funktion-1400.jpg 1400w\" sizes=\"auto, (max-width: 500px) 100vw, 500px\" \/><\/a><\/p>\n<h2>PDF-Export f\u00fcr Zertifikate<\/h2>\n<p>Ganz abgeschrieben hat man die Corona-Warn-App jedoch noch nicht. So haben die Projektverantwortlichen Entwickler von SAP, Deutscher Telekom und Robert Koch-Institut jetzt die Aktualisierung auf Version 2.24 zum Download bereitgestellt. Diese r\u00fcstet eine \u00fcberf\u00e4llige Funktion nach: Das j\u00fcngste Update sorgt daf\u00fcr, dass sich zur App hinzugef\u00fcgte Impfzertifikate nun auch wieder aus dieser exportieren lassen.<\/p>\n<p>Mit wenigen Display-Ber\u00fchrungen lassen sich so PDF-Dokumente erstellen, die den digitalen COVID-Zertifikaten der EU gleichen, die auch in Impfzentren ausgegeben wurden. Die App wendet den Exportvorgang dabei auf alle abgelegten Zertifikate an und erstellt ein farbiges PDF, das vom Original nicht zu unterscheiden ist. Die neue Export-Funktion erweitert die bereits bislang verf\u00fcgbare Druck-Funktion, mit der immer nur ein Zertifikat exportiert werden konnte.<\/p>\n<p><a href=\"https:\/\/images.iphone-ticker.de\/wp-content\/uploads\/2022\/06\/export-lg.jpg\"><img loading=\"lazy\" decoding=\"async\" class=\"aligncenter size-large wp-image-193677\" src=\"https:\/\/images.iphone-ticker.de\/wp-content\/uploads\/2022\/06\/export-lg-700x584.jpg\" alt=\"Export Lg\" width=\"700\" height=\"584\" srcset=\"https:\/\/images.iphone-ticker.de\/wp-content\/uploads\/2022\/06\/export-lg-700x584.jpg 700w, https:\/\/images.iphone-ticker.de\/wp-content\/uploads\/2022\/06\/export-lg-500x417.jpg 500w, https:\/\/images.iphone-ticker.de\/wp-content\/uploads\/2022\/06\/export-lg.jpg 960w\" sizes=\"auto, (max-width: 700px) 100vw, 700px\" \/><\/a><\/p>\n<h2>Auf sensible Daten achten<\/h2>\n<p>Die Projektverantwortlichen machen sowohl <a href=\"https:\/\/www.coronawarn.app\/de\/blog\/2022-06-29-cwa-2-24\/\">in ihrem Blogeintrag<\/a> zur neuen Funktion als auch im Info-Bildschirm des Export-Vorgangs darauf aufmerksam, dass das mit Hilfe der Export-Funktion erstellte PDF sensible Daten enth\u00e4lt und nicht zur Weitergabe gedacht sei. Entsprechend sollte der Export nicht an andere Apps \u00fcbergeben werden.<\/p>\n<p>Die neue Version der Corona-Warn-App steht ab sofort im App Store zum Download zur Verf\u00fcgung, Android-Nutzer erhalten die Aktualisierung innerhalb der n\u00e4chsten 48 Stunden.<\/p>\n<!-- WP-Appbox (Version: 4.5.9 \/\/ Store: appstore \/\/ ID: 1512595757) -->\t<!-- app-link -->\n\t<div id=\"article-single-app-preview\">\n\t\t<div id=\"article-single-app-preview-header\">\n\t\t\t<span class=\"title\">Laden im App Store<\/span>\n\t\t<\/div>\n\t\t<div id=\"article-single-app-preview-content\">\n\t\t\t<div id=\"article-single-app-preview-img\"><img loading=\"lazy\" decoding=\"async\" src=\"\/\/www.iphone-ticker.de\/wp-content\/cache\/wp-appbox\/2ee7a8a23ffa92cdd5f82b5e48b39439-deprecated\/ai-afaa75f10d9add4c57ee356cdf13391d\" alt=\"Unbekannte App\"  height=\"72\" width=\"72\" class=\"asl-icon-img\" \/><\/div>\n\t\t\t<div id=\"article-single-app-preview-desc\">\n\t\t\t\t<span class=\"name\">Unbekannte App<\/span><br \/>\n\t\t\t\t<span class=\"seller\">Entwickler: Unbekannt<\/span>\n\t\t\t<\/div>\n\t\t\t<a target=\"_blank\" rel=\"nofollow\" href=\"https:\/\/apps.apple.com\/cn\/iphone\/today\"><div id=\"article-single-app-preview-download\">Preis: Kostenlos<br \/>\n\t\t\t<span class=\"size\">Laden<\/span><\/div><\/a>\n\t\t<\/div>\n\t\t<!-- <div id=\"article-single-app-preview-footer\"><\/div>\t-->\n\t<\/div>\n\t<!-- app-link\/ende --><!-- \/WP-Appbox -->\n<p><img loading=\"lazy\" decoding=\"async\" src=\"https:\/\/vg02.met.vgwort.de\/na\/31aeee7128d746bf88b490f5359eb735\" width=\"1\" height=\"1\" no-lazy class=\"tracking\"><\/p>\n","protected":false},"excerpt":{"rendered":"<a href=\"https:\/\/www.iphone-ticker.de\/letzte-funktionserweiterungen-fuer-die-corona-warn-app-193675\/\"><img width=\"150\" height=\"150\" src=\"https:\/\/images.iphone-ticker.de\/wp-content\/uploads\/2022\/06\/export-corona-feature-150x150.jpg\" class=\"alignright tfe wp-post-image\" alt=\"Export Corona Feature\" decoding=\"async\" loading=\"lazy\" \/><\/a><p>Mit der k\u00fcrzlich beschlossenen Einstellung der offiziellen Corona-Warn-App der Bundesregierung im kommenden Fr\u00fchjahr, sind die Tage des Downloads zur Kontakterfassung bereits gez\u00e4hlt. Letztmalig bis Mai 2023 wurden die Arbeiten an dem Download von Bundesgesundheitsminister Prof. Dr. Karl Lauterbach verl\u00e4ngert, danach soll das bislang gut 150 Millionen Euro teure Digitalprojekt auf Eis gelegt werden. PDF-Export f\u00fcr [&hellip;]<\/p>\n","protected":false},"author":1,"featured_media":193678,"comment_status":"open","ping_status":"closed","sticky":false,"template":"","format":"standard","meta":{"footnotes":""},"categories":[1],"tags":[6110,5182,1976,394],"class_list":["post-193675","post","type-post","status-publish","format-standard","has-post-thumbnail","hentry","category-news","tag-apps-update","tag-corona-warn-app","tag-export","tag-gesundheit"],"aioseo_notices":[],"subheadline":["PDF-Export f\u00fcr Zertifikate"],"featured_image":["https:\/\/images.iphone-ticker.de\/wp-content\/uploads\/2022\/06\/export-corona-feature.jpg"],"rest_api_enabler":{"subheadline":"PDF-Export f\u00fcr Zertifikate","featured_image":"https:\/\/images.iphone-ticker.de\/wp-content\/uploads\/2022\/06\/export-corona-feature.jpg"},"_links":{"self":[{"href":"https:\/\/www.iphone-ticker.de\/apiv2\/wp\/v2\/posts\/193675","targetHints":{"allow":["GET"]}}],"collection":[{"href":"https:\/\/www.iphone-ticker.de\/apiv2\/wp\/v2\/posts"}],"about":[{"href":"https:\/\/www.iphone-ticker.de\/apiv2\/wp\/v2\/types\/post"}],"author":[{"embeddable":true,"href":"https:\/\/www.iphone-ticker.de\/apiv2\/wp\/v2\/users\/1"}],"replies":[{"embeddable":true,"href":"https:\/\/www.iphone-ticker.de\/apiv2\/wp\/v2\/comments?post=193675"}],"version-history":[{"count":1,"href":"https:\/\/www.iphone-ticker.de\/apiv2\/wp\/v2\/posts\/193675\/revisions"}],"predecessor-version":[{"id":193679,"href":"https:\/\/www.iphone-ticker.de\/apiv2\/wp\/v2\/posts\/193675\/revisions\/193679"}],"wp:featuredmedia":[{"embeddable":true,"href":"https:\/\/www.iphone-ticker.de\/apiv2\/wp\/v2\/media\/193678"}],"wp:attachment":[{"href":"https:\/\/www.iphone-ticker.de\/apiv2\/wp\/v2\/media?parent=193675"}],"wp:term":[{"taxonomy":"category","embeddable":true,"href":"https:\/\/www.iphone-ticker.de\/apiv2\/wp\/v2\/categories?post=193675"},{"taxonomy":"post_tag","embeddable":true,"href":"https:\/\/www.iphone-ticker.de\/apiv2\/wp\/v2\/tags?post=193675"}],"curies":[{"name":"wp","href":"https:\/\/api.w.org\/{rel}","templated":true}]}}