{"id":190884,"date":"2022-05-16T07:06:11","date_gmt":"2022-05-16T05:06:11","guid":{"rendered":"https:\/\/www.iphone-ticker.de\/?p=190884"},"modified":"2022-05-16T07:07:57","modified_gmt":"2022-05-16T05:07:57","slug":"9-euro-ticket-ab-naechster-woche-auch-im-db-navigator","status":"publish","type":"post","link":"https:\/\/www.iphone-ticker.de\/9-euro-ticket-ab-naechster-woche-auch-im-db-navigator-190884\/","title":{"rendered":"9-Euro-Ticket ab n\u00e4chster Woche auch im DB Navigator"},"content":{"rendered":"<p>Das Neun-Euro-Ticket wird von kommender Woche an auch \u00fcber die Bahn erh\u00e4ltlich sein. Das Verkehrsunternehmen hat den Verkaufsstart f\u00fcr den 23. Mai angek\u00fcndigt. Der Vertrieb wird den Planungen zufolge nicht nur \u00fcber die klassischen Verkaufsstellen die Ticketschalter an Bahnh\u00f6fen, sondern zum Vorteil von Besitzern von Mobiltelefonen auch \u00fcber die Bahn-App <a href=\"https:\/\/apps.apple.com\/de\/app\/db-navigator\/id343555245\">DB Navigator<\/a> laufen.<\/p>\n<p>Bislang hatten ausschlie\u00dflich regionale Verkehrsbetriebe die Verf\u00fcgbarkeit <a href=\"https:\/\/www.iphone-ticker.de\/9-euro-ticket-demnaechst-auch-ueber-oepnv-apps-verfuegbar-190144\/\">angek\u00fcndigt<\/a>. Bei dem Ticket steht die F\u00f6rderung des Nah- und Regionalverkehrs im Vordergrund, allerdings erstreckt sich die pauschale G\u00fcltigkeit f\u00fcr diese Verkehrsmittel \u00fcber das gesamte Bundesgebiet. Die Regierung will damit einen Ausgleich f\u00fcr die drastisch gestiegenen Energiepreise schaffen.<\/p>\n<p><a href=\"https:\/\/images.iphone-ticker.de\/wp-content\/uploads\/2022\/05\/bahn-regio.jpg\"><img loading=\"lazy\" decoding=\"async\" src=\"https:\/\/images.iphone-ticker.de\/wp-content\/uploads\/2022\/05\/bahn-regio-700x467.jpg\" alt=\"Bahn Regio\" width=\"700\" height=\"467\" class=\"alignnone size-large wp-image-190886\" srcset=\"https:\/\/images.iphone-ticker.de\/wp-content\/uploads\/2022\/05\/bahn-regio-700x467.jpg 700w, https:\/\/images.iphone-ticker.de\/wp-content\/uploads\/2022\/05\/bahn-regio-500x333.jpg 500w, https:\/\/images.iphone-ticker.de\/wp-content\/uploads\/2022\/05\/bahn-regio.jpg 1400w\" sizes=\"auto, (max-width: 700px) 100vw, 700px\" \/><\/a><\/p>\n<h2>Bayern droht mit Blockade<\/h2>\n<p>Die auf die Monate Juni bis August befristete Preissenkung der Monatskarten f\u00fcr den Nah- und Regionalverkehr wird teilweise allerdings noch kontrovers diskutiert. So ist die Einf\u00fchrung zwar sehr wahrscheinlich, jedoch noch nicht in trockenen T\u00fcchern. In dieser Woche m\u00fcssen Bundestag und Bundesrat \u00fcber die Ma\u00dfnahme abstimmen, Bayern <a href=\"https:\/\/www.sueddeutsche.de\/bayern\/bayern-9-euro-ticket-bundesrat-blockade-1.5584805\">droht<\/a> in diesem Zusammenhang mit einer Blockade. Der bayerische Verkehrsminister hat die Ma\u00dfnahme als \u201eStrohfeuer\u201c bezeichnet und fordert stattdessen eine dauerhafte St\u00e4rkung des \u00f6ffentlichen Nahverkehrs aus Bundesmitteln. Nicht nur die anfallenden Kosten auf L\u00e4nderseite sorgen f\u00fcr Kritik, auch Bahn-Konkurrenten wie Busunternehmer sehen mit der Ma\u00dfnahme massive Einbu\u00dfen verbunden. <\/p>\n<h2>Bahn wirbt f\u00fcr deutschlandweites Fahren<\/h2>\n<p>Die Bahn bereitet sich unabh\u00e4ngig davon auf den Verkauf der Tickets vor und nennt die mobile Nutzung und die deutschlandweite G\u00fcltigkeit als wesentliche Vorteile:<\/p>\n<ul>\n<li>Flatrate: Beliebig viele Fahrten in dem ausgew\u00e4hlten Monat im Nahverkehr<\/li>\n<li>Deutschlandweit fahren<\/li>\n<li>Spontan und mobil: Online und \u00fcber unsere Apps buchbar<\/li>\n<\/ul>\n<p>Nach aktueller Planung wird man das 9-Euro-Ticket vom 23. Mai an somit auch \u00fcber die App DB Navigator kaufen k\u00f6nnen, wahlweise direkt f\u00fcr drei Monate oder jeweils g\u00fcltig ab dem aktuellen Tag bis zum Ende der einzelnen Aktionsmonate.<\/p>\n<p>Vorbehaltlich der noch ausstehenden Entscheidung k\u00fcndigt die Bahn die Ver\u00f6ffentlichung letzter Details ab dem 20. Mai an. \u00dcber den aktuellen Stand der Nutzungsbedingungen k\u00f6nnen sich Bahn-Kunden <a href=\"https:\/\/www.bahn.de\/angebot\/regio\/9-euro-ticket\">hier informieren<\/a>.<img loading=\"lazy\" decoding=\"async\" src=\"https:\/\/vg09.met.vgwort.de\/na\/f6f26655b7234efca4b9076f03a77153\" width=\"1\" height=\"1\" alt=\"\" no-lazy class=\"tracking\"><\/p>\n","protected":false},"excerpt":{"rendered":"<a href=\"https:\/\/www.iphone-ticker.de\/9-euro-ticket-ab-naechster-woche-auch-im-db-navigator-190884\/\"><img width=\"150\" height=\"150\" src=\"https:\/\/images.iphone-ticker.de\/wp-content\/uploads\/2022\/05\/bahn-regio-app-feature-150x150.jpg\" class=\"alignright tfe wp-post-image\" alt=\"Bahn Regio App Feature\" decoding=\"async\" loading=\"lazy\" \/><\/a><p>Das Neun-Euro-Ticket wird von kommender Woche an auch \u00fcber die Bahn erh\u00e4ltlich sein. Das Verkehrsunternehmen hat den Verkaufsstart f\u00fcr den 23. Mai angek\u00fcndigt. Der Vertrieb wird den Planungen zufolge nicht nur \u00fcber die klassischen Verkaufsstellen die Ticketschalter an Bahnh\u00f6fen, sondern zum Vorteil von Besitzern von Mobiltelefonen auch \u00fcber die Bahn-App DB Navigator laufen. Bislang hatten [&hellip;]<\/p>\n","protected":false},"author":2,"featured_media":190887,"comment_status":"open","ping_status":"closed","sticky":false,"template":"","format":"standard","meta":{"footnotes":""},"categories":[39],"tags":[426,1874],"class_list":["post-190884","post","type-post","status-publish","format-standard","has-post-thumbnail","hentry","category-apps","tag-bahn","tag-db-navigator"],"aioseo_notices":[],"subheadline":["Letzte H\u00fcrden noch zu nehmen"],"featured_image":["https:\/\/images.iphone-ticker.de\/wp-content\/uploads\/2022\/05\/bahn-regio-app-feature.jpg"],"rest_api_enabler":{"subheadline":"Letzte H\u00fcrden noch zu nehmen","featured_image":"https:\/\/images.iphone-ticker.de\/wp-content\/uploads\/2022\/05\/bahn-regio-app-feature.jpg"},"_links":{"self":[{"href":"https:\/\/www.iphone-ticker.de\/apiv2\/wp\/v2\/posts\/190884","targetHints":{"allow":["GET"]}}],"collection":[{"href":"https:\/\/www.iphone-ticker.de\/apiv2\/wp\/v2\/posts"}],"about":[{"href":"https:\/\/www.iphone-ticker.de\/apiv2\/wp\/v2\/types\/post"}],"author":[{"embeddable":true,"href":"https:\/\/www.iphone-ticker.de\/apiv2\/wp\/v2\/users\/2"}],"replies":[{"embeddable":true,"href":"https:\/\/www.iphone-ticker.de\/apiv2\/wp\/v2\/comments?post=190884"}],"version-history":[{"count":7,"href":"https:\/\/www.iphone-ticker.de\/apiv2\/wp\/v2\/posts\/190884\/revisions"}],"predecessor-version":[{"id":190893,"href":"https:\/\/www.iphone-ticker.de\/apiv2\/wp\/v2\/posts\/190884\/revisions\/190893"}],"wp:featuredmedia":[{"embeddable":true,"href":"https:\/\/www.iphone-ticker.de\/apiv2\/wp\/v2\/media\/190887"}],"wp:attachment":[{"href":"https:\/\/www.iphone-ticker.de\/apiv2\/wp\/v2\/media?parent=190884"}],"wp:term":[{"taxonomy":"category","embeddable":true,"href":"https:\/\/www.iphone-ticker.de\/apiv2\/wp\/v2\/categories?post=190884"},{"taxonomy":"post_tag","embeddable":true,"href":"https:\/\/www.iphone-ticker.de\/apiv2\/wp\/v2\/tags?post=190884"}],"curies":[{"name":"wp","href":"https:\/\/api.w.org\/{rel}","templated":true}]}}