{"id":190174,"date":"2022-05-02T18:49:43","date_gmt":"2022-05-02T16:49:43","guid":{"rendered":"https:\/\/www.iphone-ticker.de\/?p=190174"},"modified":"2022-05-02T18:53:14","modified_gmt":"2022-05-02T16:53:14","slug":"nach-aus-von-hassmelden-bundesweites-portal-im-anmarsch","status":"publish","type":"post","link":"https:\/\/www.iphone-ticker.de\/nach-aus-von-hassmelden-bundesweites-portal-im-anmarsch-190174\/","title":{"rendered":"Nach Aus von Hassmelden: Bundesweites Portal im Anmarsch"},"content":{"rendered":"<p>ifun.de berichtete am Freitag \u00fcber <a href=\"https:\/\/www.iphone-ticker.de\/hassmelden-app-gegen-online-hetzer-stellt-ihren-dienst-ein-190094\/\">das pl\u00f6tzliche Ende<\/a> der ehrenamtlich gef\u00fchrten Online-Plattform <a href=\"https:\/\/hassmelden.de\/\">Hassmelden.de<\/a>. Diese gestattete Anwendern, die im Netz mit Hetze und Hasskommentare konfrontiert wurden, diese per iPhone-Applikation zu melden und auf eine rechtliche Verwertbarkeit pr\u00fcfen zu lassen.<\/p>\n<p><a href=\"https:\/\/images.iphone-ticker.de\/wp-content\/uploads\/2020\/04\/status-hassmelden.jpg\"><img loading=\"lazy\" decoding=\"async\" class=\"aligncenter size-medium wp-image-156117\" src=\"https:\/\/images.iphone-ticker.de\/wp-content\/uploads\/2020\/04\/status-hassmelden-500x314.jpg\" alt=\"Status Hassmelden\" width=\"500\" height=\"314\" srcset=\"https:\/\/images.iphone-ticker.de\/wp-content\/uploads\/2020\/04\/status-hassmelden-500x314.jpg 500w, https:\/\/images.iphone-ticker.de\/wp-content\/uploads\/2020\/04\/status-hassmelden-700x440.jpg 700w, https:\/\/images.iphone-ticker.de\/wp-content\/uploads\/2020\/04\/status-hassmelden.jpg 1242w\" sizes=\"auto, (max-width: 500px) 100vw, 500px\" \/><\/a><\/p>\n<h2>Pr\u00fcfung auf rechtlich relevante Inhalte<\/h2>\n<p>App und Online-Portal konzentrierten sich dabei nicht etwa auf Twitter-Kurznachrichten und Facebook-Meldungen, sondern nahm alle Inhalte entgehen und sorgte so daf\u00fcr, dass Strafverfolgungsbeh\u00f6rden (hier insbesondere die Zentralstelle zur Bek\u00e4mpfung von Internetkriminalit\u00e4t) nur solche F\u00e4lle auf den Tisch bekommen, die auch wirklich ein Einschreiten der Beh\u00f6rden rechtfertigen.<\/p>\n<ul>\n<li><strong>Hassmelden:<\/strong> <a title=\"Hassmelden: App gegen Online-Hetzer stellt ihren Dienst ein\" href=\"https:\/\/www.iphone-ticker.de\/hassmelden-app-gegen-online-hetzer-stellt-ihren-dienst-ein-190094\/\">App gegen Online-Hetzer stellt ihren Dienst ein<\/a><\/li>\n<\/ul>\n<p>Dem Laien, und dazu z\u00e4hlen wir auch uns, f\u00e4llt die rechtliche Bewertung von Online-Wortmeldungen n\u00e4mlich alles andere als leicht. Hier mal ein Beispiel aus unserem Alltag. Im April 2017 haben wir einen kurzen Eintrag \u00fcber eine neue Funktion der Karten-App Google Maps ver\u00f6ffentlicht. Neu war damals, dass Bewertungen in Landessprache eingef\u00fchrt wurden. Vor einem Jahr erntete unser Artikel dann die folgende Wortmeldung:<\/p>\n<blockquote><p>Was hei\u00dft hier mein Kommentar muss noch freigeschaltet werden? Danke f\u00fcr euer Impressum, ich komme bald mal mit meiner 9mm vorbei und misch euren Laden so richtig auf.<\/p><\/blockquote>\n<p>Der Kommentator schien hier Kritik daran zu \u00fcben, dass seine vorangegangene Wortmeldung aufgrund der Phrase &#8222;armes H\u00e4ufchen Genm\u00fcll&#8220; nicht automatisch freigeschaltet wurde.<\/p>\n<p>Sind diese zwei S\u00e4tze jetzt rechtlich relevant und ein Fall f\u00fcr die Strafverfolger? F\u00fcr genau solche Fragen war Hassmelden die beste Anlaufstelle.<\/p>\n<h2>Justizminister wollen sich beraten<\/h2>\n<p>Nun gibt es das Portal nicht mehr. Die Ehrenamtlichen waren zum Schluss einfach von der Menge der Meldungen \u00fcberfordert. Dass es jedoch Bedarf gibt, scheint mittlerweile auch bei den offiziellen Stellen erkannt worden zu sein.<\/p>\n<p><a href=\"https:\/\/images.iphone-ticker.de\/wp-content\/uploads\/2022\/05\/pressefoto-gallina-3-1400.jpg\"><img loading=\"lazy\" decoding=\"async\" class=\"aligncenter size-large wp-image-190176\" src=\"https:\/\/images.iphone-ticker.de\/wp-content\/uploads\/2022\/05\/pressefoto-gallina-3-1400-700x422.jpg\" alt=\"Pressefoto Gallina 3 1400\" width=\"700\" height=\"422\" srcset=\"https:\/\/images.iphone-ticker.de\/wp-content\/uploads\/2022\/05\/pressefoto-gallina-3-1400-700x422.jpg 700w, https:\/\/images.iphone-ticker.de\/wp-content\/uploads\/2022\/05\/pressefoto-gallina-3-1400-500x301.jpg 500w, https:\/\/images.iphone-ticker.de\/wp-content\/uploads\/2022\/05\/pressefoto-gallina-3-1400.jpg 1400w\" sizes=\"auto, (max-width: 700px) 100vw, 700px\" \/><\/a><\/p>\n<h6>Senatorin Anna Gallina | \u200b\u200b\u200b\u200b\u200b\u200b\u200bSenatskanzlei Hamburg<\/h6>\n<p>So hat sich die <a href=\"https:\/\/justiz.hamburg.de\/justizbehoerde\/\">Hamburgische Justizsenatorin<\/a> Anna Gallina gegen\u00fcber der Deutschen Presseagentur jetzt f\u00fcr die Einf\u00fchrung eines bundesweiten Online-Portals zur Meldung von Hasskommentaren ausgesprochen.<\/p>\n<p>Geplant ist, dass sich <a href=\"https:\/\/www.justiz.bayern.de\/ministerium\/justizministerkonferenz\/\">die 93. Justizministerkonferenz<\/a>, die am 1. und 2. Juni 2022 stattfindet, mit dem Thema befassen und eine entsprechende Beschlussvorlage erarbeiten wird.<\/p>\n<p><img loading=\"lazy\" decoding=\"async\" src=\"https:\/\/vg05.met.vgwort.de\/na\/2cfcd61f50d0480c9ab86c35ead1d5e8\" width=\"1\" height=\"1\" no-lazy class=\"tracking\"><\/p>\n","protected":false},"excerpt":{"rendered":"<a href=\"https:\/\/www.iphone-ticker.de\/nach-aus-von-hassmelden-bundesweites-portal-im-anmarsch-190174\/\"><img width=\"150\" height=\"150\" src=\"https:\/\/images.iphone-ticker.de\/wp-content\/uploads\/2022\/05\/pressefoto-gallina-3-1400-150x150.jpg\" class=\"alignright tfe wp-post-image\" alt=\"Pressefoto Gallina 3 1400\" decoding=\"async\" loading=\"lazy\" \/><\/a><p>ifun.de berichtete am Freitag \u00fcber das pl\u00f6tzliche Ende der ehrenamtlich gef\u00fchrten Online-Plattform Hassmelden.de. Diese gestattete Anwendern, die im Netz mit Hetze und Hasskommentare konfrontiert wurden, diese per iPhone-Applikation zu melden und auf eine rechtliche Verwertbarkeit pr\u00fcfen zu lassen. Pr\u00fcfung auf rechtlich relevante Inhalte App und Online-Portal konzentrierten sich dabei nicht etwa auf Twitter-Kurznachrichten und Facebook-Meldungen, [&hellip;]<\/p>\n","protected":false},"author":1,"featured_media":190176,"comment_status":"open","ping_status":"closed","sticky":false,"template":"","format":"standard","meta":{"footnotes":""},"categories":[1],"tags":[147],"class_list":["post-190174","post","type-post","status-publish","format-standard","has-post-thumbnail","hentry","category-news","tag-recht"],"aioseo_notices":[],"subheadline":["Justizminister wollen sich beraten"],"featured_image":["https:\/\/images.iphone-ticker.de\/wp-content\/uploads\/2021\/02\/hassmelden-feature.jpg"],"rest_api_enabler":{"subheadline":"Justizminister wollen sich beraten","featured_image":"https:\/\/images.iphone-ticker.de\/wp-content\/uploads\/2021\/02\/hassmelden-feature.jpg"},"_links":{"self":[{"href":"https:\/\/www.iphone-ticker.de\/apiv2\/wp\/v2\/posts\/190174","targetHints":{"allow":["GET"]}}],"collection":[{"href":"https:\/\/www.iphone-ticker.de\/apiv2\/wp\/v2\/posts"}],"about":[{"href":"https:\/\/www.iphone-ticker.de\/apiv2\/wp\/v2\/types\/post"}],"author":[{"embeddable":true,"href":"https:\/\/www.iphone-ticker.de\/apiv2\/wp\/v2\/users\/1"}],"replies":[{"embeddable":true,"href":"https:\/\/www.iphone-ticker.de\/apiv2\/wp\/v2\/comments?post=190174"}],"version-history":[{"count":5,"href":"https:\/\/www.iphone-ticker.de\/apiv2\/wp\/v2\/posts\/190174\/revisions"}],"predecessor-version":[{"id":190185,"href":"https:\/\/www.iphone-ticker.de\/apiv2\/wp\/v2\/posts\/190174\/revisions\/190185"}],"wp:featuredmedia":[{"embeddable":true,"href":"https:\/\/www.iphone-ticker.de\/apiv2\/wp\/v2\/media\/190176"}],"wp:attachment":[{"href":"https:\/\/www.iphone-ticker.de\/apiv2\/wp\/v2\/media?parent=190174"}],"wp:term":[{"taxonomy":"category","embeddable":true,"href":"https:\/\/www.iphone-ticker.de\/apiv2\/wp\/v2\/categories?post=190174"},{"taxonomy":"post_tag","embeddable":true,"href":"https:\/\/www.iphone-ticker.de\/apiv2\/wp\/v2\/tags?post=190174"}],"curies":[{"name":"wp","href":"https:\/\/api.w.org\/{rel}","templated":true}]}}