{"id":189776,"date":"2022-04-26T12:30:16","date_gmt":"2022-04-26T10:30:16","guid":{"rendered":"https:\/\/www.iphone-ticker.de\/?p=189776"},"modified":"2022-05-03T15:02:54","modified_gmt":"2022-05-03T13:02:54","slug":"o2-grow-handytarif-mit-jaehrlich-wachsendem-datenvolumen","status":"publish","type":"post","link":"https:\/\/www.iphone-ticker.de\/o2-grow-handytarif-mit-jaehrlich-wachsendem-datenvolumen-189776\/","title":{"rendered":"O2 Grow: Handytarif mit j\u00e4hrlich wachsendem Datenvolumen"},"content":{"rendered":"<p>Telef\u00f3nica hat sich f\u00fcr den anstehenden 20. Geburtstag von <a href=\"https:\/\/www.communicationads.net\/tc.php?t=10906C16024222T\">O2<\/a> eine zumindest au\u00dfergew\u00f6hnliche Werbeaktion einfallen lassen. Mit dem Aktionstarif \u201eO2 Grow\u201c will das Unternehmen den ersten Mobilfunktarif Deutschlands anbieten, dessen Volumen sich mit Blick auf die stetig zunehmende Datennutzung automatisch vergr\u00f6\u00dfert. Mit jedem Jahr der Nutzung steigt das monatlich verf\u00fcgbare Datenvolumen bei O2 Grow um 10 GB an.<\/p>\n<p><a href=\"https:\/\/images.iphone-ticker.de\/wp-content\/uploads\/2022\/04\/o2-grow.jpg\"><img loading=\"lazy\" decoding=\"async\" src=\"https:\/\/images.iphone-ticker.de\/wp-content\/uploads\/2022\/04\/o2-grow-500x282.jpg\" alt=\"O2 Grow\" width=\"500\" height=\"282\" class=\"alignnone size-medium wp-image-189781\" srcset=\"https:\/\/images.iphone-ticker.de\/wp-content\/uploads\/2022\/04\/o2-grow-500x282.jpg 500w, https:\/\/images.iphone-ticker.de\/wp-content\/uploads\/2022\/04\/o2-grow-700x394.jpg 700w, https:\/\/images.iphone-ticker.de\/wp-content\/uploads\/2022\/04\/o2-grow.jpg 1000w\" sizes=\"auto, (max-width: 500px) 100vw, 500px\" \/><\/a><\/p>\n<p>Zum Start beinhaltet O2 Grow neben Mobilfunktarif-Standards wie Telefon- und SMS-Flat in deutsche Netze bereits 40 GB inkludiertes Datenvolumen, das \u00fcber die kommenden 20 Jahre hinweg auf 240 GB anwachsen kann. Die Datennutzung ist dabei auch \u00fcber das 5G-Netz von O2 m\u00f6glich.<\/p>\n<h2>Dank O2 Connect mit 10 Ger\u00e4ten verwendbar<\/h2>\n<p>Besonders interessant mit Blick auf die M\u00f6glichkeit, hier im dreistelligen Gigabyte-Bereich monatliches Datenvolumen anzuh\u00e4ufen, ist die Option, diese Daten mit bis zu zehn mobilen Ger\u00e4ten zu verwenden. O2 verweist hier auf die sogenannte \u201e<a href=\"https:\/\/www.o2online.de\/tarife\/connect\/\">Connect-Option<\/a>\u201c, mit der sich verschiedene Ger\u00e4te wie Smartphones, Tablets oder auch smarte Uhren unter einer Mobilnummer b\u00fcndeln lassen. Dementsprechend bietet der neue Grow-Tarif von O2 die M\u00f6glichkeit, bis zu zwei weitere Multi-SIM-Karten, die dann auch die im Tarif enthaltenen Telefonie- und SMS-Dienste nutzen k\u00f6nnen, sowie sieben weitere SIM-Karten, die dann ausschlie\u00dflich zur Datennutzung berechtigt sind, hinzuzuf\u00fcgen.<\/p>\n<p>O2 Grow wird als Jubil\u00e4umstarif nur \u00fcber einen begrenzten Aktionszeitraum hinweg zur Buchung angeboten. Der Sondertarif ist vom 3 Mai bis zum 5. September \u00fcber alle Vertriebskan\u00e4le des Providers erh\u00e4ltlich und kostet regul\u00e4r 29,99 Euro. Bestandskunden, \u201ejunge Leute\u201c (bei O2 sind das normalerweise Personen unter 29 Jahren) und Kunden ab 60 Jahren erhalten 10 Euro Preisnachlass und bezahlen somit lediglich 19,99 Euro im Monat. Der Tarif ist zudem auch f\u00fcr Selbstst\u00e4ndige und kleine Unternehmer erh\u00e4ltlich. Das auf Jahresbasis wachsende und so angesammelte Datenvolumen bleibt erhalten, solange der Vertrag besteht.<img loading=\"lazy\" decoding=\"async\" src=\"https:\/\/vg09.met.vgwort.de\/na\/529b632b51944cd18ad4a806595e2e4a\" width=\"1\" height=\"1\" alt=\"\" no-lazy class=\"tracking\"><\/p>\n","protected":false},"excerpt":{"rendered":"<a href=\"https:\/\/www.iphone-ticker.de\/o2-grow-handytarif-mit-jaehrlich-wachsendem-datenvolumen-189776\/\"><img width=\"150\" height=\"150\" src=\"https:\/\/images.iphone-ticker.de\/wp-content\/uploads\/2022\/04\/o2-feature-150x150.jpg\" class=\"alignright tfe wp-post-image\" alt=\"O2 Feature\" decoding=\"async\" loading=\"lazy\" \/><\/a><p>Telef\u00f3nica hat sich f\u00fcr den anstehenden 20. Geburtstag von O2 eine zumindest au\u00dfergew\u00f6hnliche Werbeaktion einfallen lassen. Mit dem Aktionstarif \u201eO2 Grow\u201c will das Unternehmen den ersten Mobilfunktarif Deutschlands anbieten, dessen Volumen sich mit Blick auf die stetig zunehmende Datennutzung automatisch vergr\u00f6\u00dfert. Mit jedem Jahr der Nutzung steigt das monatlich verf\u00fcgbare Datenvolumen bei O2 Grow um [&hellip;]<\/p>\n","protected":false},"author":2,"featured_media":189782,"comment_status":"open","ping_status":"closed","sticky":false,"template":"","format":"standard","meta":{"footnotes":""},"categories":[1],"tags":[1190,6041,129,124],"class_list":["post-189776","post","type-post","status-publish","format-standard","has-post-thumbnail","hentry","category-news","tag-datenvolumen","tag-grow","tag-o2","tag-tarif"],"aioseo_notices":[],"subheadline":["Von 40 auf 240 GB im Monat"],"featured_image":["https:\/\/images.iphone-ticker.de\/wp-content\/uploads\/2022\/04\/o2-feature.jpg"],"rest_api_enabler":{"subheadline":"Von 40 auf 240 GB im Monat","featured_image":"https:\/\/images.iphone-ticker.de\/wp-content\/uploads\/2022\/04\/o2-feature.jpg"},"_links":{"self":[{"href":"https:\/\/www.iphone-ticker.de\/apiv2\/wp\/v2\/posts\/189776","targetHints":{"allow":["GET"]}}],"collection":[{"href":"https:\/\/www.iphone-ticker.de\/apiv2\/wp\/v2\/posts"}],"about":[{"href":"https:\/\/www.iphone-ticker.de\/apiv2\/wp\/v2\/types\/post"}],"author":[{"embeddable":true,"href":"https:\/\/www.iphone-ticker.de\/apiv2\/wp\/v2\/users\/2"}],"replies":[{"embeddable":true,"href":"https:\/\/www.iphone-ticker.de\/apiv2\/wp\/v2\/comments?post=189776"}],"version-history":[{"count":6,"href":"https:\/\/www.iphone-ticker.de\/apiv2\/wp\/v2\/posts\/189776\/revisions"}],"predecessor-version":[{"id":190219,"href":"https:\/\/www.iphone-ticker.de\/apiv2\/wp\/v2\/posts\/189776\/revisions\/190219"}],"wp:featuredmedia":[{"embeddable":true,"href":"https:\/\/www.iphone-ticker.de\/apiv2\/wp\/v2\/media\/189782"}],"wp:attachment":[{"href":"https:\/\/www.iphone-ticker.de\/apiv2\/wp\/v2\/media?parent=189776"}],"wp:term":[{"taxonomy":"category","embeddable":true,"href":"https:\/\/www.iphone-ticker.de\/apiv2\/wp\/v2\/categories?post=189776"},{"taxonomy":"post_tag","embeddable":true,"href":"https:\/\/www.iphone-ticker.de\/apiv2\/wp\/v2\/tags?post=189776"}],"curies":[{"name":"wp","href":"https:\/\/api.w.org\/{rel}","templated":true}]}}