{"id":189142,"date":"2022-04-12T11:17:45","date_gmt":"2022-04-12T09:17:45","guid":{"rendered":"https:\/\/www.iphone-ticker.de\/?p=189142"},"modified":"2022-04-12T11:17:59","modified_gmt":"2022-04-12T09:17:59","slug":"ikea-trdfri-bewegungsmelder-als-ausloeser-von-alexa-routinen","status":"publish","type":"post","link":"https:\/\/www.iphone-ticker.de\/ikea-trdfri-bewegungsmelder-als-ausloeser-von-alexa-routinen-189142\/","title":{"rendered":"IKEA TR\u00c5DFRI Bewegungsmelder als Ausl\u00f6ser von Alexa-Routinen"},"content":{"rendered":"<p>Nachdem wir eben erst \u00fcber die M\u00f6glichkeit berichtet haben, den <a href=\"https:\/\/www.iphone-ticker.de\/amazon-smart-air-quality-monitor-mit-erweiterten-optionen-fuer-routinen-188926\/\" title=\"Amazon Smart Air Quality Monitor mit erweiterten Optionen f\u00fcr Routinen\">Luftqualit\u00e4tsmonitor von Amazon in Routinen einzubinden<\/a>, gibt es in diesem Bereich eine weitere Funktionserweiterung zu vermelden. Auch der <a href=\"https:\/\/clk.tradedoubler.com\/click?p=290994&amp;a=747172&amp;url=https%3A%2F%2Fwww.ikea.com%2Fde%2Fde%2Fp%2Ftradfri-funk-bewegungsmelder-weiss-70429913%2F\">Bewegungsmelder von IKEA TR\u00c5DFRI<\/a> kann jetzt als Ausl\u00f6ser f\u00fcr Alexa-Routinen agieren.<\/p>\n<p><a href=\"https:\/\/images.iphone-ticker.de\/wp-content\/uploads\/2022\/04\/ikea-tradfri-bewegungsmelder-alexa-routine.jpg\"><img loading=\"lazy\" decoding=\"async\" src=\"https:\/\/images.iphone-ticker.de\/wp-content\/uploads\/2022\/04\/ikea-tradfri-bewegungsmelder-alexa-routine-500x452.jpg\" alt=\"Ikea Tradfri Bewegungsmelder Alexa Routine\" width=\"500\" height=\"452\" class=\"alignnone size-medium wp-image-189144\" srcset=\"https:\/\/images.iphone-ticker.de\/wp-content\/uploads\/2022\/04\/ikea-tradfri-bewegungsmelder-alexa-routine-500x452.jpg 500w, https:\/\/images.iphone-ticker.de\/wp-content\/uploads\/2022\/04\/ikea-tradfri-bewegungsmelder-alexa-routine-700x633.jpg 700w, https:\/\/images.iphone-ticker.de\/wp-content\/uploads\/2022\/04\/ikea-tradfri-bewegungsmelder-alexa-routine.jpg 1400w\" sizes=\"auto, (max-width: 500px) 100vw, 500px\" \/><\/a><\/p>\n<p>Auf die Erweiterung macht uns ifun.de-Leser Max aufmerksam, der seine IKEA-Bewegungsmelder neuerdings auch als im Rahmen von Routinen verf\u00fcgbare Ausl\u00f6ser in der Alexa-App von Amazon sieht. Auf diese Weise lassen sich einfach und vergleichsweise g\u00fcnstig praktische Automationen wie das automatische Anschalten einer Lampe bei Bewegung realisieren. Voraussetzung ist nat\u00fcrlich, dass ihr IKEA TR\u00c5DFRI wie im Video unten gezeigt mit Amazon Alexa verkn\u00fcpft habt.<\/p>\n<p>Zum Thema Lampen gleich noch der Hinweis, dass IKEA mit dem Modell <a href=\"https:\/\/www.ifun.de\/ikea-nymne-dimmbare-haengeleuchte-mit-trdfri-anbindung-185189\/\" title=\"IKEA NYM\u00c5NE: Dimmbare H\u00e4ngeleuchte mit TR\u00c5DFRI-Anbindung\">NYM\u00c5NE<\/a> seit vergangener Woche eine neue Wei\u00dflicht-H\u00e4ngeleuchte mit TR\u00c5DFRI-Integration anbietet.<\/p>\n<p><div class=\"responsive-video\"><iframe loading=\"lazy\" title=\"IKEA TR\u00c5DFRI Amazon Alexa\" width=\"500\" height=\"281\" src=\"https:\/\/www.youtube-nocookie.com\/embed\/KOg2S0hSjYo?feature=oembed\" frameborder=\"0\" allow=\"accelerometer; autoplay; clipboard-write; encrypted-media; gyroscope; picture-in-picture; web-share\" referrerpolicy=\"strict-origin-when-cross-origin\" allowfullscreen><\/iframe><\/div><\/p>\n","protected":false},"excerpt":{"rendered":"<a href=\"https:\/\/www.iphone-ticker.de\/ikea-trdfri-bewegungsmelder-als-ausloeser-von-alexa-routinen-189142\/\"><img width=\"150\" height=\"150\" src=\"https:\/\/images.iphone-ticker.de\/wp-content\/uploads\/2022\/04\/ikea-und-alexa-bewegungsmelder-150x150.jpg\" class=\"alignright tfe wp-post-image\" alt=\"Ikea Und Alexa Bewegungsmelder\" decoding=\"async\" loading=\"lazy\" \/><\/a><p>Nachdem wir eben erst \u00fcber die M\u00f6glichkeit berichtet haben, den Luftqualit\u00e4tsmonitor von Amazon in Routinen einzubinden, gibt es in diesem Bereich eine weitere Funktionserweiterung zu vermelden. Auch der Bewegungsmelder von IKEA TR\u00c5DFRI kann jetzt als Ausl\u00f6ser f\u00fcr Alexa-Routinen agieren. Auf die Erweiterung macht uns ifun.de-Leser Max aufmerksam, der seine IKEA-Bewegungsmelder neuerdings auch als im Rahmen [&hellip;]<\/p>\n","protected":false},"author":2,"featured_media":189146,"comment_status":"open","ping_status":"closed","sticky":false,"template":"","format":"standard","meta":{"footnotes":""},"categories":[39],"tags":[3383,341,4078],"class_list":["post-189142","post","type-post","status-publish","format-standard","has-post-thumbnail","hentry","category-apps","tag-alexa","tag-ikea","tag-tradfri"],"aioseo_notices":[],"subheadline":["Praktische Funktionserweiterung"],"featured_image":["https:\/\/images.iphone-ticker.de\/wp-content\/uploads\/2022\/04\/ikea-und-alexa-bewegungsmelder.jpg"],"rest_api_enabler":{"subheadline":"Praktische Funktionserweiterung","featured_image":"https:\/\/images.iphone-ticker.de\/wp-content\/uploads\/2022\/04\/ikea-und-alexa-bewegungsmelder.jpg"},"_links":{"self":[{"href":"https:\/\/www.iphone-ticker.de\/apiv2\/wp\/v2\/posts\/189142","targetHints":{"allow":["GET"]}}],"collection":[{"href":"https:\/\/www.iphone-ticker.de\/apiv2\/wp\/v2\/posts"}],"about":[{"href":"https:\/\/www.iphone-ticker.de\/apiv2\/wp\/v2\/types\/post"}],"author":[{"embeddable":true,"href":"https:\/\/www.iphone-ticker.de\/apiv2\/wp\/v2\/users\/2"}],"replies":[{"embeddable":true,"href":"https:\/\/www.iphone-ticker.de\/apiv2\/wp\/v2\/comments?post=189142"}],"version-history":[{"count":4,"href":"https:\/\/www.iphone-ticker.de\/apiv2\/wp\/v2\/posts\/189142\/revisions"}],"predecessor-version":[{"id":189148,"href":"https:\/\/www.iphone-ticker.de\/apiv2\/wp\/v2\/posts\/189142\/revisions\/189148"}],"wp:featuredmedia":[{"embeddable":true,"href":"https:\/\/www.iphone-ticker.de\/apiv2\/wp\/v2\/media\/189146"}],"wp:attachment":[{"href":"https:\/\/www.iphone-ticker.de\/apiv2\/wp\/v2\/media?parent=189142"}],"wp:term":[{"taxonomy":"category","embeddable":true,"href":"https:\/\/www.iphone-ticker.de\/apiv2\/wp\/v2\/categories?post=189142"},{"taxonomy":"post_tag","embeddable":true,"href":"https:\/\/www.iphone-ticker.de\/apiv2\/wp\/v2\/tags?post=189142"}],"curies":[{"name":"wp","href":"https:\/\/api.w.org\/{rel}","templated":true}]}}