{"id":188446,"date":"2022-03-30T12:25:58","date_gmt":"2022-03-30T10:25:58","guid":{"rendered":"https:\/\/www.iphone-ticker.de\/?p=188446"},"modified":"2022-03-30T12:30:40","modified_gmt":"2022-03-30T10:30:40","slug":"warum-erst-jetzt-kein-apple-service-mehr-fuer-geklaute-iphone","status":"publish","type":"post","link":"https:\/\/www.iphone-ticker.de\/warum-erst-jetzt-kein-apple-service-mehr-fuer-geklaute-iphone-188446\/","title":{"rendered":"Warum erst jetzt? Kein Apple-Service mehr f\u00fcr geklaute iPhones"},"content":{"rendered":"<p>Apple wird als gestohlen oder abhanden gekommen gekennzeichnete iPhone-Modelle fortan nicht mehr f\u00fcr Reparatur- und Service-Arbeiten annehmen und die Ger\u00e4te auch von Selbstzahler-Reparaturen ausschlie\u00dfen. Dies geht aus neuen Handlungsanweisungen hervor, die Apple in einem internen Mitarbeiter-Memo unter dem hauseigenen Service-Personal ausgegeben hat.<\/p>\n<p><a href=\"https:\/\/images.iphone-ticker.de\/wp-content\/uploads\/2019\/08\/iphone-reparatur-apple.jpg\"><img loading=\"lazy\" decoding=\"async\" class=\"aligncenter size-medium wp-image-146010\" src=\"https:\/\/images.iphone-ticker.de\/wp-content\/uploads\/2019\/08\/iphone-reparatur-apple-500x290.jpg\" alt=\"Iphone Reparatur Apple\" width=\"500\" height=\"290\" srcset=\"https:\/\/images.iphone-ticker.de\/wp-content\/uploads\/2019\/08\/iphone-reparatur-apple-500x290.jpg 500w, https:\/\/images.iphone-ticker.de\/wp-content\/uploads\/2019\/08\/iphone-reparatur-apple-700x406.jpg 700w, https:\/\/images.iphone-ticker.de\/wp-content\/uploads\/2019\/08\/iphone-reparatur-apple.jpg 1000w\" sizes=\"auto, (max-width: 500px) 100vw, 500px\" \/><\/a><\/p>\n<p>Nach Angaben des Bloggers Joe Rossignol, dem eine Kopie der Handlungsanweisungen <a href=\"https:\/\/www.macrumors.com\/2022\/03\/29\/apple-stores-iphones-reported-missing-policy\/\">vorliegt<\/a>, verweist Apple demnach auf die global eingesetzte <a href=\"https:\/\/www.gsma.com\/services\/deviceregistry\/\">GSMA Device Registry<\/a>, in der Netzbetreiber, Strafverfolgungsbeh\u00f6rden, Handelspartner und Fertigungsbetriebe die individuellen Identifikationsnummern ausgew\u00e4hlter Ger\u00e4te eintragen k\u00f6nnen, die etwa aus Werken oder Lagern von Handelspartnern gestohlen wurden, bei \u00dcberf\u00e4llen abhanden gekommen sind oder f\u00fcr betr\u00fcgerische Zwecke genutzt wurden.<\/p>\n<p>Unklar ist, ob Apple zwischen den m\u00f6glichen Gr\u00fcnden die eine Eintragung im &#8222;GSMA Device Registry&#8220; zur Folge haben k\u00f6nnen unterscheiden, oder die lediglich auf das Vorhandensein der Ger\u00e4te-IMEI \u00fcberpr\u00fcfen wird.<\/p>\n<p>Unklar ist, warum Apple die Abfrage der &#8222;GSMA Device Registry&#8220; erst jetzt mit in den Ablauf der Standard-Reparaturannahme mit aufgenommen hat. Laut Rossignol soll der Schritt die Anzahl der gestohlenen Ger\u00e4te reduzieren, die f\u00fcr Service-Eingriffe in eine Apple-Filiale oder zu einem autorisierten Service-Partner des Unternehmens gebracht werden.<\/p>\n<h2>Aktivierungssperre greift schon jetzt<\/h2>\n<p>Schon jetzt lassen sich gestohlene Ger\u00e4te nicht auf Werkseinstellungen zur\u00fccksetzen und k\u00f6nnen nicht von Apple repariert werden, wenn das Ger\u00e4t <a href=\"https:\/\/support.apple.com\/de-de\/HT201441\">mit einer Aktivierungssperre<\/a> versehen ist. Diese ist grunds\u00e4tzlich an den zur Installation genutzten iCloud-Account gebunden und muss vor dem Verkauf, dem Reparatur-Austausch oder auch dem Trade-In eines gebrauchten iPhones manuell entfernt werden.<\/p>\n<p><img loading=\"lazy\" decoding=\"async\" src=\"https:\/\/vg06.met.vgwort.de\/na\/7581f480c5144ba8b275a194907e49e3\" width=\"1\" height=\"1\" no-lazy class=\"tracking\"><\/p>\n","protected":false},"excerpt":{"rendered":"<a href=\"https:\/\/www.iphone-ticker.de\/warum-erst-jetzt-kein-apple-service-mehr-fuer-geklaute-iphone-188446\/\"><img decoding=\"async\" width=\"150\" src=\"https:\/\/images.iphone-ticker.de\/wp-content\/uploads\/2019\/08\/iphone-reparatur-apple-500x290.jpg\" class=\"alignright wp-post-image tfe\" alt=\"Iphone Reparatur Apple\" title=\"\" \/><\/a><p>Apple wird als gestohlen oder abhanden gekommen gekennzeichnete iPhone-Modelle fortan nicht mehr f\u00fcr Reparatur- und Service-Arbeiten annehmen und die Ger\u00e4te auch von Selbstzahler-Reparaturen ausschlie\u00dfen. Dies geht aus neuen Handlungsanweisungen hervor, die Apple in einem internen Mitarbeiter-Memo unter dem hauseigenen Service-Personal ausgegeben hat. Nach Angaben des Bloggers Joe Rossignol, dem eine Kopie der Handlungsanweisungen vorliegt, verweist [&hellip;]<\/p>\n","protected":false},"author":1,"featured_media":0,"comment_status":"open","ping_status":"closed","sticky":false,"template":"","format":"standard","meta":{"footnotes":""},"categories":[1],"tags":[3912,1427],"class_list":["post-188446","post","type-post","status-publish","format-standard","hentry","category-news","tag-apple","tag-diebstahl"],"aioseo_notices":[],"subheadline":["Mitarbeiter m\u00fcssen Datenbank pr\u00fcfen"],"featured_image":["https:\/\/images.iphone-ticker.de\/wp-content\/uploads\/2021\/11\/iphone-reparatur-apple-feature.jpg"],"rest_api_enabler":{"subheadline":"Mitarbeiter m\u00fcssen Datenbank pr\u00fcfen","featured_image":"https:\/\/images.iphone-ticker.de\/wp-content\/uploads\/2021\/11\/iphone-reparatur-apple-feature.jpg"},"_links":{"self":[{"href":"https:\/\/www.iphone-ticker.de\/apiv2\/wp\/v2\/posts\/188446","targetHints":{"allow":["GET"]}}],"collection":[{"href":"https:\/\/www.iphone-ticker.de\/apiv2\/wp\/v2\/posts"}],"about":[{"href":"https:\/\/www.iphone-ticker.de\/apiv2\/wp\/v2\/types\/post"}],"author":[{"embeddable":true,"href":"https:\/\/www.iphone-ticker.de\/apiv2\/wp\/v2\/users\/1"}],"replies":[{"embeddable":true,"href":"https:\/\/www.iphone-ticker.de\/apiv2\/wp\/v2\/comments?post=188446"}],"version-history":[{"count":3,"href":"https:\/\/www.iphone-ticker.de\/apiv2\/wp\/v2\/posts\/188446\/revisions"}],"predecessor-version":[{"id":188478,"href":"https:\/\/www.iphone-ticker.de\/apiv2\/wp\/v2\/posts\/188446\/revisions\/188478"}],"wp:attachment":[{"href":"https:\/\/www.iphone-ticker.de\/apiv2\/wp\/v2\/media?parent=188446"}],"wp:term":[{"taxonomy":"category","embeddable":true,"href":"https:\/\/www.iphone-ticker.de\/apiv2\/wp\/v2\/categories?post=188446"},{"taxonomy":"post_tag","embeddable":true,"href":"https:\/\/www.iphone-ticker.de\/apiv2\/wp\/v2\/tags?post=188446"}],"curies":[{"name":"wp","href":"https:\/\/api.w.org\/{rel}","templated":true}]}}