{"id":188340,"date":"2022-03-28T17:28:01","date_gmt":"2022-03-28T15:28:01","guid":{"rendered":"https:\/\/www.iphone-ticker.de\/?p=188340"},"modified":"2022-03-28T20:05:04","modified_gmt":"2022-03-28T18:05:04","slug":"ios-15-4-nutzer-klagen-ueber-dauerhaft-schlechte-akku-laufzeiten","status":"publish","type":"post","link":"https:\/\/www.iphone-ticker.de\/ios-15-4-nutzer-klagen-ueber-dauerhaft-schlechte-akku-laufzeiten-188340\/","title":{"rendered":"iOS 15.4: Nutzer klagen \u00fcber dauerhaft schlechte Akku-Laufzeiten"},"content":{"rendered":"<p>Auch zwei Wochen nach der <a href=\"https:\/\/www.iphone-ticker.de\/ios-15-4-ist-da-alle-neuerungen-im-ueberblick-187541\/\" title=\"iOS 15.4 ist da \u2013 Alle Neuerungen im \u00dcberblick\">Freigabe von iOS 15.4<\/a> sehen sich zahlreiche iPhone-Besitzer konstant mit verk\u00fcrzten Akku-Laufzeiten ihrer Ger\u00e4te konfrontiert. Infolgedessen dr\u00e4ngt sich unvermeidbar die Frage auf, ob wir es hier nicht tats\u00e4chlich mit Folgen der Aktualisierung zu tun haben und Apple entsprechend nachbessern muss.<\/p>\n<blockquote class=\"twitter-tweet\">\n<p lang=\"en\" dir=\"ltr\">Thanks for reaching out! We&#39;ll be happy to help. It&#39;s normal for your apps and features to need to adjust up to 48 hours after an update.<\/p>\n<p>Let&#39;s have you reach out to us in a DM if this is still an issue after that time so we can help you look into this further.<\/p>\n<p>&mdash; Apple Support (@AppleSupport) <a href=\"https:\/\/twitter.com\/AppleSupport\/status\/1505275496837357573?ref_src=twsrc%5Etfw\">March 19, 2022<\/a><\/p><\/blockquote>\n<p> <script async src=\"https:\/\/platform.twitter.com\/widgets.js\" charset=\"utf-8\"><\/script><\/p>\n<p>Grunds\u00e4tzlich hat man sich ja bereits daran gew\u00f6hnt, dass es im Anschluss an Softwareupdates immer auch negative Berichte mit Blick auf die Akku-Laufzeit der Ger\u00e4te die Runde machen, was allerdings immer mit entsprechender Vorsicht zu genie\u00dfen ist. Als Ursache kommen neben einer oft auch verst\u00e4rkten Nutzung der Ger\u00e4te aufgrund von neuen Funktionen in der Regel auch interne Prozesse und Neuberechnungen in Frage.<\/p>\n<p>Apple selbst hat dergleichen aktuell einmal mehr best\u00e4tigt und weist verbunden auf den Umstand hin, dass es bis zu 48 Stunden Zeit in Anspruch nehmen k\u00f6nne, biss alle Apps und Funktionen nach einem Update angepasst sind.<\/p>\n<h2>Teils h\u00e4lt der iPhone-Akku keinen Arbeitstag mehr<\/h2>\n<p>Diese 48 Stunden haben allerdings jene Nutzer, die sich seit der Installation von iOS 15.4 mit deutlichen Einbu\u00dfen bei der Akku-Laufzeit konfrontiert sehen, in der Regel mittlerweile deutlich \u00fcberschritten. Teils schaffen die Akkus aktueller Ger\u00e4te, die fr\u00fcher locker mal anderthalb Tage auf sich genommen haben, kaum noch einen regul\u00e4ren Arbeitstag.<\/p>\n<p>Wenn wir auf die hier vorliegenden E-Mails von Lesern und auch eigene Erfahrungswerte blicken, finden sich die verschlechterten Akku-Laufzeiten auf unterschiedlichen Ger\u00e4ten quer durch Apples iPhone-Palette wieder. Besonders drastisch fallen allerdings die Berichte hinsichtlich der bislang in diesem Bereich ausgesprochen robuste Pro-Modelle der letzten beiden Generationen aus.<\/p>\n<p>Es bleibt abzuwarten, ob sich hier mit einem kommenden iOS-Update wieder Besserung einstellt. Bis dahin muss das iPhone entweder \u00f6fter ans Ladeger\u00e4t, oder ihr verzichtet auf energiehungrige Funktionen <a href=\"https:\/\/www.iphone-ticker.de\/iphone-13-und-se-bis-zu-25-stunden-mehr-akkulaufzeit-ohne-5g-188298\/\">wie etwa den 5G-Empfang<\/a>.<img loading=\"lazy\" decoding=\"async\" src=\"https:\/\/vg04.met.vgwort.de\/na\/a4de92b475b64615aa667346673de440\" width=\"1\" height=\"1\" alt=\"\" no-lazy class=\"tracking\"><\/p>\n","protected":false},"excerpt":{"rendered":"<a href=\"https:\/\/www.iphone-ticker.de\/ios-15-4-nutzer-klagen-ueber-dauerhaft-schlechte-akku-laufzeiten-188340\/\"><img decoding=\"async\" width=\"150\" src=\"https:\/\/vg04.met.vgwort.de\/na\/a4de92b475b64615aa667346673de440\" class=\"alignright wp-post-image tfe\" alt=\"\" title=\"\" \/><\/a><p>Auch zwei Wochen nach der Freigabe von iOS 15.4 sehen sich zahlreiche iPhone-Besitzer konstant mit verk\u00fcrzten Akku-Laufzeiten ihrer Ger\u00e4te konfrontiert. Infolgedessen dr\u00e4ngt sich unvermeidbar die Frage auf, ob wir es hier nicht tats\u00e4chlich mit Folgen der Aktualisierung zu tun haben und Apple entsprechend nachbessern muss. Thanks for reaching out! We&#39;ll be happy to help. It&#39;s [&hellip;]<\/p>\n","protected":false},"author":2,"featured_media":0,"comment_status":"open","ping_status":"closed","sticky":false,"template":"","format":"standard","meta":{"footnotes":""},"categories":[749],"tags":[27,5957,344],"class_list":["post-188340","post","type-post","status-publish","format-standard","hentry","category-iphone-2","tag-akku","tag-ios-15-4","tag-iphone"],"aioseo_notices":[],"subheadline":["Teils muss man mehrfach nachladen"],"featured_image":["https:\/\/images.iphone-ticker.de\/wp-content\/uploads\/2022\/03\/iphone-se-lifestyle-feature.jpg"],"rest_api_enabler":{"subheadline":"Teils muss man mehrfach nachladen","featured_image":"https:\/\/images.iphone-ticker.de\/wp-content\/uploads\/2022\/03\/iphone-se-lifestyle-feature.jpg"},"_links":{"self":[{"href":"https:\/\/www.iphone-ticker.de\/apiv2\/wp\/v2\/posts\/188340","targetHints":{"allow":["GET"]}}],"collection":[{"href":"https:\/\/www.iphone-ticker.de\/apiv2\/wp\/v2\/posts"}],"about":[{"href":"https:\/\/www.iphone-ticker.de\/apiv2\/wp\/v2\/types\/post"}],"author":[{"embeddable":true,"href":"https:\/\/www.iphone-ticker.de\/apiv2\/wp\/v2\/users\/2"}],"replies":[{"embeddable":true,"href":"https:\/\/www.iphone-ticker.de\/apiv2\/wp\/v2\/comments?post=188340"}],"version-history":[{"count":3,"href":"https:\/\/www.iphone-ticker.de\/apiv2\/wp\/v2\/posts\/188340\/revisions"}],"predecessor-version":[{"id":188350,"href":"https:\/\/www.iphone-ticker.de\/apiv2\/wp\/v2\/posts\/188340\/revisions\/188350"}],"wp:attachment":[{"href":"https:\/\/www.iphone-ticker.de\/apiv2\/wp\/v2\/media?parent=188340"}],"wp:term":[{"taxonomy":"category","embeddable":true,"href":"https:\/\/www.iphone-ticker.de\/apiv2\/wp\/v2\/categories?post=188340"},{"taxonomy":"post_tag","embeddable":true,"href":"https:\/\/www.iphone-ticker.de\/apiv2\/wp\/v2\/tags?post=188340"}],"curies":[{"name":"wp","href":"https:\/\/api.w.org\/{rel}","templated":true}]}}