{"id":187719,"date":"2022-03-17T07:20:41","date_gmt":"2022-03-17T06:20:41","guid":{"rendered":"https:\/\/www.iphone-ticker.de\/?p=187719"},"modified":"2022-03-17T07:21:34","modified_gmt":"2022-03-17T06:21:34","slug":"cad-grafiken-zeigen-die-kommenden-iphone-14-modelle","status":"publish","type":"post","link":"https:\/\/www.iphone-ticker.de\/cad-grafiken-zeigen-die-kommenden-iphone-14-modelle-187719\/","title":{"rendered":"CAD-Grafiken zeigen die kommenden iPhone-14-Modelle"},"content":{"rendered":"<p>Der Ausblick auf die kommenden iPhone-14-Modelle wird konkreter. Nachdem wir bereits geh\u00f6rt haben, dass Apple anstelle des iPhone mini fortan auch die Basisvariante <a href=\"https:\/\/www.iphone-ticker.de\/iphone-14-wieder-4-neue-modelle-aber-kein-mini-187594\/\">in den Gr\u00f6\u00dfen Standard und Max<\/a> anbieten will, liegen nun die ersten CAD-Grafiken zu den kommenden Ger\u00e4ten vor. Die Daten hierf\u00fcr stammen offenbar aus dem Umfeld von Apples Produktionspartnern und sollten bereits einen einigerma\u00dfen realistischen Ausblick auf die f\u00fcr Herbst erwarteten Ger\u00e4te erm\u00f6glichen.<\/p>\n<p>F\u00fcr einen besseren Vergleich zwischen den beiden Varianten stellen wir im Folgenden die von den f\u00fcr solche Vorabver\u00f6ffentlichungen bekannten Webseiten <a href=\"https:\/\/www.91mobiles.com\/hub\/iphone-14-pro-cad-renders-design-exclusive\/\">91mobiles<\/a> und <a href=\"https:\/\/www.mysmartprice.com\/gear\/exclusive-iphone-14-cad-renders-revealed-design-dual-cameras\/\">mysmartprice<\/a> ver\u00f6ffentlichten Grafiken jeweils gegen\u00fcber &#8211; die eine Seite hatten Bilder zum iPhone 14 Pro und die andere zur Standardversion.<\/p>\n<p><a href=\"https:\/\/images.iphone-ticker.de\/wp-content\/uploads\/2022\/03\/iPhone-14-front.jpg\"><img loading=\"lazy\" decoding=\"async\" src=\"https:\/\/images.iphone-ticker.de\/wp-content\/uploads\/2022\/03\/iPhone-14-front-700x551.jpg\" alt=\"IPhone 14 Front\" width=\"700\" height=\"551\" class=\"alignnone size-large wp-image-187725\" srcset=\"https:\/\/images.iphone-ticker.de\/wp-content\/uploads\/2022\/03\/iPhone-14-front-700x551.jpg 700w, https:\/\/images.iphone-ticker.de\/wp-content\/uploads\/2022\/03\/iPhone-14-front-500x394.jpg 500w, https:\/\/images.iphone-ticker.de\/wp-content\/uploads\/2022\/03\/iPhone-14-front.jpg 800w\" sizes=\"auto, (max-width: 700px) 100vw, 700px\" \/><\/a><\/p>\n<p>Die Abbildungen der Frontpartie machen auch deutlich, dass Apple bis auf die \u00c4nderungen im Sensorbereich des iPhone 14 Pro wohl im Wesentlichen am aktuellen Design der Ger\u00e4te festh\u00e4lt. Die kantige Form mit geraden Seiten wird uns wohl noch mindestens ein weiteres Jahr erhalten bleiben.<\/p>\n<p>Allem voran ist mit Blick auf die Modelle des iPhone 14 und iPhone 14 Pro bemerkenswert, dass die Sensoraussparung \u201eNotch\u201c wohl nur bei den Pro-Modellen wegf\u00e4llt. W\u00e4hrend hier eine dezentere Kombination aus \u201ePille und Loch\u201c am oberen Bildschirmrand erwartet wird, zeigt sich auf den Standardger\u00e4ten an dieser Stelle noch die deutlich gr\u00f6\u00dfere, schwarze Bildschirmeinkerbung. Beim iPhone 14 Pro bekommt die Frontkamera demnach ein kleines, kreisrundes Loch f\u00fcr das Objektiv direkt im Bildschirm w\u00e4hrend die restlichen Sensoren in einer pillenf\u00f6rmigen Aussparung daneben liegen. Der H\u00f6rer-Lautsprecher bleibt oben im Rand des Ger\u00e4ts integriert.<\/p>\n<p><a href=\"https:\/\/images.iphone-ticker.de\/wp-content\/uploads\/2022\/03\/iPhone-14-hinten-kamera.jpg\"><img loading=\"lazy\" decoding=\"async\" src=\"https:\/\/images.iphone-ticker.de\/wp-content\/uploads\/2022\/03\/iPhone-14-hinten-kamera-700x551.jpg\" alt=\"IPhone 14 Hinten Kamera\" width=\"700\" height=\"551\" class=\"alignnone size-large wp-image-187724\" srcset=\"https:\/\/images.iphone-ticker.de\/wp-content\/uploads\/2022\/03\/iPhone-14-hinten-kamera-700x551.jpg 700w, https:\/\/images.iphone-ticker.de\/wp-content\/uploads\/2022\/03\/iPhone-14-hinten-kamera-500x394.jpg 500w, https:\/\/images.iphone-ticker.de\/wp-content\/uploads\/2022\/03\/iPhone-14-hinten-kamera.jpg 800w\" sizes=\"auto, (max-width: 700px) 100vw, 700px\" \/><\/a><\/p>\n<h2>Lightning-Anschluss bleibt erhalten<\/h2>\n<p>Damit verbunden wird auch mit Blick auf die seitlichen Kanten sowie die Ober- und Unterseite der Ger\u00e4te wohl alles weitgehend unver\u00e4ndert bleiben. Dies betrifft auch den Lightning-Anschluss &#8211; hier wird ja immer wieder \u00fcber einen kompletten Wegfall oder auch eine Umstellung auf USB-C spekuliert. Zumindest in diesem Jahr scheint diesbez\u00fcglich allerdings keine \u00c4nderung geplant.<\/p>\n<p><a href=\"https:\/\/images.iphone-ticker.de\/wp-content\/uploads\/2022\/03\/iphone-14-seiten.jpg\"><img loading=\"lazy\" decoding=\"async\" src=\"https:\/\/images.iphone-ticker.de\/wp-content\/uploads\/2022\/03\/iphone-14-seiten-700x376.jpg\" alt=\"Iphone 14 Seiten\" width=\"700\" height=\"376\" class=\"alignnone size-large wp-image-187729\" srcset=\"https:\/\/images.iphone-ticker.de\/wp-content\/uploads\/2022\/03\/iphone-14-seiten-700x376.jpg 700w, https:\/\/images.iphone-ticker.de\/wp-content\/uploads\/2022\/03\/iphone-14-seiten-500x268.jpg 500w, https:\/\/images.iphone-ticker.de\/wp-content\/uploads\/2022\/03\/iphone-14-seiten.jpg 1400w\" sizes=\"auto, (max-width: 700px) 100vw, 700px\" \/><\/a><\/p>\n<p><a href=\"https:\/\/images.iphone-ticker.de\/wp-content\/uploads\/2022\/03\/iphone-14-pro-seiten.jpg\"><img loading=\"lazy\" decoding=\"async\" src=\"https:\/\/images.iphone-ticker.de\/wp-content\/uploads\/2022\/03\/iphone-14-pro-seiten-700x368.jpg\" alt=\"Iphone 14 Pro Seiten\" width=\"700\" height=\"368\" class=\"alignnone size-large wp-image-187731\" srcset=\"https:\/\/images.iphone-ticker.de\/wp-content\/uploads\/2022\/03\/iphone-14-pro-seiten-700x368.jpg 700w, https:\/\/images.iphone-ticker.de\/wp-content\/uploads\/2022\/03\/iphone-14-pro-seiten-500x263.jpg 500w, https:\/\/images.iphone-ticker.de\/wp-content\/uploads\/2022\/03\/iphone-14-pro-seiten.jpg 1400w\" sizes=\"auto, (max-width: 700px) 100vw, 700px\" \/><\/a><br \/>\n<img loading=\"lazy\" decoding=\"async\" src=\"https:\/\/vg01.met.vgwort.de\/na\/af51a042ea0e4742b75e111f6cd31335\" width=\"1\" height=\"1\" alt=\"\" no-lazy class=\"tracking\"><\/p>\n","protected":false},"excerpt":{"rendered":"<a href=\"https:\/\/www.iphone-ticker.de\/cad-grafiken-zeigen-die-kommenden-iphone-14-modelle-187719\/\"><img width=\"150\" height=\"150\" src=\"https:\/\/images.iphone-ticker.de\/wp-content\/uploads\/2022\/03\/iphone-14-pro-ohne-notch-feature-150x150.jpg\" class=\"alignright tfe wp-post-image\" alt=\"Iphone 14 Pro Ohne Notch Feature\" decoding=\"async\" loading=\"lazy\" \/><\/a><p>Der Ausblick auf die kommenden iPhone-14-Modelle wird konkreter. Nachdem wir bereits geh\u00f6rt haben, dass Apple anstelle des iPhone mini fortan auch die Basisvariante in den Gr\u00f6\u00dfen Standard und Max anbieten will, liegen nun die ersten CAD-Grafiken zu den kommenden Ger\u00e4ten vor. Die Daten hierf\u00fcr stammen offenbar aus dem Umfeld von Apples Produktionspartnern und sollten bereits [&hellip;]<\/p>\n","protected":false},"author":2,"featured_media":187735,"comment_status":"open","ping_status":"closed","sticky":false,"template":"","format":"standard","meta":{"footnotes":""},"categories":[749],"tags":[5781],"class_list":["post-187719","post","type-post","status-publish","format-standard","has-post-thumbnail","hentry","category-iphone-2","tag-iphone-14"],"aioseo_notices":[],"subheadline":["Nur das Pro ohne \"Notch\""],"featured_image":["https:\/\/images.iphone-ticker.de\/wp-content\/uploads\/2022\/03\/iphone-14-pro-ohne-notch-feature.jpg"],"rest_api_enabler":{"subheadline":"Nur das Pro ohne \"Notch\"","featured_image":"https:\/\/images.iphone-ticker.de\/wp-content\/uploads\/2022\/03\/iphone-14-pro-ohne-notch-feature.jpg"},"_links":{"self":[{"href":"https:\/\/www.iphone-ticker.de\/apiv2\/wp\/v2\/posts\/187719","targetHints":{"allow":["GET"]}}],"collection":[{"href":"https:\/\/www.iphone-ticker.de\/apiv2\/wp\/v2\/posts"}],"about":[{"href":"https:\/\/www.iphone-ticker.de\/apiv2\/wp\/v2\/types\/post"}],"author":[{"embeddable":true,"href":"https:\/\/www.iphone-ticker.de\/apiv2\/wp\/v2\/users\/2"}],"replies":[{"embeddable":true,"href":"https:\/\/www.iphone-ticker.de\/apiv2\/wp\/v2\/comments?post=187719"}],"version-history":[{"count":10,"href":"https:\/\/www.iphone-ticker.de\/apiv2\/wp\/v2\/posts\/187719\/revisions"}],"predecessor-version":[{"id":187737,"href":"https:\/\/www.iphone-ticker.de\/apiv2\/wp\/v2\/posts\/187719\/revisions\/187737"}],"wp:featuredmedia":[{"embeddable":true,"href":"https:\/\/www.iphone-ticker.de\/apiv2\/wp\/v2\/media\/187735"}],"wp:attachment":[{"href":"https:\/\/www.iphone-ticker.de\/apiv2\/wp\/v2\/media?parent=187719"}],"wp:term":[{"taxonomy":"category","embeddable":true,"href":"https:\/\/www.iphone-ticker.de\/apiv2\/wp\/v2\/categories?post=187719"},{"taxonomy":"post_tag","embeddable":true,"href":"https:\/\/www.iphone-ticker.de\/apiv2\/wp\/v2\/tags?post=187719"}],"curies":[{"name":"wp","href":"https:\/\/api.w.org\/{rel}","templated":true}]}}