{"id":187010,"date":"2022-03-03T11:24:39","date_gmt":"2022-03-03T10:24:39","guid":{"rendered":"https:\/\/www.iphone-ticker.de\/?p=187010"},"modified":"2022-03-03T11:24:39","modified_gmt":"2022-03-03T10:24:39","slug":"ikea-trdfri-mit-neuer-klarglas-birne-mit-e27-fassung","status":"publish","type":"post","link":"https:\/\/www.iphone-ticker.de\/ikea-trdfri-mit-neuer-klarglas-birne-mit-e27-fassung-187010\/","title":{"rendered":"IKEA TR\u00c5DFRI mit neuer Klarglas-&#8222;Birne&#8220; mit E27-Fassung"},"content":{"rendered":"<p>IKEA erweitert sein Angebot an per App steuerbaren Leuchtmitteln um eine interessante Neuerung. Die <a href=\"https:\/\/clk.tradedoubler.com\/click?p=290994&amp;a=747172&amp;url=https%3A%2F%2Fwww.ikea.com%2Fde%2Fde%2Fp%2Ftradfri-led-leuchtmittel-e27-806-lm-kabellos-dimmbar-weissspektrum-rund-klar-30486788%2F\">TR\u00c5DFRI E27-Lampe LED2004G8<\/a> verf\u00fcgt \u00fcber einen Kopf aus Klarglas, in dem sich ein modern anmutender Leuchtk\u00f6rper befindet. Bislang hie\u00df es bei den TR\u00c5DFRI-LEDs branchen\u00fcblich ja entweder matt oder In Filament-Retro-Optik.<\/p>\n<p><a href=\"https:\/\/images.iphone-ticker.de\/wp-content\/uploads\/2022\/03\/tradfri-led-leuchtmittel-e27-806-lm-kabellos-dimmbar-weissspektrum-rund-klar__0962668_pe808185_s5.jpg\"><img loading=\"lazy\" decoding=\"async\" src=\"https:\/\/images.iphone-ticker.de\/wp-content\/uploads\/2022\/03\/tradfri-led-leuchtmittel-e27-806-lm-kabellos-dimmbar-weissspektrum-rund-klar__0962668_pe808185_s5.jpg\" alt=\"Tradfri Led Leuchtmittel E27 806 Lm Kabellos Dimmbar Weissspektrum Rund Klar 0962668 Pe808185 S5\" width=\"500\" height=\"608\" class=\"alignnone size-full wp-image-187012\" srcset=\"https:\/\/images.iphone-ticker.de\/wp-content\/uploads\/2022\/03\/tradfri-led-leuchtmittel-e27-806-lm-kabellos-dimmbar-weissspektrum-rund-klar__0962668_pe808185_s5.jpg 675w, https:\/\/images.iphone-ticker.de\/wp-content\/uploads\/2022\/03\/tradfri-led-leuchtmittel-e27-806-lm-kabellos-dimmbar-weissspektrum-rund-klar__0962668_pe808185_s5-411x500.jpg 411w, https:\/\/images.iphone-ticker.de\/wp-content\/uploads\/2022\/03\/tradfri-led-leuchtmittel-e27-806-lm-kabellos-dimmbar-weissspektrum-rund-klar__0962668_pe808185_s5-576x700.jpg 576w\" sizes=\"auto, (max-width: 500px) 100vw, 500px\" \/><\/a><\/p>\n<p>Die neue IKEA-Lampe versteckt ihre LED-Komponenten in einem zentral angeordneten Ring und sieht den Produktfotos nach zu urteilen auch im ausgeschalteten Zustand ganz nett aus. Zudem bewegt sich die Neuvorstellung aus dem TR\u00c5DFRI -Programm mit 12,99 Euro auch preislich in absolut vertr\u00e4glichen Dimensionen.<\/p>\n<p>IKEA gibt die Lichtfarbe der dimmbaren Wei\u00dflichtlampe mit zwischen behaglichem Warmwei\u00df (2200K), Warmwei\u00df (2700K) und Neutralwei\u00df (4000K) an. Die Lichtst\u00e4rke wird mit 805 Lumen angegeben und entspricht einer klassischen 60-Watt-Lampe.<\/p>\n<p>TR\u00c5DFRI-Neueinsteiger ben\u00f6tigen f\u00fcr die HomeKit-Anbindung und App-Steuerung noch ein <a href=\"https:\/\/clk.tradedoubler.com\/click?p=290994&amp;a=747172&amp;url=https%3A%2F%2Fwww.ikea.com%2Fde%2Fde%2Fsearch%2Fproducts%2F%3Fq%3Dtradfri\">passendes Gateway<\/a>.<\/p>\n","protected":false},"excerpt":{"rendered":"<a href=\"https:\/\/www.iphone-ticker.de\/ikea-trdfri-mit-neuer-klarglas-birne-mit-e27-fassung-187010\/\"><img width=\"150\" height=\"150\" src=\"https:\/\/images.iphone-ticker.de\/wp-content\/uploads\/2022\/03\/ikea-smarthome-feature-150x150.jpg\" class=\"alignright tfe wp-post-image\" alt=\"Ikea Smarthome Feature\" decoding=\"async\" loading=\"lazy\" \/><\/a><p>IKEA erweitert sein Angebot an per App steuerbaren Leuchtmitteln um eine interessante Neuerung. Die TR\u00c5DFRI E27-Lampe LED2004G8 verf\u00fcgt \u00fcber einen Kopf aus Klarglas, in dem sich ein modern anmutender Leuchtk\u00f6rper befindet. Bislang hie\u00df es bei den TR\u00c5DFRI-LEDs branchen\u00fcblich ja entweder matt oder In Filament-Retro-Optik. Die neue IKEA-Lampe versteckt ihre LED-Komponenten in einem zentral angeordneten Ring [&hellip;]<\/p>\n","protected":false},"author":2,"featured_media":187013,"comment_status":"open","ping_status":"closed","sticky":false,"template":"","format":"standard","meta":{"footnotes":""},"categories":[1],"tags":[341,1838,4078],"class_list":["post-187010","post","type-post","status-publish","format-standard","has-post-thumbnail","hentry","category-news","tag-ikea","tag-smarthome","tag-tradfri"],"aioseo_notices":[],"subheadline":["Smarte Beleuchtung"],"featured_image":["https:\/\/images.iphone-ticker.de\/wp-content\/uploads\/2022\/03\/ikea-smarthome-feature.jpg"],"rest_api_enabler":{"subheadline":"Smarte Beleuchtung","featured_image":"https:\/\/images.iphone-ticker.de\/wp-content\/uploads\/2022\/03\/ikea-smarthome-feature.jpg"},"_links":{"self":[{"href":"https:\/\/www.iphone-ticker.de\/apiv2\/wp\/v2\/posts\/187010","targetHints":{"allow":["GET"]}}],"collection":[{"href":"https:\/\/www.iphone-ticker.de\/apiv2\/wp\/v2\/posts"}],"about":[{"href":"https:\/\/www.iphone-ticker.de\/apiv2\/wp\/v2\/types\/post"}],"author":[{"embeddable":true,"href":"https:\/\/www.iphone-ticker.de\/apiv2\/wp\/v2\/users\/2"}],"replies":[{"embeddable":true,"href":"https:\/\/www.iphone-ticker.de\/apiv2\/wp\/v2\/comments?post=187010"}],"version-history":[{"count":2,"href":"https:\/\/www.iphone-ticker.de\/apiv2\/wp\/v2\/posts\/187010\/revisions"}],"predecessor-version":[{"id":187014,"href":"https:\/\/www.iphone-ticker.de\/apiv2\/wp\/v2\/posts\/187010\/revisions\/187014"}],"wp:featuredmedia":[{"embeddable":true,"href":"https:\/\/www.iphone-ticker.de\/apiv2\/wp\/v2\/media\/187013"}],"wp:attachment":[{"href":"https:\/\/www.iphone-ticker.de\/apiv2\/wp\/v2\/media?parent=187010"}],"wp:term":[{"taxonomy":"category","embeddable":true,"href":"https:\/\/www.iphone-ticker.de\/apiv2\/wp\/v2\/categories?post=187010"},{"taxonomy":"post_tag","embeddable":true,"href":"https:\/\/www.iphone-ticker.de\/apiv2\/wp\/v2\/tags?post=187010"}],"curies":[{"name":"wp","href":"https:\/\/api.w.org\/{rel}","templated":true}]}}